{"id":21927,"date":"2020-11-29T03:34:51","date_gmt":"2020-11-28T23:34:51","guid":{"rendered":"https:\/\/fedai.az\/?p=21927"},"modified":"2020-11-29T03:34:53","modified_gmt":"2020-11-28T23:34:53","slug":"qarabag-general-qubernatorlugunun-yaradilmasindan-101-ci-ili-ugurlu-oldu","status":"publish","type":"post","link":"https:\/\/fedai.az\/?p=21927","title":{"rendered":"QARABA\u011e GENERAL QUBERNATORLU\u011eUNUN YARADILMASINDAN 101- C\u0130 \u0130L\u0130 U\u011eURLU OLDU"},"content":{"rendered":"\n<p><strong><br><\/strong><\/p>\n\n\n\n<div class=\"wp-block-media-text alignwide is-stacked-on-mobile\" style=\"grid-template-columns:23% auto\"><figure class=\"wp-block-media-text__media\"><img loading=\"lazy\" decoding=\"async\" width=\"250\" height=\"367\" src=\"https:\/\/fedai.az\/wp-content\/uploads\/2020\/11\/6O5NJL-1.jpg\" alt=\"\" class=\"wp-image-21929\" srcset=\"https:\/\/fedai.az\/wp-content\/uploads\/2020\/11\/6O5NJL-1.jpg 250w, https:\/\/fedai.az\/wp-content\/uploads\/2020\/11\/6O5NJL-1-204x300.jpg 204w, https:\/\/fedai.az\/wp-content\/uploads\/2020\/11\/6O5NJL-1-102x150.jpg 102w\" sizes=\"auto, (max-width: 250px) 100vw, 250px\" \/><\/figure><div class=\"wp-block-media-text__content\">\n<p class=\"has-large-font-size\"><strong>Xosrov b\u0259y Sultanov<\/strong>, General Qubernator<\/p>\n\n\n\n<p><strong>101 il bundan \u00f6nc\u0259 1919-cu ilin yanvar ay\u0131n\u0131n 15 &#8212; d\u0259 Az\u0259rbaycan C\u00fcmhuriyy\u0259ti h\u00f6k\u00fcm\u0259ti t\u0259r\u0259find\u0259n Qaraba\u011f general- qubernatorlu\u011fu yaran\u0131b.<\/strong><\/p>\n<\/div><\/div>\n\n\n\n<p><strong><br><\/strong>Az\u0259rbaycan C\u00fcmhuriyy\u0259ti h\u00f6kum\u0259ti 1919-cu il yanvar ay\u0131n\u0131n 15-d\u0259 ke\u00e7irmi\u015f iclas\u0131nda daxili i\u015fl\u0259r naziri X\u0259lil b\u0259y Xasm\u0259mm\u0259dovun m\u0259ruz\u0259sini dinl\u0259y\u0259r\u0259k \u0259trafl\u0131 m\u00fczakir\u0259 edir. \u015eu\u015fa, Cavan\u015fir, C\u0259bray\u0131l v\u0259 Z\u0259ng\u0259zur q\u0259zalar\u0131 \u0259razil\u0259rinin h\u00fcdudlar\u0131nda m\u00fcv\u0259qq\u0259ti general-qubernatorluq v\u0259zif\u0259sini t\u0259sis etm\u0259k v\u0259 m\u0259ruz\u0259d\u0259 g\u00f6st\u0259ril\u0259n h\u00fcquq v\u0259 v\u0259zif\u0259l\u0259rin yerin\u0259 yetirilm\u0259si v\u0259zif\u0259sinin d\u0259 ona h\u0259val\u0259 olunmas\u0131 bar\u0259d\u0259 q\u0259rar q\u0259bul edir. M\u00fcv\u0259qq\u0259ti general-qubernator v\u0259zif\u0259sin\u0259 namiz\u0259d tapmaq, habel\u0259 general-qubernatorluq v\u0259 onun yan\u0131nda xalq milisinin saxlan\u0131lmas\u0131 \u00fc\u00e7\u00fcn laz\u0131m olan v\u0259sait x\u0259rcl\u0259rinin smetalar\u0131n\u0131n layih\u0259l\u0259rini haz\u0131rlamaq i\u015fi d\u0259 daxili i\u015fl\u0259r nazirliyin\u0259 h\u0259val\u0259 olunur.<\/p>\n\n\n\n<p>\u015eu\u015fa, Cavan\u015fir, C\u0259bray\u0131l v\u0259 Z\u0259ng\u0259zur q\u0259zalar\u0131n\u0131n m\u00fcv\u0259qq\u0259ti general-qubernatoru v\u0259zif\u0259si \u0259sl\u0259n Qaraba\u011fdan olan, bu \u0259raziy\u0259 v\u0259 onun \u0259halisin\u0259 yax\u015f\u0131 b\u0259l\u0259d olan Az\u0259rbaycan C\u00fcmhuriyy\u0259tinin ilk yarad\u0131c\u0131lar\u0131ndan v\u0259 onun birinci h\u00f6kum\u0259tind\u0259 h\u0259rbi nazir olmu\u015f Xosrov b\u0259y Sultanova t\u0259klif edilir. \u018fvv\u0259lc\u0259 o, bu t\u0259klifd\u0259n imtina edir. Bu v\u0259zif\u0259y\u0259 ikinci namiz\u0259d \u0259sl\u0259n \u015eimali Qafqazdan olan \u00e7ar ordusu v\u0259 inzibati-idar\u0259 sistemind\u0259 uzun ill\u0259r i\u015fl\u0259mi\u015f rotmister Qud Qudyevi\u00e7 olur. Lakin Az\u0259rbaycan t\u00fcrkc\u0259sini bilm\u0259diyi \u00fc\u00e7\u00fcn bu namiz\u0259dd\u0259n d\u0259 imtina olunaraq yenid\u0259n Xosrov b\u0259y Sultanova m\u00fcraci\u0259t edilir v\u0259 n\u0259hay\u0259t onun raz\u0131l\u0131\u011f\u0131 al\u0131n\u0131r.<\/p>\n\n\n\n<p><strong>Elmar H\u0259s\u0259nli<\/strong><\/p>\n","protected":false},"excerpt":{"rendered":"<p>Xosrov b\u0259y Sultanov, General Qubernator 101 il bundan \u00f6nc\u0259 1919-cu ilin yanvar ay\u0131n\u0131n 15 &#8212; d\u0259 Az\u0259rbaycan C\u00fcmhuriyy\u0259ti h\u00f6k\u00fcm\u0259ti t\u0259r\u0259find\u0259n Qaraba\u011f general- qubernatorlu\u011fu yaran\u0131b.<\/p>\n","protected":false},"author":2,"featured_media":21930,"comment_status":"closed","ping_status":"closed","sticky":false,"template":"","format":"standard","meta":{"footnotes":""},"categories":[7],"tags":[],"class_list":["post-21927","post","type-post","status-publish","format-standard","has-post-thumbnail","hentry","category-tarix"],"aioseo_notices":[],"_links":{"self":[{"href":"https:\/\/fedai.az\/index.php?rest_route=\/wp\/v2\/posts\/21927","targetHints":{"allow":["GET"]}}],"collection":[{"href":"https:\/\/fedai.az\/index.php?rest_route=\/wp\/v2\/posts"}],"about":[{"href":"https:\/\/fedai.az\/index.php?rest_route=\/wp\/v2\/types\/post"}],"author":[{"embeddable":true,"href":"https:\/\/fedai.az\/index.php?rest_route=\/wp\/v2\/users\/2"}],"replies":[{"embeddable":true,"href":"https:\/\/fedai.az\/index.php?rest_route=%2Fwp%2Fv2%2Fcomments&post=21927"}],"version-history":[{"count":1,"href":"https:\/\/fedai.az\/index.php?rest_route=\/wp\/v2\/posts\/21927\/revisions"}],"predecessor-version":[{"id":21931,"href":"https:\/\/fedai.az\/index.php?rest_route=\/wp\/v2\/posts\/21927\/revisions\/21931"}],"wp:featuredmedia":[{"embeddable":true,"href":"https:\/\/fedai.az\/index.php?rest_route=\/wp\/v2\/media\/21930"}],"wp:attachment":[{"href":"https:\/\/fedai.az\/index.php?rest_route=%2Fwp%2Fv2%2Fmedia&parent=21927"}],"wp:term":[{"taxonomy":"category","embeddable":true,"href":"https:\/\/fedai.az\/index.php?rest_route=%2Fwp%2Fv2%2Fcategories&post=21927"},{"taxonomy":"post_tag","embeddable":true,"href":"https:\/\/fedai.az\/index.php?rest_route=%2Fwp%2Fv2%2Ftags&post=21927"}],"curies":[{"name":"wp","href":"https:\/\/api.w.org\/{rel}","templated":true}]}}