{"id":21932,"date":"2020-11-29T11:20:18","date_gmt":"2020-11-29T07:20:18","guid":{"rendered":"https:\/\/fedai.az\/?p=21932"},"modified":"2020-11-29T11:20:49","modified_gmt":"2020-11-29T07:20:49","slug":"d%c9%99rvis-parisi-partladir-30-mind%c9%99n-cox-adam-kuc%c9%99l%c9%99r%c9%99-cixdi","status":"publish","type":"post","link":"https:\/\/fedai.az\/?p=21932","title":{"rendered":"D\u0259rvi\u015f Parisi &#171;partlad\u0131r&#187;: 30 mind\u0259n \u00e7ox adam k\u00fc\u00e7\u0259l\u0259r\u0259 \u00e7\u0131xd\u0131"},"content":{"rendered":"\n<p><strong>Fransada 130 mind\u0259n \u00e7ox insan m\u0259lumat azadl\u0131\u011f\u0131na d\u0259st\u0259k m\u0259qs\u0259dil\u0259 ke\u00e7iril\u0259n etiraz aksiyalar\u0131nda i\u015ftirak edib.<\/strong><\/p>\n\n\n\n<p>Bu bar\u0259d\u0259 BFMTV Daxili \u0130\u015fl\u0259r Nazirliyin\u0259 istinad\u0259n m\u0259lumat yay\u0131b. T\u0259kc\u0259 Parisd\u0259 t\u0259xmin\u0259n 46 min etiraz\u00e7\u0131 k\u00fc\u00e7\u0259l\u0259r\u0259 ax\u0131\u015f\u0131b.<\/p>\n\n\n\n<p>Paytaxtdak\u0131 y\u00fcr\u00fc\u015f dinc \u015f\u0259kild\u0259 ba\u015flasa da, sonradan i\u011fti\u015fa\u015flarla m\u00fc\u015fayi\u0259t olunub. \u0130\u011fti\u015fa\u015f\u00e7\u0131lar avtomobill\u0259ri v\u0259 k\u00f6\u015fkl\u0259ri yand\u0131r\u0131b, polis\u0259 da\u015f v\u0259 su \u015f\u00fc\u015f\u0259l\u0259ri atma\u011fa ba\u015flay\u0131blar.<\/p>\n\n\n\n<figure class=\"wp-block-image size-large is-resized\"><img loading=\"lazy\" decoding=\"async\" src=\"https:\/\/fedai.az\/wp-content\/uploads\/2020\/11\/756041973234226.jpg\" alt=\"\" class=\"wp-image-21934\" width=\"956\" height=\"597\" srcset=\"https:\/\/fedai.az\/wp-content\/uploads\/2020\/11\/756041973234226.jpg 500w, https:\/\/fedai.az\/wp-content\/uploads\/2020\/11\/756041973234226-300x187.jpg 300w, https:\/\/fedai.az\/wp-content\/uploads\/2020\/11\/756041973234226-150x94.jpg 150w, https:\/\/fedai.az\/wp-content\/uploads\/2020\/11\/756041973234226-115x73.jpg 115w\" sizes=\"auto, (max-width: 956px) 100vw, 956px\" \/><\/figure>\n\n\n\n<p>Polis \u0259m\u0259kda\u015flar\u0131 46 aksiya i\u015ftirak\u00e7\u0131s\u0131n\u0131 saxlay\u0131b, 23 polis \u0259m\u0259kda\u015f\u0131 x\u0259sar\u0259t al\u0131b.<\/p>\n\n\n\n<p>\u00dcmumilikd\u0259, \u00f6lk\u0259d\u0259 \u201cQlobal t\u0259hl\u00fck\u0259sizlik haqq\u0131nda\u201d Qanun layih\u0259sinin 24-c\u00fc madd\u0259sin\u0259 qar\u015f\u0131 70-\u0259 yax\u0131n n\u00fcmayi\u015f ke\u00e7irilib.<\/p>\n\n\n\n<figure class=\"wp-block-image size-large is-resized\"><img loading=\"lazy\" decoding=\"async\" src=\"https:\/\/fedai.az\/wp-content\/uploads\/2020\/11\/modern.az_fransa_560.jpeg\" alt=\"\" class=\"wp-image-21933\" width=\"1086\" height=\"724\" srcset=\"https:\/\/fedai.az\/wp-content\/uploads\/2020\/11\/modern.az_fransa_560.jpeg 750w, https:\/\/fedai.az\/wp-content\/uploads\/2020\/11\/modern.az_fransa_560-300x200.jpeg 300w, https:\/\/fedai.az\/wp-content\/uploads\/2020\/11\/modern.az_fransa_560-150x100.jpeg 150w\" sizes=\"auto, (max-width: 1086px) 100vw, 1086px\" \/><\/figure>\n","protected":false},"excerpt":{"rendered":"<p>Fransada 130 mind\u0259n \u00e7ox insan m\u0259lumat azadl\u0131\u011f\u0131na d\u0259st\u0259k m\u0259qs\u0259dil\u0259 ke\u00e7iril\u0259n etiraz aksiyalar\u0131nda i\u015ftirak edib. Bu bar\u0259d\u0259 BFMTV Daxili \u0130\u015fl\u0259r Nazirliyin\u0259 istinad\u0259n m\u0259lumat yay\u0131b. T\u0259kc\u0259<\/p>\n","protected":false},"author":2,"featured_media":21935,"comment_status":"closed","ping_status":"closed","sticky":false,"template":"","format":"standard","meta":{"footnotes":""},"categories":[13],"tags":[],"class_list":["post-21932","post","type-post","status-publish","format-standard","has-post-thumbnail","hentry","category-xarici"],"aioseo_notices":[],"_links":{"self":[{"href":"https:\/\/fedai.az\/index.php?rest_route=\/wp\/v2\/posts\/21932","targetHints":{"allow":["GET"]}}],"collection":[{"href":"https:\/\/fedai.az\/index.php?rest_route=\/wp\/v2\/posts"}],"about":[{"href":"https:\/\/fedai.az\/index.php?rest_route=\/wp\/v2\/types\/post"}],"author":[{"embeddable":true,"href":"https:\/\/fedai.az\/index.php?rest_route=\/wp\/v2\/users\/2"}],"replies":[{"embeddable":true,"href":"https:\/\/fedai.az\/index.php?rest_route=%2Fwp%2Fv2%2Fcomments&post=21932"}],"version-history":[{"count":1,"href":"https:\/\/fedai.az\/index.php?rest_route=\/wp\/v2\/posts\/21932\/revisions"}],"predecessor-version":[{"id":21936,"href":"https:\/\/fedai.az\/index.php?rest_route=\/wp\/v2\/posts\/21932\/revisions\/21936"}],"wp:featuredmedia":[{"embeddable":true,"href":"https:\/\/fedai.az\/index.php?rest_route=\/wp\/v2\/media\/21935"}],"wp:attachment":[{"href":"https:\/\/fedai.az\/index.php?rest_route=%2Fwp%2Fv2%2Fmedia&parent=21932"}],"wp:term":[{"taxonomy":"category","embeddable":true,"href":"https:\/\/fedai.az\/index.php?rest_route=%2Fwp%2Fv2%2Fcategories&post=21932"},{"taxonomy":"post_tag","embeddable":true,"href":"https:\/\/fedai.az\/index.php?rest_route=%2Fwp%2Fv2%2Ftags&post=21932"}],"curies":[{"name":"wp","href":"https:\/\/api.w.org\/{rel}","templated":true}]}}