{"id":21948,"date":"2020-11-30T00:18:48","date_gmt":"2020-11-29T20:18:48","guid":{"rendered":"https:\/\/fedai.az\/?p=21948"},"modified":"2020-11-30T00:19:19","modified_gmt":"2020-11-29T20:19:19","slug":"turkiy%c9%99d%c9%99n-qarabag-aciqlamasi","status":"publish","type":"post","link":"https:\/\/fedai.az\/?p=21948","title":{"rendered":"T\u00fcrkiy\u0259d\u0259n QARABA\u011e A\u00c7IQLAMASI"},"content":{"rendered":"\n<p><strong>Noyabr\u0131n 11-d\u0259 T\u00fcrkiy\u0259nin Milli M\u00fcdafi\u0259 naziri Hulusi Akarla rusiyal\u0131 h\u0259mkar\u0131 Sergey \u015eoyqu aras\u0131nda Qaraba\u011fda monitorinq \u00fczr\u0259 m\u0259rk\u0259zin yarad\u0131lmas\u0131 haqq\u0131nda imzalanm\u0131\u015f memoranduma uy\u011fun olaraq iki \u00f6lk\u0259 aras\u0131nda \u0259laq\u0259l\u0259r davam edir.<\/strong><\/p>\n\n\n\n<p>&#171;Anadolu&#187; Agentliyi verdiyi x\u0259b\u0259r\u0259 g\u00f6r\u0259, bu bar\u0259d\u0259 T\u00fcrkiy\u0259nin Milli M\u00fcdafi\u0259 Nazirliyi m\u0259lumat yay\u0131b.<\/p>\n\n\n\n<p>Bildirilib ki, Az\u0259rbaycan Ordusu sentyabr\u0131n 27-d\u0259 ba\u015flad\u0131\u011f\u0131 \u0259ks-h\u00fccum \u0259m\u0259liyyat\u0131 \u00e7\u0259r\u00e7iv\u0259sind\u0259 C\u0259bray\u0131l, Fizuli, Z\u0259ngilan v\u0259 Qubadl\u0131 rayonlar\u0131n\u0131, k\u0259nd v\u0259 q\u0259s\u0259b\u0259l\u0259ri, strateji y\u00fcks\u0259klikl\u0259ri azad edib:<\/p>\n\n\n\n<p>&#171;Noyabr\u0131n 10-da nail olunmu\u015f \u00fc\u00e7t\u0259r\u0259fli raz\u0131l\u0131q \u00e7\u0259r\u00e7iv\u0259sind\u0259 dig\u0259r 2 rayon Az\u0259rbaycana qaytar\u0131l\u0131b. Az\u0259rbaycan Ordusu noyabr\u0131n 25-d\u0259n K\u0259lb\u0259c\u0259ri minalardan t\u0259mizl\u0259yir. Dekabr\u0131n 1-d\u0259 i\u015f\u011fal alt\u0131ndak\u0131 La\u00e7\u0131n rayonu da Az\u0259rbaycana qaytar\u0131lacaq&#187;.<\/p>\n","protected":false},"excerpt":{"rendered":"<p>Noyabr\u0131n 11-d\u0259 T\u00fcrkiy\u0259nin Milli M\u00fcdafi\u0259 naziri Hulusi Akarla rusiyal\u0131 h\u0259mkar\u0131 Sergey \u015eoyqu aras\u0131nda Qaraba\u011fda monitorinq \u00fczr\u0259 m\u0259rk\u0259zin yarad\u0131lmas\u0131 haqq\u0131nda imzalanm\u0131\u015f memoranduma uy\u011fun olaraq iki<\/p>\n","protected":false},"author":2,"featured_media":21950,"comment_status":"closed","ping_status":"closed","sticky":false,"template":"","format":"standard","meta":{"footnotes":""},"categories":[4],"tags":[],"class_list":["post-21948","post","type-post","status-publish","format-standard","has-post-thumbnail","hentry","category-qarabag"],"aioseo_notices":[],"_links":{"self":[{"href":"https:\/\/fedai.az\/index.php?rest_route=\/wp\/v2\/posts\/21948","targetHints":{"allow":["GET"]}}],"collection":[{"href":"https:\/\/fedai.az\/index.php?rest_route=\/wp\/v2\/posts"}],"about":[{"href":"https:\/\/fedai.az\/index.php?rest_route=\/wp\/v2\/types\/post"}],"author":[{"embeddable":true,"href":"https:\/\/fedai.az\/index.php?rest_route=\/wp\/v2\/users\/2"}],"replies":[{"embeddable":true,"href":"https:\/\/fedai.az\/index.php?rest_route=%2Fwp%2Fv2%2Fcomments&post=21948"}],"version-history":[{"count":1,"href":"https:\/\/fedai.az\/index.php?rest_route=\/wp\/v2\/posts\/21948\/revisions"}],"predecessor-version":[{"id":21951,"href":"https:\/\/fedai.az\/index.php?rest_route=\/wp\/v2\/posts\/21948\/revisions\/21951"}],"wp:featuredmedia":[{"embeddable":true,"href":"https:\/\/fedai.az\/index.php?rest_route=\/wp\/v2\/media\/21950"}],"wp:attachment":[{"href":"https:\/\/fedai.az\/index.php?rest_route=%2Fwp%2Fv2%2Fmedia&parent=21948"}],"wp:term":[{"taxonomy":"category","embeddable":true,"href":"https:\/\/fedai.az\/index.php?rest_route=%2Fwp%2Fv2%2Fcategories&post=21948"},{"taxonomy":"post_tag","embeddable":true,"href":"https:\/\/fedai.az\/index.php?rest_route=%2Fwp%2Fv2%2Ftags&post=21948"}],"curies":[{"name":"wp","href":"https:\/\/api.w.org\/{rel}","templated":true}]}}