{"id":21957,"date":"2020-11-30T00:27:53","date_gmt":"2020-11-29T20:27:53","guid":{"rendered":"https:\/\/fedai.az\/?p=21957"},"modified":"2020-11-30T00:27:55","modified_gmt":"2020-11-29T20:27:55","slug":"pasinyan-putinl%c9%99-gizli-danisiqlari-bar%c9%99d%c9%99-aciqlamalar-verib","status":"publish","type":"post","link":"https:\/\/fedai.az\/?p=21957","title":{"rendered":"Pa\u015finyan Putinl\u0259 gizli dan\u0131\u015f\u0131qlar\u0131 bar\u0259d\u0259 a\u00e7\u0131qlamalar verib"},"content":{"rendered":"\n<p><strong>Erm\u0259nistan Ba\u015f naziri Nikol Pa\u015finyan bu g\u00fcn ikinci geni\u015f a\u00e7\u0131qlama yayaraq, m\u00fcharib\u0259nin dayand\u0131rma\u011fa nec\u0259 m\u0259cbur olmas\u0131n\u0131 izah edib.<\/strong><\/p>\n\n\n\n<p>Fedai.az\u00a0 axar.az-a istinadla x\u0259b\u0259r verir ki, N.Pa\u015finyan Feysbuk \u00fcz\u0259rind\u0259n a\u00e7\u0131qlamas\u0131nda oktyabr\u0131n 19-da ona Qaraba\u011f separat\u00e7\u0131-terror\u00e7ular\u0131n\u0131n ba\u015f\u00e7\u0131s\u0131 Araik Arutyunyan\u0131n z\u0259ng etdiyini bildirib:<\/p>\n\n\n\n<p>&#171;O dedi ki, m\u00fcharib\u0259ni dayand\u0131rmaq laz\u0131md\u0131r. Onun s\u00f6zl\u0259rin\u0259 g\u00f6r\u0259, bu, t\u0259kc\u0259 onun fikri deyildi, m\u00fcharib\u0259nin dayand\u0131r\u0131lmas\u0131n\u0131 &#171;dqr&#187;in &#171;ke\u00e7mi\u015f prezidentl\u0259ri&#187; Arkadi Qukasyan, Bako Saakyan, h\u0259m\u00e7inin eks-prezidentl\u0259r Levon Ter-Petrosyan, Robert K\u00f6\u00e7\u0259ryan v\u0259 Serj S\u0259rkisyan da ist\u0259yir&#187;.<\/p>\n\n\n\n<p><strong>Pa\u015finyan bundan sonra Rusiya lideri Vladimir Putin\u0259 z\u0259ng etdiyini qeyd edib:<\/strong><\/p>\n\n\n\n<p>&#171;Putin dedi ki, m\u00fcharib\u0259nin dayanmas\u0131 \u00fc\u00e7\u00fcn dan\u0131\u015f\u0131qlar\u0131n m\u0259ntiqin\u0259 uy\u011fun olaraq Qaraba\u011f\u0131n statusu m\u0259s\u0259l\u0259sind\u0259n imtina etm\u0259li, ke\u00e7mi\u015f DQMV-nin \u0259traf\u0131nda olan rayonlar\u0131 qaytarmal\u0131s\u0131n\u0131z v\u0259 \u0259raziy\u0259 Rusiya s\u00fclhm\u0259raml\u0131lar\u0131 yerl\u0259\u015fdirilm\u0259lidir&#187;.<\/p>\n\n\n\n<p><strong>Pa\u015finyan deyib ki, s\u0259sl\u0259n\u0259n t\u0259klifl\u0259r\u0259 s\u00fclhm\u0259raml\u0131lar\u0131n ke\u00e7mi\u015f DQMV-nin s\u0259rh\u0259dl\u0259rin\u0259 v\u0259 La\u00e7\u0131n d\u0259hlizin\u0259 yerl\u0259\u015fdirilm\u0259si \u015f\u0259rti il\u0259 raz\u0131l\u0131q verib.<\/strong><\/p>\n\n\n\n<p>&#171;Bu variant\u0131 Arutyunyana \u00e7atd\u0131rd\u0131m, Arutyunyan raz\u0131 oldu\u011funu bildirdi. Bundan sonra parlamentd\u0259k\u0259nar partiyalar\u0131n da i\u015ftirak\u0131 il\u0259 iclas \u00e7a\u011f\u0131rd\u0131m v\u0259 q\u0259bul olunan q\u0259rar\u0131 onlara elan etdim. \u0130slasda bir \u00e7oxlar\u0131 bunu naraz\u0131l\u0131qla qar\u015f\u0131lad\u0131, iclasdan sonra is\u0259 b\u0259zil\u0259ri sosial \u015f\u0259b\u0259k\u0259l\u0259rd\u0259 &#171;artsax&#187; u\u011frunda \u00fcmummilli m\u00fcbariz\u0259ni dayand\u0131rma\u011f\u0131n xainlikd\u0259n ba\u015fqa bir \u015fey olmad\u0131\u011f\u0131n\u0131 yazd\u0131&#187;, \u2013 Pa\u015finyan deyib.<\/p>\n\n\n\n<p>Erm\u0259ni ba\u015f nazirin s\u00f6zl\u0259rin\u0259 g\u00f6r\u0259, h\u0259min g\u00fcn parlament fraksiyalar\u0131n\u0131n i\u015ftirak\u0131 il\u0259 T\u0259hl\u00fck\u0259sizlik \u015euras\u0131n\u0131n iclas\u0131n\u0131 ke\u00e7irib. \u0130clasda \u00f6lk\u0259 prezidenti v\u0259 b\u00fct\u00fcn erm\u0259nil\u0259rin katalikosu da i\u015ftirak edib:<\/p>\n\n\n\n<p>&#171;M\u0259n m\u00fcxalif\u0259t\u0259 elan etdim ki, hans\u0131sa m\u0259suliyy\u0259ti onlar\u0131n \u00fcz\u0259rin\u0259 y\u0131xmaq ist\u0259mir\u0259m, sad\u0259c\u0259, m\u0259lumat verir\u0259m ki, bel\u0259 bir add\u0131m atma\u011f\u0131 n\u0259z\u0259rd\u0259 tuturam, sonra el\u0259 \u00e7\u0131xmas\u0131n ki, xalqdan gizli n\u0259s\u0259 etm\u0259k ist\u0259yir\u0259m. H\u0259min vaxt ictimai bir a\u00e7\u0131qlama vers\u0259ydim, Az\u0259rbaycan t\u0259klif olunan ssenarid\u0259n imtina ed\u0259c\u0259kdi, erm\u0259ni t\u0259r\u0259fi is\u0259 \u00e7ox \u00e7\u0259tin bir v\u0259ziyy\u0259t\u0259 d\u00fc\u015f\u0259c\u0259kdi&#187;.<\/p>\n\n\n\n<p>&#171;S\u0259h\u0259ri g\u00fcn Bako Saakyan v\u0259 Arkadi Qukasyan m\u0259niml\u0259 g\u00f6r\u00fc\u015fd\u0259 bildirdil\u0259r ki, Qaraba\u011f\u0131n statusu m\u00fc\u0259yy\u0259n edilm\u0259d\u0259n h\u0259r hans\u0131 raz\u0131la\u015fmaya qar\u015f\u0131 \u00e7\u0131x\u0131rlar. Onlar h\u0259m d\u0259 bunu Erm\u0259nistan\u0131n ke\u00e7mi\u015f prezidentl\u0259ri ad\u0131ndan dedikl\u0259rini bildirdil\u0259r.<\/p>\n\n\n\n<p>Ancaq bunlar art\u0131q vacib deyildi, m\u0259n art\u0131q q\u0259rar vermi\u015fdim v\u0259 sona q\u0259d\u0259r getm\u0259k ist\u0259yirdim&#187;.<\/p>\n\n\n\n<p>N\u00f6vb\u0259ti g\u00fcn, s\u00f6z verdiyi kimi, Rusiya Prezidenti z\u0259ng edir. Putin deyir ki, \u0130lham \u018fliyev buna raz\u0131d\u0131r, ancaq t\u0259l\u0259bl\u0259ri var: s\u00fclhm\u0259raml\u0131lar ke\u00e7mi\u015f Da\u011fl\u0131q Qaraba\u011f\u0131n \u0259razisi boyu deyil, Az\u0259rbaycan Ordusunun dayand\u0131\u011f\u0131 yerd\u0259n sonra \u2013 faktiki t\u0259mas x\u0259ttin\u0259 g\u0259l\u0259 bil\u0259r. H\u0259min vaxt Hadrut v\u0259 Tal\u0131\u015f art\u0131q Az\u0259rbaycan Ordusunun n\u0259zar\u0259tind\u0259 idi v\u0259 onlar geri \u00e7\u0259kilm\u0259k fikrind\u0259 deyildil\u0259r:<\/p>\n\n\n\n<p>&#171;Bundan ba\u015fqa, \u0130lham \u018fliyev t\u0259l\u0259b etmi\u015fdi ki, Erm\u0259nistan t\u0259r\u0259fi az\u0259rbaycanl\u0131lar\u0131n \u015eu\u015faya qay\u0131tmas\u0131n\u0131 m\u00fctl\u0259q t\u0259min etm\u0259lidir.<\/p>\n\n\n\n<p>Bu \u015f\u0259rtl\u0259 m\u0259n at\u0259\u015fk\u0259s\u0259 raz\u0131 ola bilm\u0259zdim. Bel\u0259 ki, h\u0259tta Hadruta raz\u0131la\u015fsam da, \u015eu\u015fan\u0131n geri verilm\u0259si il\u0259 he\u00e7 c\u00fcr raz\u0131la\u015fa bilm\u0259zdim. Prezident Putin t\u0259\u0259cc\u00fcbl\u0259ndi ki, niy\u0259 m\u0259n az\u0259rbaycanl\u0131lar\u0131n geri qay\u0131tmas\u0131na qar\u015f\u0131yam. Onda m\u0259n \u00f6z arqumentl\u0259rimi dedim v\u0259 Putin onlar\u0131n &#171;m\u0259ntiqli oldu\u011funu&#187; bildirdi&#187;.<\/p>\n\n\n\n<p>Pa\u015finyan deyib ki, az\u0259rbaycanl\u0131lar\u0131n \u015eu\u015faya geri qay\u0131daca\u011f\u0131na raz\u0131la\u015fsayd\u0131, onda bu \u0259razid\u0259 sayca az\u0259rbaycanl\u0131lar b\u00f6y\u00fck \u00fcst\u00fcnl\u00fck qazanacaqd\u0131lar v\u0259 Xank\u0259ndi yolu m\u0259s\u0259l\u0259si g\u00fcnd\u0259m\u0259 g\u0259l\u0259c\u0259kdi: bu yolu kim v\u0259 nec\u0259 n\u0259zar\u0259t ed\u0259c\u0259kdi?<\/p>\n\n\n\n<p>Pa\u015finyan h\u0259m\u00e7inin deyib ki, bu \u015f\u0259rt\u0259 raz\u0131la\u015faca\u011f\u0131 halda Az\u0259rbaycan\u0131n yeni t\u0259l\u0259bl\u0259ri ba\u015flayacaqd\u0131: m\u0259s\u0259l\u0259n, \u015eu\u015fadan Q\u0131rm\u0131z\u0131 Bazara q\u0259d\u0259r olan yola n\u0259zar\u0259t.<\/p>\n\n\n\n<p>Pa\u015finyan\u0131n bundan sonra t\u0259klif edil\u0259nl\u0259rin sonuncusu \u2013 &#171;\u0259n pis t\u0259klifl\u0259&#187; niy\u0259 raz\u0131la\u015fd\u0131\u011f\u0131n\u0131 h\u0259l\u0259lik a\u00e7\u0131qlamay\u0131b.<\/p>\n\n\n\n<p>Xat\u0131rladaq ki, bundan \u00f6nc\u0259 Pa\u015finyan m\u00fcharib\u0259nin qa\u00e7\u0131lmaz olmas\u0131 s\u0259b\u0259bl\u0259rin\u0259 aid \u00f6z yana\u015fmas\u0131n\u0131 t\u0259qdim etmi\u015f v\u0259 d\u0259rhal da \u00e7ox ciddi t\u0259kzibl\u0259r v\u0259 iradlarla qar\u015f\u0131la\u015fm\u0131\u015fd\u0131. X\u00fcsusil\u0259 eks-prezident Serj S\u0259rkisyan\u0131n k\u00fcr\u0259k\u0259ni Minasyan Pa\u015finyan\u0131 manipulyasiyada, xalq\u0131 n\u00f6vb\u0259ti d\u0259f\u0259 aldatmaqda ittiham etmi\u015fdi.<\/p>\n","protected":false},"excerpt":{"rendered":"<p>Erm\u0259nistan Ba\u015f naziri Nikol Pa\u015finyan bu g\u00fcn ikinci geni\u015f a\u00e7\u0131qlama yayaraq, m\u00fcharib\u0259nin dayand\u0131rma\u011fa nec\u0259 m\u0259cbur olmas\u0131n\u0131 izah edib. Fedai.az\u00a0 axar.az-a istinadla x\u0259b\u0259r verir ki,<\/p>\n","protected":false},"author":2,"featured_media":21958,"comment_status":"closed","ping_status":"closed","sticky":false,"template":"","format":"standard","meta":{"footnotes":""},"categories":[3],"tags":[],"class_list":["post-21957","post","type-post","status-publish","format-standard","has-post-thumbnail","hentry","category-gundm"],"aioseo_notices":[],"_links":{"self":[{"href":"https:\/\/fedai.az\/index.php?rest_route=\/wp\/v2\/posts\/21957","targetHints":{"allow":["GET"]}}],"collection":[{"href":"https:\/\/fedai.az\/index.php?rest_route=\/wp\/v2\/posts"}],"about":[{"href":"https:\/\/fedai.az\/index.php?rest_route=\/wp\/v2\/types\/post"}],"author":[{"embeddable":true,"href":"https:\/\/fedai.az\/index.php?rest_route=\/wp\/v2\/users\/2"}],"replies":[{"embeddable":true,"href":"https:\/\/fedai.az\/index.php?rest_route=%2Fwp%2Fv2%2Fcomments&post=21957"}],"version-history":[{"count":1,"href":"https:\/\/fedai.az\/index.php?rest_route=\/wp\/v2\/posts\/21957\/revisions"}],"predecessor-version":[{"id":21959,"href":"https:\/\/fedai.az\/index.php?rest_route=\/wp\/v2\/posts\/21957\/revisions\/21959"}],"wp:featuredmedia":[{"embeddable":true,"href":"https:\/\/fedai.az\/index.php?rest_route=\/wp\/v2\/media\/21958"}],"wp:attachment":[{"href":"https:\/\/fedai.az\/index.php?rest_route=%2Fwp%2Fv2%2Fmedia&parent=21957"}],"wp:term":[{"taxonomy":"category","embeddable":true,"href":"https:\/\/fedai.az\/index.php?rest_route=%2Fwp%2Fv2%2Fcategories&post=21957"},{"taxonomy":"post_tag","embeddable":true,"href":"https:\/\/fedai.az\/index.php?rest_route=%2Fwp%2Fv2%2Ftags&post=21957"}],"curies":[{"name":"wp","href":"https:\/\/api.w.org\/{rel}","templated":true}]}}