{"id":21972,"date":"2020-11-30T02:13:44","date_gmt":"2020-11-29T22:13:44","guid":{"rendered":"https:\/\/fedai.az\/?p=21972"},"modified":"2020-12-03T16:12:18","modified_gmt":"2020-12-03T12:12:18","slug":"artiq-erm%c9%99nil%c9%99r-d%c9%99-ozl%c9%99rin%c9%99-nifr%c9%99t-etm%c9%99y%c9%99-baslayiblar","status":"publish","type":"post","link":"https:\/\/fedai.az\/?p=21972","title":{"rendered":"Art\u0131q erm\u0259nil\u0259r d\u0259 \u00f6zl\u0259rin\u0259 nifr\u0259t etm\u0259y\u0259 ba\u015flay\u0131blar"},"content":{"rendered":"\n<p><strong>Erm\u0259ni xisl\u0259tinin \u00e7irkinliyi, erm\u0259ni h\u0259yas\u0131zl\u0131\u011f\u0131, erm\u0259ni iki\u00fczl\u00fcl\u00fcy\u00fc o q\u0259d\u0259r ifrat d\u0259rc\u0259y\u0259 \u00e7atm\u0131\u015fd\u0131r ki, art\u0131q d\u00fcnyada sosial bir termin kimi istifad\u0259 olunma\u011fa ba\u015flam\u0131\u015fd\u0131r. \u00abErm\u0259ni x\u0259yan\u0259ti\u00bb, \u00aberm\u0259ni riyakarl\u0131\u011f\u0131\u00bb, \u00aberm\u0259ni d\u00fc\u015fm\u0259n\u00e7iliyi\u00bb v\u0259 s. kimi ifad\u0259l\u0259r qlobal informasiya c\u0259miyy\u0259tind\u0259 v\u0259 beyn\u0259lxalq jurnalistikada geni\u015f v\u00fcs\u0259t qazanmaqdad\u0131r. B\u00fct\u00fcn d\u00fcnya, insanl\u0131\u011fa qar\u015f\u0131 soyq\u0131r\u0131m h\u0259yata ke\u00e7ir\u0259n erm\u0259ni fa\u015fizminin mahiyy\u0259tini art\u0131q d\u0259rk etmi\u015fdir. Y\u0259ni daha burada d\u00fc\u015fm\u0259nin t\u0259kc\u0259 h\u0259rbi-siyasi dair\u0259l\u0259rini g\u00fcnahland\u0131rmaqla kifay\u0259tl\u0259nm\u0259k olmur. \u00c7\u00fcnki bu maddi v\u0259 m\u0259n\u0259vi terroru beyni z\u0259h\u0259rl\u0259nmi\u015f g\u0259nc v\u0259 s\u0131ravi erm\u0259nil\u0259r d\u0259 h\u0259yata ke\u00e7irir v\u0259 bu zaman onlar h\u0259rb\u00e7il\u0259rd\u0259n he\u00e7 d\u0259 geri qalm\u0131rlar, \u0259ksin\u0259, daha \u00e7ox canf\u0259\u015fanl\u0131q edib s\u00fclh prosesini pozurlar. Halbuki s\u00fclh prosesin\u0259 \u0259n \u00e7ox maraq g\u00f6st\u0259r\u0259n v\u0259t\u0259nda\u015f c\u0259miyy\u0259ti olmal\u0131d\u0131r. Sual oluna bil\u0259r, b\u0259s bu g\u0259ncl\u0259r\u0259 bel\u0259 h\u0259dsiz nifr\u0259ti kim a\u015f\u0131lam\u0131\u015fd\u0131r v\u0259 onlara bu t\u0259rbiy\u0259ni ver\u0259n kiml\u0259r olmu\u015fdur?<\/strong> <\/p>\n\n\n\n<p><\/p>\n\n\n\n<p>Cavab birm\u0259nal\u0131d\u0131r. Onlar\u0131 Az\u0259rbaycanl\u0131lara, t\u00fcrkl\u0259r\u0259 nifr\u0259t hissi il\u0259 b\u00f6y\u00fcd\u0259n, d\u00fc\u015fm\u0259n\u00e7ilik v\u0259 mill\u0259tl\u0259raras\u0131 nifaq toxumu s\u0259p\u0259n m\u0259hz fa\u015fist ideyas\u0131 il\u0259 ya\u015fayan erm\u0259ni valideynl\u0259rdir. K\u00fctl\u0259vi olaraq erm\u0259ni g\u0259ncl\u0259rinin beyinl\u0259rinin yuyulmas\u0131nda da m\u0259hz erm\u0259ni m\u0259kt\u0259bl\u0259ri, erm\u0259ni ali t\u0259hsil ocaqlar\u0131 b\u00f6y\u00fck rol oynam\u0131\u015fd\u0131r. M\u0259kt\u0259bl\u0259r\u0259 od vurub yand\u0131ran el\u0259 fa\u015fist t\u0259f\u0259kk\u00fcrl\u00fc erm\u0259ni &#171;pedaqoq&#187;lar\u0131 idi.<\/p>\n\n\n\n<p>Onlar\u0131n d\u0259rslikl\u0259rind\u0259n tutmu\u015f ideya-siyasi t\u0259biy\u0259sin\u0259 q\u0259d\u0259r h\u0259r \u015fey yenid\u0259n t\u0259trib edilm\u0259li, yenid\u0259n qurulmal\u0131d\u0131r. D\u00fc\u015f\u00fcn\u00fcr\u0259m, nec\u0259 ki \u0130taliyada v\u0259 Almaniyada fa\u015fist v\u0259 nasist liderl\u0259rin adlar\u0131 \u00e7\u0259kil\u0259nd\u0259 c\u0259rim\u0259 v\u0259 c\u0259zaland\u0131rma t\u0259tbiq olunur, bu kimi t\u0259dbirl\u0259r Erm\u0259nistanda da h\u0259yata ke\u00e7irilm\u0259lidir. Qaregin Njde, Robert Ko\u00e7\u0259ryan, Serj Sarksyan kimi b\u0259\u015f\u0259riyy\u0259t\u0259 qar\u015f\u0131 h\u0259rbi cinay\u0259tl\u0259r i\u015fl\u0259mi\u015f qatill\u0259rin adlar\u0131 tarixd\u0259n silinm\u0259li, unutdurulmal\u0131, d\u0259rslikl\u0259rd\u0259n \u00e7\u0131xar\u0131lmal\u0131 v\u0259 z\u0259r\u0259rli ideya hesab olunaraq erm\u0259ni g\u0259ncl\u0259rinin yadda\u015f\u0131ndan \u0259b\u0259di silinm\u0259lidir. \u018fg\u0259r Erm\u0259nistan Respublikas\u0131 h\u0259qiq\u0259t\u0259n s\u00fclh i\u00e7ind\u0259 ya\u015famaq, xalqlar\u0131n \u0259min-amanl\u0131q, dostluq v\u0259 qon\u015fuluq \u015f\u0259raitind\u0259 iqtisadi-sosial \u0259laq\u0259l\u0259ri h\u0259mi\u015f\u0259lik b\u0259rpa etm\u0259k ist\u0259yirs\u0259 bu qeyd etdikl\u0259rimizi siyasi, elmi v\u0259 t\u0259hsil m\u00fcst\u0259visind\u0259 m\u00fctl\u0259q h\u0259yata ke\u00e7irm\u0259lidir.<br><br>Nec\u0259 ola bil\u0259r ki, bir erm\u0259ni qar\u0131s\u0131 \u00abon barma\u011f\u0131m h\u0259r\u0259si bir silahd\u0131r Az\u0259rbaycanl\u0131lar \u00fc\u00e7\u00fcn\u00bb dey\u0259 bil\u0259r? Onda bu nifr\u0259t hissi hardand\u0131r? Nec\u0259 ola bil\u0259r ki, erm\u0259ni g\u0259ncl\u0259r qada\u011fan olunmu\u015f \u00ab\u0130sg\u0259nd\u0259r\u00bb operativ-taktiki raketi dinc \u0259hali ya\u015fayan Az\u0259rbaycan \u015f\u0259h\u0259rl\u0259rin\u0259 tu\u015flay\u0131b atanda sevincind\u0259n at\u0131l\u0131b-d\u00fc\u015f\u00fcr, bayram edirl\u0259r?<\/p>\n\n\n\n<p>Bu onun g\u00f6st\u0259rcisidir ki, b\u00fct\u00f6v bir erm\u0259ni n\u0259slinin az qala yar\u0131dan \u00e7oxunun beynin\u0259 fa\u015fist ideologiyas\u0131n\u0131 yerid\u0259n erm\u0259ni t\u0259bli\u011fat ma\u015f\u0131n\u0131 t\u0259sir etmi\u015fdir ki, bu da \u00fcmumilikd\u0259 erm\u0259ni xalq\u0131n\u0131 \u0259b\u0259di b\u0259laya s\u00fcr\u00fckl\u0259yib onlar\u0131 sosial, siyasi v\u0259 iqtisadi f\u0259lak\u0259t\u0259 d\u00fc\u00e7ar etmi\u015f, c\u0259miyy\u0259tin rifah\u0131n\u0131 sars\u0131tm\u0131\u015fd\u0131r.<\/p>\n\n\n\n<p>Buna g\u00f6r\u0259 d\u0259 art\u0131q deyim yarand\u0131 ki, \u00abd\u00fc\u015fm\u0259nimiz d\u0259 erm\u0259ni kimi olmas\u0131n\u00bb. B\u0259li, bu g\u00fcn erm\u0259ni m\u00f6vqeyi, erm\u0259ni h\u0259yas\u0131zl\u0131\u011f\u0131, erm\u0259ni s\u0131rt\u0131ql\u0131\u011f\u0131 s\u0259rh\u0259d tan\u0131m\u0131r. Az\u0259rbaycan Respublikas\u0131n\u0131n Prezidenti, Ali Ba\u015f Komandan c\u0259nab \u0130lham \u018fliyev demi\u015fk\u0259n, bunlar \u00f6zl\u0259rini el\u0259 apar\u0131r ki, sanki b\u00fct\u00fcn d\u00fcnya bunlara borcludur. M\u0259scidl\u0259rimizd\u0259 donuz saxlayan, q\u0259dim Alban kils\u0259l\u0259rimizi \u00f6z dini m\u0259b\u0259dl\u0259ri kimi tan\u0131tma\u011fa \u00e7al\u0131\u015fan, m\u0259zarl\u0131qlar\u0131m\u0131z\u0131 da\u011f\u0131dan, m\u00fcq\u0259dd\u0259s ziyar\u0259tgahlar\u0131m\u0131z\u0131 viran qoyan, me\u015f\u0259l\u0259rimizi fosforlu bombalarla yand\u0131r\u0131b yaxan, a\u011faclar\u0131m\u0131z\u0131 k\u00f6k\u00fcnd\u0259n qoparan, yeralt\u0131 v\u0259 yer\u00fcst\u00fc s\u0259rv\u0259tl\u0259rimizi talay\u0131b satan, axar \u00e7aylar\u0131m\u0131z\u0131n m\u0259cralar\u0131n\u0131 d\u0259yi\u015fdirib qurudan, g\u00f6ll\u0259ri bioloji v\u0259 kimy\u0259vi z\u0259h\u0259rl\u0259m\u0259l\u0259r\u0259 m\u0259ruz qoyan erm\u0259ni xisl\u0259tinin, insanl\u0131q \u00fc\u00e7\u00fcn t\u0259hl\u00fck\u0259li olan ideologiyan\u0131n t\u0259zah\u00fcr\u00fcd\u00fcr v\u0259 bunlar\u0131 t\u00f6r\u0259d\u0259nl\u0259r d\u0259 erm\u0259ni fa\u015fizmini \u00f6z\u00fcn\u0259 ideya se\u00e7\u0259n h\u0259rvi v\u0259 m\u00fclki erm\u0259nil\u0259rdir.<\/p>\n\n\n\n<p><strong>Bu n\u0259sil\u0259 t\u0259rbiy\u0259 ver\u0259n, onlar\u0131 z\u0259r\u0259rli ideyalarla b\u00f6y\u00fcd\u00fcb Az\u0259rbaycan xalq\u0131na qar\u015f\u0131 nifr\u0259t hissi a\u015f\u0131layaraq d\u00f6y\u00fc\u015f\u0259 yollayan m\u0259hz bel\u0259 d\u00fc\u015f\u00fcnc\u0259li erm\u0259ni ail\u0259l\u0259r idi. B\u00fct\u00fcn d\u00fcnya g\u00f6rd\u00fc ki, onlar t\u0259rk etm\u0259li olduqlar\u0131 evl\u0259r\u0259 nec\u0259 od vurub \u00e7\u0131x\u0131rd\u0131lar. B\u00fct\u00fcn d\u00f6vl\u0259tl\u0259r \u015fahid oldu ki, erm\u0259nil\u0259r y\u0131x\u0131b-da\u011f\u0131dan \u015f\u0259r q\u00fcvv\u0259dir. Bundan sonra diqq\u0259t etm\u0259k laz\u0131md\u0131r ki, erm\u0259ni fa\u015fizmi daha ba\u015f qald\u0131rmas\u0131n. B\u0259\u015f\u0259riyy\u0259t\u0259 qar\u015f\u0131 bu t\u0259hl\u00fck\u0259li ideologiyan\u0131 k\u00f6k\u00fcnd\u0259n sars\u0131dan  Az\u0259rbaycan Respublikas\u0131 Ali Ba\u015f Komandan\u0131 c\u0259nab \u0130lham \u018fliyevin r\u0259hb\u0259rliyi alt\u0131nda qazan\u0131lm\u0131\u015f bu m\u00fcq\u0259dd\u0259s q\u0259l\u0259b\u0259 h\u0259m d\u0259 erm\u0259ni xalq\u0131n\u0131n xilas olmas\u0131 dem\u0259kdir. Bizim apard\u0131\u011f\u0131m\u0131z \u015fanl\u0131 V\u0259t\u0259n m\u00fcharbim\u0259zin q\u0259l\u0259b\u0259si h\u0259m d\u0259 Xeyirin \u015e\u0259r \u00fcz\u0259rind\u0259 q\u0259l\u0259b\u0259sidir. Erm\u0259ni fa\u015fizminin \u0259saslar\u0131n\u0131 m\u0259hv ed\u0259n bu m\u00fcharib\u0259d\u0259n sonra b\u0259\u015f\u0259riyy\u0259t\u0259 z\u0259r\u0259rli olan erm\u0259ni fa\u015fist idealogiyas\u0131 art\u0131q m\u0259hv edilmi\u015fdir.  Erm\u0259ni xalq\u0131 b\u00f6y\u00fcy\u0259n erm\u0259ni g\u0259ncliyini bu t\u0259hl\u00fck\u0259li ideologiyadan xilas etm\u0259k \u00fc\u00e7\u00fcn var g\u00fcc\u00fc il\u0259 \u00e7al\u0131\u015fmal\u0131d\u0131r.<\/strong><\/p>\n\n\n\n<p>Yeri g\u0259lmi\u015fk\u0259n, sosial \u015f\u0259b\u0259k\u0259d\u0259 maraql\u0131 bir statusa da rast g\u0259ldim. Erm\u0259nistan v\u0259t\u0259nda\u015f\u0131 bir qad\u0131n Qaraba\u011fdan k\u00f6\u00e7k\u00fcn d\u00fc\u015fm\u00fc\u015f bir erm\u0259ni ail\u0259sin\u0259 yaz\u0131\u011f\u0131 g\u0259lib ya\u015famaq \u00fc\u00e7\u00fcn \u00f6z evind\u0259 onlara m\u00fcv\u0259qq\u0259ti yer verir. Amma bu erm\u0259ni ail\u0259si vaxt\u0131 g\u0259ldikd\u0259 ya\u015fad\u0131\u011f\u0131 bu evi t\u0259rk etm\u0259k ist\u0259mir v\u0259 qon\u015fular\u0131 onlara k\u00f6m\u0259k olmaq \u00fc\u00e7\u00fcn q\u0131\u015f\u0131q\u0131r\u0131b k\u00f6m\u0259y\u0259 \u00e7a\u011f\u0131r\u0131r. Bu tarixi ssenari Siz\u0259 tan\u0131\u015f g\u0259ldimi?<br><br><strong>T\u0259rc\u00fcm\u0259ni v\u0259 statusun orjinal\u0131n\u0131 n\u0259tic\u0259 \u00e7\u0131xarmalar\u0131 \u00fc\u00e7\u00fcn oxucular\u0131m\u0131z\u0131n ixtiyar\u0131na verir\u0259m.<\/strong><\/p>\n\n\n\n<figure class=\"wp-block-image size-large is-resized\"><img loading=\"lazy\" decoding=\"async\" src=\"https:\/\/fedai.az\/wp-content\/uploads\/2020\/11\/45434567.jpg\" alt=\"\" class=\"wp-image-21974\" width=\"618\" height=\"888\" srcset=\"https:\/\/fedai.az\/wp-content\/uploads\/2020\/11\/45434567.jpg 537w, https:\/\/fedai.az\/wp-content\/uploads\/2020\/11\/45434567-209x300.jpg 209w, https:\/\/fedai.az\/wp-content\/uploads\/2020\/11\/45434567-104x150.jpg 104w\" sizes=\"auto, (max-width: 618px) 100vw, 618px\" \/><\/figure>\n\n\n\n<p><strong>\u00ab\u018fzizl\u0259rim, d\u00fcnyada nec\u0259 iyr\u0259nc m\u0259xluqlar var imi\u015f. Dem\u0259li, bir ay \u0259vv\u0259l, m\u00fcharib\u0259 zaman\u0131 Qaraba\u011fdan qa\u00e7an bir erm\u0259ni ail\u0259sini, ya\u015fl\u0131 bir erm\u0259ni qad\u0131n\u0131n\u0131 q\u0131z\u0131 il\u0259 birlikd\u0259 \u00f6z evimd\u0259 yerl\u0259\u015fdirdim. \u0130ki h\u0259ft\u0259 ke\u00e7mi\u015f bu qad\u0131n\u0131n h\u0259yat yolda\u015f\u0131 daha iki qad\u0131n v\u0259 bir qoca ki\u015fi il\u0259 g\u0259lib evimd\u0259 m\u0259skunla\u015fd\u0131. H\u0259min an m\u0259n\u0259 el\u0259 g\u0259ldi ki, sanki evim onlar \u00fc\u00e7\u00fcn bir mehmanxanaya \u00e7evrilib. Amma m\u0259n he\u00e7 n\u0259 demirdim, d\u00fc\u015f\u00fcn\u00fcrd\u00fcm ki, tezlikl\u0259 qay\u0131dacaqlar. Bir m\u00fcdd\u0259t d\u0259 ke\u00e7di v\u0259 m\u0259n onlara eyham vurma\u011fa ba\u015flad\u0131m ki, art\u0131q m\u00fcharib\u0259 qurtar\u0131b, getm\u0259k vaxt\u0131d\u0131r. Buna cavab olaraq h\u0259min qad\u0131n m\u0259nim \u00fcnvan\u0131ma t\u0259nqid v\u0259 t\u0259hqirl\u0259r ya\u011fd\u0131rma\u011fa, \u00abt\u00fcrkl\u0259r\u00bb kimi onlar\u0131 evind\u0259n qovmaqda ittiham etm\u0259y\u0259 ba\u015flad\u0131. Bu zaman m\u0259s\u0259l\u0259y\u0259 onun daim donuz kimi \u00fcfun\u0259t iyi ver\u0259n \u0259ri d\u0259 qo\u015fuldu. M\u0259ni s\u00f6ym\u0259y\u0259, \u00fcst\u00fcm\u0259 \u015f\u0131\u011f\u0131y\u0131b ba\u011f\u0131rma\u011fa ba\u015flad\u0131, sanki ona n\u0259y\u0259s\u0259 g\u00f6r\u0259 borclu idim. G\u00f6rd\u00fcm ki, onlar \u00fc\u00e7\u00fcn tamamil\u0259 pulsuz ay\u0131rd\u0131\u011f\u0131m m\u0259nzilimd\u0259n \u00e7\u0131xmaq fikirl\u0259ri yoxdur. M\u0259cbur olub polis \u00e7a\u011f\u0131rd\u0131m. Polis g\u0259ldi v\u0259 bu anormal ail\u0259 \u00absiz bizi qorumal\u0131 idiniz, siz qorxaqs\u0131n\u0131z\u00bb s\u00f6zl\u0259ri il\u0259 polisi d\u0259 t\u0259hqir etm\u0259y\u0259 ba\u015flad\u0131. Bir saatdan sonra polis onlar\u0131 m\u0259nim m\u0259nzilimd\u0259n qovma\u011fa nail oldu. <\/strong><\/p>\n\n\n\n<p><strong>Bu g\u00fcnd\u0259n m\u0259n art\u0131q Qaraba\u011f erm\u0259nil\u0259rin\u0259 nifr\u0259t edir\u0259m. Qoy bizd\u0259n uzaq olub hara gedirl\u0259r getsinl\u0259r\u00bb.<\/strong><\/p>\n\n\n\n<figure class=\"wp-block-image size-large is-resized\"><img loading=\"lazy\" decoding=\"async\" src=\"https:\/\/fedai.az\/wp-content\/uploads\/2020\/11\/Nurlan1-2.jpg\" alt=\"\" class=\"wp-image-21973\" width=\"252\" height=\"252\" srcset=\"https:\/\/fedai.az\/wp-content\/uploads\/2020\/11\/Nurlan1-2.jpg 633w, https:\/\/fedai.az\/wp-content\/uploads\/2020\/11\/Nurlan1-2-300x300.jpg 300w, https:\/\/fedai.az\/wp-content\/uploads\/2020\/11\/Nurlan1-2-150x150.jpg 150w, https:\/\/fedai.az\/wp-content\/uploads\/2020\/11\/Nurlan1-2-215x215.jpg 215w\" sizes=\"auto, (max-width: 252px) 100vw, 252px\" \/><\/figure>\n\n\n\n<p><strong>Nurlan M\u0259mm\u0259dov<\/strong><\/p>\n\n\n\n<p><em><strong>Veteran.az sayt\u0131n\u0131n redaktoru<\/strong><\/em><\/p>\n","protected":false},"excerpt":{"rendered":"<p>Erm\u0259ni xisl\u0259tinin \u00e7irkinliyi, erm\u0259ni h\u0259yas\u0131zl\u0131\u011f\u0131, erm\u0259ni iki\u00fczl\u00fcl\u00fcy\u00fc o q\u0259d\u0259r ifrat d\u0259rc\u0259y\u0259 \u00e7atm\u0131\u015fd\u0131r ki, art\u0131q d\u00fcnyada sosial bir termin kimi istifad\u0259 olunma\u011fa ba\u015flam\u0131\u015fd\u0131r. \u00abErm\u0259ni x\u0259yan\u0259ti\u00bb,<\/p>\n","protected":false},"author":2,"featured_media":21975,"comment_status":"closed","ping_status":"closed","sticky":false,"template":"","format":"standard","meta":{"footnotes":""},"categories":[15],"tags":[],"class_list":["post-21972","post","type-post","status-publish","format-standard","has-post-thumbnail","hentry","category-atmaca"],"aioseo_notices":[],"_links":{"self":[{"href":"https:\/\/fedai.az\/index.php?rest_route=\/wp\/v2\/posts\/21972","targetHints":{"allow":["GET"]}}],"collection":[{"href":"https:\/\/fedai.az\/index.php?rest_route=\/wp\/v2\/posts"}],"about":[{"href":"https:\/\/fedai.az\/index.php?rest_route=\/wp\/v2\/types\/post"}],"author":[{"embeddable":true,"href":"https:\/\/fedai.az\/index.php?rest_route=\/wp\/v2\/users\/2"}],"replies":[{"embeddable":true,"href":"https:\/\/fedai.az\/index.php?rest_route=%2Fwp%2Fv2%2Fcomments&post=21972"}],"version-history":[{"count":4,"href":"https:\/\/fedai.az\/index.php?rest_route=\/wp\/v2\/posts\/21972\/revisions"}],"predecessor-version":[{"id":21990,"href":"https:\/\/fedai.az\/index.php?rest_route=\/wp\/v2\/posts\/21972\/revisions\/21990"}],"wp:featuredmedia":[{"embeddable":true,"href":"https:\/\/fedai.az\/index.php?rest_route=\/wp\/v2\/media\/21975"}],"wp:attachment":[{"href":"https:\/\/fedai.az\/index.php?rest_route=%2Fwp%2Fv2%2Fmedia&parent=21972"}],"wp:term":[{"taxonomy":"category","embeddable":true,"href":"https:\/\/fedai.az\/index.php?rest_route=%2Fwp%2Fv2%2Fcategories&post=21972"},{"taxonomy":"post_tag","embeddable":true,"href":"https:\/\/fedai.az\/index.php?rest_route=%2Fwp%2Fv2%2Ftags&post=21972"}],"curies":[{"name":"wp","href":"https:\/\/api.w.org\/{rel}","templated":true}]}}