{"id":21977,"date":"2020-11-30T02:22:33","date_gmt":"2020-11-29T22:22:33","guid":{"rendered":"https:\/\/fedai.az\/?p=21977"},"modified":"2020-11-30T02:23:03","modified_gmt":"2020-11-29T22:23:03","slug":"h-haciyev-erm%c9%99nistan-agdamda-s%c9%99h%c9%99r-soyqirimi-h%c9%99yata-kecirib","status":"publish","type":"post","link":"https:\/\/fedai.az\/?p=21977","title":{"rendered":"H. Hac\u0131yev: \u201cErm\u0259nistan A\u011fdamda \u015f\u0259h\u0259r soyq\u0131r\u0131m\u0131 h\u0259yata ke\u00e7irib\u201d"},"content":{"rendered":"\n<p><strong>A\u011fdam urbisidin (\u015f\u0259h\u0259rl\u0259r\u0259 qar\u015f\u0131 soyq\u0131r\u0131m\u0131) canl\u0131 t\u0259sviri v\u0259 etiraf\u0131d\u0131r.<\/strong><\/p>\n\n\n\n<p>Bu bar\u0259d\u0259 Az\u0259rbaycan Prezidentinin k\u00f6m\u0259k\u00e7isi \u2013 Prezident Administrasiyas\u0131n\u0131n Xarici siyas\u0259t m\u0259s\u0259l\u0259l\u0259ri \u015f\u00f6b\u0259sinin m\u00fcdiri Hikm\u0259t Hac\u0131yev \u201cTwitter\u201d hesab\u0131nda yaz\u0131b.H.Hac\u0131yev bildirib: <strong>\u201c\u015e\u0259h\u0259rl\u0259rin soyq\u0131r\u0131m\u0131. Erm\u0259nistan 28 il \u0259rzind\u0259 A\u011fdamda h\u0259qiqi urbisid h\u0259yata ke\u00e7irib\u201d.<\/strong><\/p>\n","protected":false},"excerpt":{"rendered":"<p>A\u011fdam urbisidin (\u015f\u0259h\u0259rl\u0259r\u0259 qar\u015f\u0131 soyq\u0131r\u0131m\u0131) canl\u0131 t\u0259sviri v\u0259 etiraf\u0131d\u0131r. Bu bar\u0259d\u0259 Az\u0259rbaycan Prezidentinin k\u00f6m\u0259k\u00e7isi \u2013 Prezident Administrasiyas\u0131n\u0131n Xarici siyas\u0259t m\u0259s\u0259l\u0259l\u0259ri \u015f\u00f6b\u0259sinin m\u00fcdiri Hikm\u0259t Hac\u0131yev<\/p>\n","protected":false},"author":2,"featured_media":21978,"comment_status":"closed","ping_status":"closed","sticky":false,"template":"","format":"standard","meta":{"footnotes":""},"categories":[3],"tags":[],"class_list":["post-21977","post","type-post","status-publish","format-standard","has-post-thumbnail","hentry","category-gundm"],"aioseo_notices":[],"_links":{"self":[{"href":"https:\/\/fedai.az\/index.php?rest_route=\/wp\/v2\/posts\/21977","targetHints":{"allow":["GET"]}}],"collection":[{"href":"https:\/\/fedai.az\/index.php?rest_route=\/wp\/v2\/posts"}],"about":[{"href":"https:\/\/fedai.az\/index.php?rest_route=\/wp\/v2\/types\/post"}],"author":[{"embeddable":true,"href":"https:\/\/fedai.az\/index.php?rest_route=\/wp\/v2\/users\/2"}],"replies":[{"embeddable":true,"href":"https:\/\/fedai.az\/index.php?rest_route=%2Fwp%2Fv2%2Fcomments&post=21977"}],"version-history":[{"count":1,"href":"https:\/\/fedai.az\/index.php?rest_route=\/wp\/v2\/posts\/21977\/revisions"}],"predecessor-version":[{"id":21979,"href":"https:\/\/fedai.az\/index.php?rest_route=\/wp\/v2\/posts\/21977\/revisions\/21979"}],"wp:featuredmedia":[{"embeddable":true,"href":"https:\/\/fedai.az\/index.php?rest_route=\/wp\/v2\/media\/21978"}],"wp:attachment":[{"href":"https:\/\/fedai.az\/index.php?rest_route=%2Fwp%2Fv2%2Fmedia&parent=21977"}],"wp:term":[{"taxonomy":"category","embeddable":true,"href":"https:\/\/fedai.az\/index.php?rest_route=%2Fwp%2Fv2%2Fcategories&post=21977"},{"taxonomy":"post_tag","embeddable":true,"href":"https:\/\/fedai.az\/index.php?rest_route=%2Fwp%2Fv2%2Ftags&post=21977"}],"curies":[{"name":"wp","href":"https:\/\/api.w.org\/{rel}","templated":true}]}}