{"id":21987,"date":"2020-11-30T04:51:12","date_gmt":"2020-11-30T00:51:12","guid":{"rendered":"https:\/\/fedai.az\/?p=21987"},"modified":"2020-11-30T21:38:53","modified_gmt":"2020-11-30T17:38:53","slug":"ayinin-min-oyunu-v%c9%99-erm%c9%99nil%c9%99rin-son-cirpinislari","status":"publish","type":"post","link":"https:\/\/fedai.az\/?p=21987","title":{"rendered":"Ay\u0131n\u0131n min oyunu v\u0259 erm\u0259nil\u0259rin son \u00e7\u0131rp\u0131n\u0131\u015flar\u0131"},"content":{"rendered":"\n<p><strong>Erm\u0259nistan\u0131n ba\u015f naziri Nikol Pa\u015finyanla g\u00f6r\u00fc\u015f\u0259n \u0259sg\u0259r valideynl\u0259ri d\u0259 g\u00f6r\u00fc\u015fd\u0259 \u00f6vladlar\u0131n\u0131n geri qaytar\u0131lmas\u0131n\u0131 t\u0259l\u0259b edibl\u0259r.<\/strong><\/p>\n\n\n\n<p>Bu bar\u0259d\u0259 g\u00f6r\u00fc\u015fd\u0259 i\u015ftirak ed\u0259n \u0259sg\u0259r valideynl\u0259rind\u0259n biri bel\u0259 deyib: \u201cPa\u015finyanla g\u00f6r\u00fc\u015f zaman\u0131 ona v\u0259ziyy\u0259t\u0259 n\u0259zar\u0259t etm\u0259diyini s\u00f6yl\u0259dim. Dedim ki, i\u015f\u00e7il\u0259ri ona yanl\u0131\u015f m\u0259lumatlar \u00f6t\u00fcr\u00fcrl\u0259r. Qaraba\u011fdak\u0131 \u0259sg\u0259rl\u0259rin h\u0259qiqi v\u0259ziyy\u0259ti bar\u0259d\u0259 m\u0259lumat\u0131 yoxdur.<\/p>\n\n\n\n<p>18-20 ya\u015fl\u0131 \u00e7a\u011f\u0131r\u0131\u015f\u00e7\u0131lar\u0131n xidm\u0259tl\u0259rini davam etdirm\u0259k \u00fc\u00e7\u00fcn Erm\u0259nistan \u0259razisin\u0259 qaytar\u0131lmas\u0131n\u0131 t\u0259l\u0259b etdik. M\u00fcdafi\u0259 nazirliyinin \u0259sg\u0259rl\u0259ri tamamil\u0259 unutdu\u011funu ba\u015f nazirin diqq\u0259tin\u0259 \u00e7atd\u0131rd\u0131m. Pa\u015finyan is\u0259 cavab olaraq dedi: &#171;S\u0259n n\u0259 ist\u0259yirs\u0259n, biz ora ikin\u0259f\u0259rlik \u00e7arpay\u0131 aparaq? M\u0259g\u0259r, bu cavabd\u0131r. Bu s\u00f6zl\u0259rd\u0259n sonra hesab edir\u0259m ki, art\u0131q ba\u015f nazirimiz yoxdur&#187;.<\/p>\n\n\n\n<figure class=\"wp-block-image size-large is-resized\"><img loading=\"lazy\" decoding=\"async\" src=\"https:\/\/fedai.az\/wp-content\/uploads\/2020\/11\/78673290_2794581787284895_7599379137697939456_o-1.jpg\" alt=\"\" class=\"wp-image-21998\" width=\"975\" height=\"1000\" srcset=\"https:\/\/fedai.az\/wp-content\/uploads\/2020\/11\/78673290_2794581787284895_7599379137697939456_o-1.jpg 936w, https:\/\/fedai.az\/wp-content\/uploads\/2020\/11\/78673290_2794581787284895_7599379137697939456_o-1-293x300.jpg 293w, https:\/\/fedai.az\/wp-content\/uploads\/2020\/11\/78673290_2794581787284895_7599379137697939456_o-1-146x150.jpg 146w, https:\/\/fedai.az\/wp-content\/uploads\/2020\/11\/78673290_2794581787284895_7599379137697939456_o-1-768x788.jpg 768w\" sizes=\"auto, (max-width: 975px) 100vw, 975px\" \/><\/figure>\n\n\n\n<p>\u015eikay\u0259t\u00e7inin s\u00f6zl\u0259rin\u0259 g\u00f6r\u0259, Pa\u015finyan onlar\u0131n reaksiyas\u0131ndan sonra axmaq ifad\u0259 i\u015fl\u0259tdiyini ba\u015fa d\u00fc\u015f\u0259r\u0259k \u00fczr ist\u0259yib: &#171;M\u0259g\u0259r biz \u00e7arpay\u0131 ist\u0259yirik? \u018fsg\u0259rl\u0259r torpa\u011f\u0131n \u00fcst\u00fcnd\u0259 yat\u0131rlar, s\u0259hh\u0259tl\u0259ri getdikc\u0259 pisl\u0259\u015fir\u201d.<\/p>\n\n\n\n<p>Xat\u0131rladaq ki, bu g\u00fcn Erm\u0259nistan m\u00fcdafi\u0259 nazirliyinin binas\u0131 qar\u015f\u0131s\u0131nda \u0259sg\u0259r valideynl\u0259ri etiraz aksiyas\u0131 ke\u00e7irir. Erm\u0259nistan\u0131n m\u00fcdafi\u0259 naziri Vaqar\u015fak Arutunyan \u0259sg\u0259r valideynl\u0259ri il\u0259 g\u00f6r\u00fc\u015f zaman\u0131 bildirib ki, onlar\u0131n \u00f6vladlar\u0131n\u0131 Erm\u0259nistana k\u00f6\u00e7\u00fcrm\u0259k m\u00fcmk\u00fcn deyil, yaln\u0131z h\u0259rbi qulluq\u00e7ular\u0131 m\u00fcv\u0259qq\u0259ti olaraq \u0259v\u0259z etm\u0259k olar.<\/p>\n\n\n\n<p>Erm\u0259nistan medias\u0131 x\u0259b\u0259r verir ki, bu bar\u0259d\u0259 g\u00f6r\u00fc\u015fd\u0259 i\u015ftirak etmi\u015f \u0259sg\u0259rl\u0259rin valideynl\u0259rind\u0259n biri bildirib:<\/p>\n\n\n\n<p><strong>&#171;M\u00fcmk\u00fcn deyil ki, ordu oradan g\u0259lsin, onlar\u0131 dig\u0259r \u0259sg\u0259rl\u0259rl\u0259 \u0259v\u0259z edib, 10 g\u00fcnl\u00fck m\u0259zuniyy\u0259t ver\u0259 bil\u0259rl\u0259r. Bel\u0259likl\u0259, bizim t\u0259l\u0259bimiz yerin\u0259 yetirilm\u0259di. Soru\u015fduq ki, he\u00e7 olmasa \u00f6vladlar\u0131m\u0131z\u0131n \u0259sir g\u00f6t\u00fcr\u00fclm\u0259y\u0259c\u0259yin\u0259 z\u0259man\u0259t verirl\u0259rmi? Dedil\u0259r b\u0259li, onlar t\u0259hl\u00fck\u0259sizliy\u0259 \u0259mindirl\u0259r&#187;<\/strong>.<\/p>\n\n\n\n<p>\u018fsg\u0259r valideynl\u0259ri h\u0259tta \u00f6vladlar\u0131n\u0131 Erm\u0259nistana \u00f6z g\u00fccl\u0259ri il\u0259 qaytarma\u011f\u0131 t\u0259klif edibl\u0259r, amma nazir buna etiraz edib.<\/p>\n\n\n\n<p>&#171;Biz bildirdik ki, \u00f6vladlar\u0131m\u0131z\u0131 g\u0259tirm\u0259k \u00fc\u00e7\u00fcn h\u0259tta 9-10 il h\u0259bs edilm\u0259y\u0259 haz\u0131r\u0131q, o dedi: &#171;bu, sizin \u00fc\u00e7\u00fcn daha pisdir&#187;, &#8212; dey\u0259 aksiya i\u015ftirak\u00e7\u0131s\u0131 \u0259lav\u0259 edib. Bu faktlar\u0131 verm\u0259kd\u0259 m\u0259qs\u0259dim, h\u0259m Erm\u0259nistan \u0259halisinin, h\u0259m d\u0259 Az\u0259rbaycan\u0131n m\u00f6vqeyi qanunsuz h\u0259rbi birlikl\u0259rin \u00f6lk\u0259mizin \u0259razil\u0259rind\u0259n \u00e7\u0131xar\u0131lmas\u0131n\u0131 ist\u0259yirl\u0259r. Ayd\u0131n olan odur ki, Rusiya, m\u0259hz bu q\u00fcvv\u0259l\u0259rd\u0259n istifad\u0259 etm\u0259yi planla\u015fd\u0131r\u0131r.<\/p>\n\n\n\n<p>Y\u0259ni Erm\u0259nistan r\u0259hb\u0259rliyinin oyun oynamas\u0131 g\u00f6z \u00f6n\u00fcnd\u0259dir. Rusiyan\u0131n t\u0259l\u0259m-t\u0259l\u0259sik \u00f6z\u00fcn\u00fc La\u00e7\u0131n koridoruna &#171;t\u0259pi\u015fdirm\u0259si&#187; \u00fc\u00e7\u00fcn \u00f6z \u00fcz\u0259rin\u0259 g\u00f6t\u00fcrd\u00fcy\u00fc qeyd-\u015f\u0259rtsiz bir \u00f6hd\u0259liyi dey\u0259s\u0259n tamam unudub:<strong> &#171;\u041c\u0438\u0440\u043e\u0442\u0432\u043e\u0440\u0447\u0435\u0441\u043a\u0438\u0439 \u043a\u043e\u043d\u0442\u0438\u043d\u0433\u0435\u043d\u0442 \u0420\u043e\u0441\u0441\u0438\u0439\u0441\u043a\u043e\u0439 \u0424\u0435\u0434\u0435\u0440\u0430\u0446\u0438\u0438 \u0440\u0430\u0437\u0432\u0435\u0440\u0442\u044b\u0432\u0430\u0435\u0442\u0441\u044f \u043f\u0430\u0440\u0430\u043b\u043b\u0435\u043b\u044c\u043d\u043e \u0441 \u0432\u044b\u0432\u043e\u0434\u043e\u043c \u0430\u0440\u043c\u044f\u043d\u0441\u043a\u0438\u0445 \u0432\u043e\u043e\u0440\u0443\u0436\u0435\u043d\u043d\u044b\u0445 \u0441\u0438\u043b.&#187;<\/strong> Rusiya buraya taxta-\u015falban da\u015f\u0131maqla, Haykanu\u015fa su da\u015f\u0131maqla v\u0259 s. &#171;ay\u0131 oyunlar\u0131 il\u0259&#187; Az\u0259rbaycan xalq\u0131n\u0131 aldadaca\u011f\u0131n\u0131 d\u00fc\u015f\u00fcn\u00fcrs\u0259, b\u00f6y\u00fck yanl\u0131\u015fa yol verir. \u0130nanm\u0131rsa, bunu Milli M\u00fcdafi\u0259 M\u0259rk\u0259zind\u0259n bir daha soru\u015fsun.<\/p>\n\n\n\n<p><strong>\u018fld\u0259 etdiyim bir m\u0259lumata g\u00f6r\u0259, A\u011fd\u0259r\u0259ni i\u015f\u011falda saxlayan qanunsuz erm\u0259ni terror\u00e7u birlikl\u0259ri RF &#171;s\u00fclh&#187; m\u0259rams\u0131zlar\u0131 il\u0259 tam \u0259laq\u0259d\u0259 f\u0259aliyy\u0259t g\u00f6st\u0259rm\u0259kd\u0259dirl\u0259r. H\u0259tta A\u011fd\u0259r\u0259 K\u0259lb\u0259c\u0259r rayonu aras\u0131nda, \u00c7\u0259r\u0259kdar yax\u0131nl\u0131\u011f\u0131nda postlar onlara m\u0259xsus birlikl\u0259r\u0259 h\u0259val\u0259 olunub. (Fotolar 28-29.11.2020-ci il\u0259 aiddir, bu fotolar\u0131 art\u0131q internetd\u0259n y\u0131\u011f\u0131\u015fd\u0131r\u0131blar).<\/strong><\/p>\n\n\n\n<figure class=\"wp-block-gallery columns-2 is-cropped wp-block-gallery-1 is-layout-flex wp-block-gallery-is-layout-flex\"><ul class=\"blocks-gallery-grid\"><li class=\"blocks-gallery-item\"><figure><img loading=\"lazy\" decoding=\"async\" width=\"768\" height=\"512\" src=\"https:\/\/fedai.az\/wp-content\/uploads\/2020\/11\/22122053_2.png\" alt=\"\" data-id=\"21992\" data-link=\"https:\/\/fedai.az\/?attachment_id=21992\" class=\"wp-image-21992\" srcset=\"https:\/\/fedai.az\/wp-content\/uploads\/2020\/11\/22122053_2.png 768w, https:\/\/fedai.az\/wp-content\/uploads\/2020\/11\/22122053_2-300x200.png 300w, https:\/\/fedai.az\/wp-content\/uploads\/2020\/11\/22122053_2-150x100.png 150w\" sizes=\"auto, (max-width: 768px) 100vw, 768px\" \/><\/figure><\/li><li class=\"blocks-gallery-item\"><figure><img loading=\"lazy\" decoding=\"async\" width=\"768\" height=\"501\" src=\"https:\/\/fedai.az\/wp-content\/uploads\/2020\/11\/22122053_3.png\" alt=\"\" data-id=\"21993\" data-full-url=\"https:\/\/fedai.az\/wp-content\/uploads\/2020\/11\/22122053_3.png\" data-link=\"https:\/\/fedai.az\/?attachment_id=21993\" class=\"wp-image-21993\" srcset=\"https:\/\/fedai.az\/wp-content\/uploads\/2020\/11\/22122053_3.png 768w, https:\/\/fedai.az\/wp-content\/uploads\/2020\/11\/22122053_3-300x196.png 300w, https:\/\/fedai.az\/wp-content\/uploads\/2020\/11\/22122053_3-150x98.png 150w\" sizes=\"auto, (max-width: 768px) 100vw, 768px\" \/><\/figure><\/li><\/ul><\/figure>\n\n\n\n<figure class=\"wp-block-gallery columns-2 is-cropped wp-block-gallery-2 is-layout-flex wp-block-gallery-is-layout-flex\"><ul class=\"blocks-gallery-grid\"><li class=\"blocks-gallery-item\"><figure><img loading=\"lazy\" decoding=\"async\" width=\"768\" height=\"481\" src=\"https:\/\/fedai.az\/wp-content\/uploads\/2020\/11\/22122053_0.png\" alt=\"\" data-id=\"22022\" data-link=\"https:\/\/fedai.az\/?attachment_id=22022\" class=\"wp-image-22022\" srcset=\"https:\/\/fedai.az\/wp-content\/uploads\/2020\/11\/22122053_0.png 768w, https:\/\/fedai.az\/wp-content\/uploads\/2020\/11\/22122053_0-300x188.png 300w, https:\/\/fedai.az\/wp-content\/uploads\/2020\/11\/22122053_0-150x94.png 150w, https:\/\/fedai.az\/wp-content\/uploads\/2020\/11\/22122053_0-115x73.png 115w\" sizes=\"auto, (max-width: 768px) 100vw, 768px\" \/><\/figure><\/li><li class=\"blocks-gallery-item\"><figure><img loading=\"lazy\" decoding=\"async\" width=\"768\" height=\"507\" src=\"https:\/\/fedai.az\/wp-content\/uploads\/2020\/11\/22122053_1-1.png\" alt=\"\" data-id=\"22024\" data-full-url=\"https:\/\/fedai.az\/wp-content\/uploads\/2020\/11\/22122053_1-1.png\" data-link=\"https:\/\/fedai.az\/?attachment_id=22024\" class=\"wp-image-22024\" srcset=\"https:\/\/fedai.az\/wp-content\/uploads\/2020\/11\/22122053_1-1.png 768w, https:\/\/fedai.az\/wp-content\/uploads\/2020\/11\/22122053_1-1-300x198.png 300w, https:\/\/fedai.az\/wp-content\/uploads\/2020\/11\/22122053_1-1-150x99.png 150w\" sizes=\"auto, (max-width: 768px) 100vw, 768px\" \/><\/figure><\/li><\/ul><\/figure>\n\n\n\n<p>\u018fld\u0259 etdiyim m\u0259lumatlar Rusiya Federasiyas\u0131n\u0131n Milli M\u00fcdafi\u0259 \u0130dar\u0259etm\u0259 M\u0259rk\u0259zinin haz\u0131rlad\u0131\u011f\u0131 plandan g\u00f6t\u00fcr\u00fcl\u00fcb. Bu M\u0259rk\u0259z h\u0259rbi departament  kimi yarad\u0131l\u0131b.<\/p>\n\n\n\n<p><strong>M\u0259lumat \u00fc\u00e7\u00fcn bildirim ki, Rusiya Federasiyas\u0131n\u0131n Milli M\u00fcdafi\u0259 \u0130dar\u0259etm\u0259 M\u0259rk\u0259zi, Rusiya Federasiyas\u0131 Silahl\u0131 Q\u00fcvv\u0259l\u0259ri Ba\u015f Q\u0259rargah\u0131n\u0131n M\u0259rk\u0259zi Komandanl\u0131\u011f\u0131n\u0131n varisidir.<\/strong><\/p>\n\n\n\n<p><br>General-leytenant (2017-ci ild\u0259n general polkovnik) Mixail Mizintsev Rusiyan\u0131n MM\u0130M-nin ba\u015f\u00e7\u0131s\u0131 t\u0259yin edilib. Rusiyan\u0131n MM\u0130M-i \u00f6lk\u0259nin b\u00fct\u00fcn h\u0259rbi h\u0259yat\u0131nda \u0259sas koordinasiya orqan\u0131 hal\u0131na g\u0259tirm\u0259k planla\u015fd\u0131r\u0131l\u0131r.<\/p>\n\n\n\n<p><br>Rusiya Federasiyas\u0131n\u0131n Prezidenti Vladimir Putin &#171;MM\u0130M-nin yarad\u0131lmas\u0131 haqq\u0131nda&#187; f\u0259rman\u0131 10 dekabr 2013-c\u00fc il tarixd\u0259 imzalam\u0131\u015fd\u0131r.<br>1 dekabr 2014-c\u00fc il tarixind\u0259 Rusiya MM\u0130M-\u0259 Atrium, Qar\u015f\u0131l\u0131ql\u0131 \u0130dar\u0259etm\u0259 Ota\u011f\u0131, Q\u0259rar Q\u0259bul etm\u0259 Zal\u0131 v\u0259 dig\u0259r salon v\u0259 otaqlar daxildir.<br>22 dekabr 2014-c\u00fc il tarixind\u0259 Rusiya Federasiyas\u0131 M\u00fcdafi\u0259 naziri Sergey \u015eoyqu Rusiyan\u0131n MM\u0130M r\u0259hb\u0259rinin \u015f\u0259xsi standart\u0131n\u0131 general-leytenant Mixail Mizintsev\u0259 t\u0259qdim edib.<\/p>\n\n\n\n<figure class=\"wp-block-gallery columns-1 is-cropped wp-block-gallery-3 is-layout-flex wp-block-gallery-is-layout-flex\"><ul class=\"blocks-gallery-grid\"><li class=\"blocks-gallery-item\"><figure><img loading=\"lazy\" decoding=\"async\" width=\"1024\" height=\"242\" src=\"https:\/\/fedai.az\/wp-content\/uploads\/2020\/11\/SOVESHANIE_MO_160112_01-1024x242.jpg\" alt=\"\" data-id=\"21995\" data-full-url=\"https:\/\/fedai.az\/wp-content\/uploads\/2020\/11\/SOVESHANIE_MO_160112_01.jpg\" data-link=\"https:\/\/fedai.az\/?attachment_id=21995\" class=\"wp-image-21995\" srcset=\"https:\/\/fedai.az\/wp-content\/uploads\/2020\/11\/SOVESHANIE_MO_160112_01-1024x242.jpg 1024w, https:\/\/fedai.az\/wp-content\/uploads\/2020\/11\/SOVESHANIE_MO_160112_01-300x71.jpg 300w, https:\/\/fedai.az\/wp-content\/uploads\/2020\/11\/SOVESHANIE_MO_160112_01-150x35.jpg 150w, https:\/\/fedai.az\/wp-content\/uploads\/2020\/11\/SOVESHANIE_MO_160112_01-768x181.jpg 768w, https:\/\/fedai.az\/wp-content\/uploads\/2020\/11\/SOVESHANIE_MO_160112_01-1536x363.jpg 1536w, https:\/\/fedai.az\/wp-content\/uploads\/2020\/11\/SOVESHANIE_MO_160112_01.jpg 1651w\" sizes=\"auto, (max-width: 1024px) 100vw, 1024px\" \/><\/figure><\/li><\/ul><\/figure>\n\n\n\n<p><br>Rusiya Federasiyas\u0131 Silahl\u0131 Q\u00fcvv\u0259l\u0259rinin Ali Ba\u015f Komandan\u0131 Vladimir Putin 23 dekabr 2014-c\u00fc ild\u0259 m\u0259rk\u0259z\u0259 s\u0259f\u0259ri zaman\u0131 Milli M\u00fcdafi\u0259 \u0130dar\u0259etm\u0259 M\u0259rk\u0259zinin Kollektiv T\u0259hl\u00fck\u0259sizlik M\u00fcqavil\u0259si T\u0259\u015fkilat\u0131n\u0131n b\u00fct\u00fcn \u00f6lk\u0259l\u0259ri \u00fc\u00e7\u00fcn \u00e7al\u0131\u015faca\u011f\u0131n\u0131 s\u00f6yl\u0259ib.\u00a0Bu m\u0259s\u0259l\u0259l\u0259r aras\u0131nda s\u00fclhm\u0259raml\u0131l\u0131\u011fa aid he\u00e7 bir v\u0259zif\u0259y\u0259 rast g\u0259lm\u0259dim. \u00c7\u00fcnki bu ordunun bel\u0259 bir missiyas\u0131 yoxdur v\u0259 bu ordu bu sah\u0259d\u0259 \u00f6z\u00fcn\u00fc biyab\u0131r etmi\u015f, l\u0259k\u0259li separatizmi d\u0259st\u0259kl\u0259y\u0259n bir imic\u0259 malik ordudur. <\/p>\n\n\n\n<p><strong>M\u0259s\u0259l\u0259n,\u00a0onun v\u0259zif\u0259l\u0259ri aras\u0131nda \u0259sas m\u00fcdd\u0259alar Rusiya Federasiyas\u0131 Silahl\u0131 Q\u00fcvv\u0259l\u0259rinin m\u0259rk\u0259zl\u0259\u015fdirilmi\u015f d\u00f6y\u00fc\u015f n\u0259zar\u0259ti sisteminin d\u00f6y\u00fc\u015f istifad\u0259sin\u0259 haz\u0131r v\u0259ziyy\u0259td\u0259 olmas\u0131 v\u0259 Silahl\u0131 Q\u00fcvv\u0259l\u0259rin v\u0259ziyy\u0259tini, qo\u015funlar\u0131n (q\u00fcvv\u0259l\u0259rin) strateji istiqam\u0259tl\u0259rd\u0259 qrupla\u015fd\u0131r\u0131lmas\u0131n\u0131 v\u0259 d\u00f6y\u00fc\u015f v\u0259zif\u0259sinin yerin\u0259 yetirm\u0259si; M\u00fcdafi\u0259 Nazirliyinin r\u0259hb\u0259rliyin\u0259 d\u00fcnyadak\u0131 h\u0259rbi-siyasi v\u0259ziyy\u0259t, Rusiya Federasiyas\u0131ndak\u0131 ictimai-siyasi v\u0259ziyy\u0259t v\u0259 Silahl\u0131 Q\u00fcvv\u0259l\u0259rin v\u0259ziyy\u0259ti bar\u0259d\u0259 m\u0259lumat verm\u0259k, M\u00fcdafi\u0259 Nazirliyinin situasiya m\u0259rk\u0259zind\u0259 hadis\u0259l\u0259r zaman\u0131 d\u00f6vl\u0259tin v\u0259 M\u00fcdafi\u0259 Nazirliyinin r\u0259hb\u0259r i\u015f\u00e7il\u0259rinin i\u015fin\u0259 informasiya d\u0259st\u0259yi v\u0259 s. h\u0259rbi u\u00e7u\u015flar bar\u0259d\u0259 m\u00fcdd\u0259alar var.<\/strong>(<a href=\"http:\/\/bastion-karpenko.ru\/ncuo\/)\">http:\/\/bastion-karpenko.ru\/ncuo\/)<\/a><\/p>\n\n\n\n<p>\u00d6z t\u0259qa\u00fcd\u00e7\u00fcl\u0259ri ac\u0131ndan \u00f6l\u0259n RF son ayda \u0259n \u00e7ox Qaraba\u011fla ba\u011fl\u0131 q\u0259rarlar q\u0259bul edib v\u0259 Putinin d\u0259 \u0259sas f\u0259aliyy\u0259ti bununla ba\u011fl\u0131 olub. Q\u0259bul edilmi\u015f b\u00fct\u00fcn q\u0259rarlar Az\u0259rbaycan\u0131n qanunvericiliyin\u0259 tam ziddir. Diqq\u0259t edin:<\/p>\n\n\n\n<ul class=\"wp-block-list\"><li><strong>RF Qaraba\u011fda ya\u015fayacaq erm\u0259ni \u0259halini b\u00fct\u00fcn kommunal v\u0259 qeyri \u00f6d\u0259ni\u015fl\u0259rd\u0259n azad edib.<\/strong><\/li><li><strong>Rusiya s\u00fclh m\u0259raml\u0131 kontingentinin r\u0259hb\u0259rliyi separat\u00e7\u0131lar\u0131n lideriyl\u0259 qanunsuz g\u00f6r\u00fc\u015fd\u0259 ona Xank\u0259ndinin inki\u015faf plan\u0131n\u0131 t\u0259qdim edib.<\/strong><\/li><li><strong>Xank\u0259ndinin 100 minlik \u015f\u0259h\u0259r\u0259 \u00e7evrilm\u0259si. Yeni binalar\u0131n tikilm\u0259si.<\/strong><\/li><li><strong>Qaraba\u011fda yerli h\u00fcquq-m\u00fchafiz\u0259 orqanlar\u0131n\u0131n t\u0259\u015fkili v\u0259 onlar\u0131n t\u0259rkibind\u0259 yerli \u00f6z\u00fcn\u00fcm\u00fcdafi\u0259 birlikl\u0259rinin yarad\u0131lmas\u0131. Y\u0259ni terror\u00e7ulara &#171;q\u00fcsl&#187; verib polis d\u00fcz\u0259ld\u0259c\u0259k Rusiyan\u0131n niyy\u0259ti b\u0259llidir. H\u0259m\u00e7inin bu q\u00fcvv\u0259l\u0259r\u0259 S\u00fclh m\u0259raml\u0131lara yard\u0131m\u00e7\u0131 statusu veril\u0259c\u0259k.<\/strong><\/li><li><strong>RF FHN v\u0259 S\u0259hiyy\u0259 nazirlikl\u0259rinin b\u00f6lm\u0259l\u0259rinin yarad\u0131lmas\u0131.<\/strong><\/li><\/ul>\n\n\n\n<figure class=\"wp-block-image size-large is-resized\"><img loading=\"lazy\" decoding=\"async\" src=\"https:\/\/fedai.az\/wp-content\/uploads\/2020\/11\/125366807_650781598952550_8613643192166952586_o-1.jpg\" alt=\"\" class=\"wp-image-21997\" width=\"928\" height=\"696\" srcset=\"https:\/\/fedai.az\/wp-content\/uploads\/2020\/11\/125366807_650781598952550_8613643192166952586_o-1.jpg 552w, https:\/\/fedai.az\/wp-content\/uploads\/2020\/11\/125366807_650781598952550_8613643192166952586_o-1-300x225.jpg 300w, https:\/\/fedai.az\/wp-content\/uploads\/2020\/11\/125366807_650781598952550_8613643192166952586_o-1-150x113.jpg 150w\" sizes=\"auto, (max-width: 928px) 100vw, 928px\" \/><\/figure>\n\n\n\n<p>Bu m\u0259lumat\u0131 MM\u0130M-\u0259 istinad\u0259n R\u0130A Novosti yay\u0131b. Xank\u0259ndi separat\u00e7\u0131lar\u0131ndan Artur Arutyunyan bu faktlar\u0131 t\u0259sdiq edib. Bildirib ki, haz\u0131rda Xank\u0259ndid\u0259 evl\u0259ri olan, amma burada ya\u015famayan \u015f\u0259xsl\u0259rl\u0259 \u0259laq\u0259 saxlan\u0131l\u0131r, onlar\u0131n m\u0259nzill\u0259ri t\u0259cili inventarla\u015fd\u0131r\u0131l\u0131r. V\u0259 bu m\u0259nzill\u0259rd\u0259 evl\u0259rini &#171;itir\u0259n&#187; erm\u0259nil\u0259r yerl\u0259\u015fdirilir. \u0130lkin hesablamalara g\u00f6r\u0259, bu iki ayl\u0131q proses zaman\u0131 t\u0259xmin\u0259n 25 min erm\u0259ni onlara m\u0259xsus olmayan, amma \u00f6zl\u0259rinin hesab etdiyi evl\u0259rini itirib.<\/p>\n\n\n\n<p><strong>Erm\u0259nil\u0259r bu insanlar\u0131 Xank\u0259ndid\u0259 saxlamaq \u00fc\u00e7\u00fcn m\u00fcxt\u0259lif add\u0131mlar at\u0131rlar. M\u0259s\u0259l\u0259n, bir il \u0259rzind\u0259 burada ya\u015fayan erm\u0259nil\u0259r elektrik enerjisin\u0259, internet\u0259 v\u0259 telefona \u00f6d\u0259ni\u015f etm\u0259y\u0259c\u0259k. Eyni zamanda h\u0259r ail\u0259 ba\u015f\u0131na 60 min dram pul veril\u0259c\u0259k. Separat\u00e7\u0131 Artyunyan ruslar\u0131n m\u00f6vcud plan\u0131na uy\u011fun a\u00e7\u0131qlamalar verib.<\/strong><\/p>\n\n\n\n<p>S\u00fclh m\u0259raml\u0131lar\u0131n i\u015fl\u0259ri bununla yekunla\u015fm\u0131r. MM\u0130M &#8212; in plan\u0131na v\u0259 yayd\u0131\u011f\u0131 m\u0259lumata g\u00f6r\u0259, RF M\u00fcdafi\u0259 Nazirliyi a\u00e7\u0131lm\u0131\u015f m\u0259rk\u0259zl\u0259rd\u0259n ba\u015fqa bu tip m\u0259rk\u0259zl\u0259r yaradacaq:<\/p>\n\n\n\n<ul class=\"wp-block-list\"><li><strong>\u018frazil\u0259rin minalardan t\u0259mizl\u0259m\u0259 m\u0259rk\u0259zi <\/strong><\/li><li><strong>Qar\u015f\u0131duran t\u0259r\u0259fl\u0259ri bar\u0131\u015fd\u0131rma m\u0259rk\u0259zi <\/strong><\/li><li><strong>N\u0259qliyyat t\u0259minat\u0131 m\u0259rk\u0259zi<\/strong><\/li><li><strong>M\u0259i\u015f\u0259t v\u0259 ticar\u0259t m\u0259rk\u0259zi<\/strong><\/li><li><strong>Tibbi t\u0259minat m\u0259rk\u0259zi<\/strong><\/li><li><strong>Tele-radio yay\u0131nlar\u0131<\/strong><\/li><li><strong>S\u00fclh m\u0259raml\u0131lar\u0131n &#171;Vestnik&#187; q\u0259zetinin n\u0259\u015fri<\/strong><\/li><\/ul>\n\n\n\n<p>Bel\u0259 \u00e7\u0131x\u0131r ki, Rusiya bir c\u0259ng\u0259lliy\u0259 d\u00fc\u015f\u00fcb v\u0259 orada \u00f6z\u00fcn\u0259 uy\u011fun yeni rejim yaratma\u011fa \u00e7al\u0131\u015f\u0131r. 30 il bu problem\u0259 he\u00e7 bir pozitiv m\u00f6vqe n\u00fcmayi\u015f etdirm\u0259y\u0259n Rusiyaya bu \u015fans\u0131 ver\u0259 bilm\u0259rik. \u00dcmumiyy\u0259tl\u0259 tarixi aspektd\u0259 Qafqaza bu problemi transfer ed\u0259n Rusiyan\u0131n burada olmas\u0131na birc\u0259 \u015f\u0259rtl\u0259 raz\u0131l\u0131q verm\u0259k olar ki, yaratd\u0131\u011f\u0131 bu s\u00fcni toplumu \u015f\u0259ll\u0259nib Qafqaz\u0131 t\u0259cili t\u0259rk etsin. \u00c7\u00fcnki Rusiyan\u0131n varl\u0131\u011f\u0131 bel\u0259 s\u00fclh, bar\u0131\u015f s\u00f6z\u00fcyl\u0259 antonimdir. Bunu Moldovan\u0131n yeni se\u00e7ilmi\u015f prezidentinin verdiyi b\u0259yanat bir daha s\u00fcbut edir. Moldovan\u0131n yeni se\u00e7ilmi\u015f prezidenti Maya Sandu, Rusiya qo\u015funlar\u0131n\u0131n Dnestryan\u0131dan d\u0259rhal geri \u00e7\u0259kilm\u0259sini t\u0259l\u0259b edir. Liberal partiyadan se\u00e7kil\u0259rin qalibi, m\u00fcnaqi\u015f\u0259nin h\u0259llin\u0259 dair dan\u0131\u015f\u0131qlarda &#171;yum\u015faq yana\u015fman\u0131n&#187; he\u00e7 bir n\u0259tic\u0259 verm\u0259diyini v\u0259 qar\u015f\u0131 t\u0259r\u0259fl\u0259rin \u0259razi reinteqrasiya m\u0259s\u0259l\u0259sind\u0259 bir raz\u0131l\u0131\u011fa g\u0259lm\u0259dikl\u0259rini s\u00f6yl\u0259di. <strong>B\u00f6lg\u0259d\u0259ki rus qo\u015funlar\u0131 buna mane olur.<\/strong> Y\u0259ni b\u00fct\u00fcn postsovet m\u0259kanda s\u00fclh\u00fcn b\u0259rq\u0259rar olmas\u0131n\u0131n t\u0259k baiskar\u0131 el\u0259 Rusiyan\u0131n \u00f6z\u00fcd\u00fcr.<\/p>\n\n\n\n<figure class=\"wp-block-image size-large\"><img loading=\"lazy\" decoding=\"async\" width=\"1024\" height=\"486\" src=\"https:\/\/fedai.az\/wp-content\/uploads\/2020\/11\/\u0421\u043d\u0438\u043c\u043e\u043a-109-1024x486.jpg\" alt=\"\" class=\"wp-image-21996\" srcset=\"https:\/\/fedai.az\/wp-content\/uploads\/2020\/11\/\u0421\u043d\u0438\u043c\u043e\u043a-109-1024x486.jpg 1024w, https:\/\/fedai.az\/wp-content\/uploads\/2020\/11\/\u0421\u043d\u0438\u043c\u043e\u043a-109-300x143.jpg 300w, https:\/\/fedai.az\/wp-content\/uploads\/2020\/11\/\u0421\u043d\u0438\u043c\u043e\u043a-109-150x71.jpg 150w, https:\/\/fedai.az\/wp-content\/uploads\/2020\/11\/\u0421\u043d\u0438\u043c\u043e\u043a-109-768x365.jpg 768w, https:\/\/fedai.az\/wp-content\/uploads\/2020\/11\/\u0421\u043d\u0438\u043c\u043e\u043a-109.jpg 1063w\" sizes=\"auto, (max-width: 1024px) 100vw, 1024px\" \/><\/figure>\n\n\n\n<p>\u018fn ba\u015fl\u0131cas\u0131 is\u0259 Rusiya s\u00fclh m\u0259raml\u0131lar\u0131na t\u0259cili olaraq \u00f6lk\u0259nin Xocav\u0259nd, A\u011fd\u0259r\u0259, Xocal\u0131 v\u0259 Xank\u0259ndind\u0259 qalm\u0131\u015f terror\u00e7u, separat\u00e7\u0131 v\u0259 i\u015f\u011fal\u00e7\u0131 birl\u0259\u015fm\u0259l\u0259rini \u00f6lk\u0259d\u0259n \u00e7\u0131xarmalar\u0131 \u00fc\u00e7\u00fcn vaxt qoymal\u0131y\u0131q. Q\u0259bul edilmi\u015f raz\u0131la\u015fman\u0131n ilk b\u0259ndin\u0259 \u0259m\u0259l etm\u0259y\u0259n bir \u00f6lk\u0259nin, n\u0259inki 1960, he\u00e7 1 \u0259sg\u0259ri d\u0259 bizim \u00f6lk\u0259mizd\u0259 qalmamal\u0131d\u0131r. B\u00f6lg\u0259 daxili yollarda h\u0259r\u0259k\u0259ti b\u0259rpa etm\u0259yi d\u0259 t\u0259min etm\u0259lidir. \u015eu\u015faya 103 km yol \u00e7\u0259km\u0259k deyil, 30 km-lik \u018fsg\u0259ran koridoru yaratmal\u0131y\u0131q.<\/p>\n\n\n\n<p>Rusiya bir \u015feyi unutmas\u0131n ki, bizl\u0259r Qorba\u00e7ovun g\u00f6st\u0259ri\u015fi il\u0259 Da\u011fl\u0131q Qaraba\u011fda X\u00fcsusi \u0130dar\u0259etm\u0259 Komit\u0259sinin r\u0259hb\u0259ri t\u0259yin edilmi\u015f\u00a0Arkadi Volskini v\u0259 SSR\u0130-nin Da\u011fl\u0131q Qaraba\u011fa ay\u0131rd\u0131\u011f\u0131 500 milyon rublu unutmam\u0131\u015f\u0131q v\u0259 bu g\u00fcn d\u0259 Volskid\u0259n Putinin R\u00fcst\u0259m Muradovunun v\u0259 ay\u0131rd\u0131\u011f\u0131 rubllar\u0131n bizl\u0259r \u00fc\u00e7\u00fcn el\u0259 bir f\u0259rqi yoxdur. Rusiya yax\u015f\u0131 bilir ki, bu m\u00fcnaqi\u015f\u0259nin h\u0259lli \u00f6z \u0259lalt\u0131lar\u0131n\u0131n Erm\u0259nistana v\u0259 yaxud <strong>Krasnodar Erm\u0259ni Respublikas\u0131na<\/strong> k\u00f6\u00e7\u00fcr\u00fclm\u0259sidir. \u018fn optimal yoldu, apar v\u0259 orada qoru&#8230;<\/p>\n\n\n\n<p><strong>Biz \u00f6nc\u0259 Allaha, sonra Ordumuza, Ali Ba\u015f Komandan\u0131m\u0131za v\u0259 30 il oyunlarla yubad\u0131lan bir problemin h\u0259llind\u0259 haqq\u0131n yan\u0131nda olan qarda\u015f T\u00fcrkiy\u0259miz\u0259 inan\u0131r\u0131q! <\/strong><\/p>\n\n\n\n<figure class=\"wp-block-image size-large is-resized\"><img loading=\"lazy\" decoding=\"async\" src=\"https:\/\/fedai.az\/wp-content\/uploads\/2020\/11\/i-3-3.jpg\" alt=\"\" class=\"wp-image-21991\" width=\"201\" height=\"225\" srcset=\"https:\/\/fedai.az\/wp-content\/uploads\/2020\/11\/i-3-3.jpg 239w, https:\/\/fedai.az\/wp-content\/uploads\/2020\/11\/i-3-3-134x150.jpg 134w\" sizes=\"auto, (max-width: 201px) 100vw, 201px\" \/><\/figure>\n\n\n\n<p><strong>Xaqani \u018fd\u0259bo\u011flu<\/strong><\/p>\n\n\n\n<p><strong>AVMV\u0130B M\u0259tbuat Xidm\u0259tinin r\u0259hb\u0259ri<\/strong><\/p>\n","protected":false},"excerpt":{"rendered":"<p>Erm\u0259nistan\u0131n ba\u015f naziri Nikol Pa\u015finyanla g\u00f6r\u00fc\u015f\u0259n \u0259sg\u0259r valideynl\u0259ri d\u0259 g\u00f6r\u00fc\u015fd\u0259 \u00f6vladlar\u0131n\u0131n geri qaytar\u0131lmas\u0131n\u0131 t\u0259l\u0259b edibl\u0259r. Bu bar\u0259d\u0259 g\u00f6r\u00fc\u015fd\u0259 i\u015ftirak ed\u0259n \u0259sg\u0259r valideynl\u0259rind\u0259n biri bel\u0259<\/p>\n","protected":false},"author":2,"featured_media":21999,"comment_status":"closed","ping_status":"closed","sticky":false,"template":"","format":"standard","meta":{"footnotes":""},"categories":[6],"tags":[],"class_list":["post-21987","post","type-post","status-publish","format-standard","has-post-thumbnail","hentry","category-arasdirma"],"aioseo_notices":[],"_links":{"self":[{"href":"https:\/\/fedai.az\/index.php?rest_route=\/wp\/v2\/posts\/21987","targetHints":{"allow":["GET"]}}],"collection":[{"href":"https:\/\/fedai.az\/index.php?rest_route=\/wp\/v2\/posts"}],"about":[{"href":"https:\/\/fedai.az\/index.php?rest_route=\/wp\/v2\/types\/post"}],"author":[{"embeddable":true,"href":"https:\/\/fedai.az\/index.php?rest_route=\/wp\/v2\/users\/2"}],"replies":[{"embeddable":true,"href":"https:\/\/fedai.az\/index.php?rest_route=%2Fwp%2Fv2%2Fcomments&post=21987"}],"version-history":[{"count":7,"href":"https:\/\/fedai.az\/index.php?rest_route=\/wp\/v2\/posts\/21987\/revisions"}],"predecessor-version":[{"id":22033,"href":"https:\/\/fedai.az\/index.php?rest_route=\/wp\/v2\/posts\/21987\/revisions\/22033"}],"wp:featuredmedia":[{"embeddable":true,"href":"https:\/\/fedai.az\/index.php?rest_route=\/wp\/v2\/media\/21999"}],"wp:attachment":[{"href":"https:\/\/fedai.az\/index.php?rest_route=%2Fwp%2Fv2%2Fmedia&parent=21987"}],"wp:term":[{"taxonomy":"category","embeddable":true,"href":"https:\/\/fedai.az\/index.php?rest_route=%2Fwp%2Fv2%2Fcategories&post=21987"},{"taxonomy":"post_tag","embeddable":true,"href":"https:\/\/fedai.az\/index.php?rest_route=%2Fwp%2Fv2%2Ftags&post=21987"}],"curies":[{"name":"wp","href":"https:\/\/api.w.org\/{rel}","templated":true}]}}