{"id":22011,"date":"2020-11-30T12:59:34","date_gmt":"2020-11-30T08:59:34","guid":{"rendered":"https:\/\/fedai.az\/?p=22011"},"modified":"2020-11-30T12:59:36","modified_gmt":"2020-11-30T08:59:36","slug":"tarix-yazan-q%c9%99hr%c9%99manlar-v%c9%99t%c9%99n%c9%99-ogul-borcu","status":"publish","type":"post","link":"https:\/\/fedai.az\/?p=22011","title":{"rendered":"Tarix yazan q\u0259hr\u0259manlar: V\u018fT\u018fN\u018f O\u011eUL BORCU"},"content":{"rendered":"\n<p><strong>\u201cO\u011ful d\u00fc\u015fm\u0259n \u00e7\u0259p\u0259ridir\u201d- demi\u015f ulular\u0131m\u0131z. B\u0259lk\u0259 d\u0259, \u00e7oxumuz bu hikm\u0259tli deyimin mahiyy\u0259tin\u0259 varmam\u0131\u015f\u0131q. Ba\u015fqa-ba\u015fqa yozumlarda anlam\u0131\u015f\u0131q. Ta bu g\u00fcn\u00fcm\u00fcz\u0259d\u0259k. Beyinl\u0259rimizd\u0259ki son 28-30 ilin nisgil dolu, h\u0259sr\u0259t dolu, q\u0259z\u0259b dolu, q\u0259l\u0259b\u0259y\u0259 \u00fcsyankarcas\u0131na m\u00fcbariz ruhla dolu d\u00fc\u015f\u00fcnc\u0259l\u0259rimizi alt-\u00fcst ed\u0259r\u0259k B\u00d6Y\u00dcK B\u0130R Q\u018fL\u018fB\u018f TAR\u0130X\u0130n\u0259 k\u00f6kl\u0259nmi\u015f hiss v\u0259 duy\u011fular\u0131m\u0131z fonunda bu d\u0259y\u0259rli deyimin n\u0259 q\u0259d\u0259r hikm\u0259t dolu oldu\u011funun f\u0259rqin\u0259 vard\u0131q. B\u0259li, o\u011fullar\u0131m\u0131z m\u0259hz 44 g\u00fcnl\u00fck bu z\u0259f\u0259rl\u0259 tamlanm\u0131\u015f sava\u015fda d\u00fc\u015fm\u0259n\u0259 \u00e7\u0259p\u0259r ola bildil\u0259r. \u015e\u00fcca\u0259tl\u0259ri il\u0259, qorxmazl\u0131qlar\u0131 il\u0259, c\u0259sar\u0259tl\u0259ri il\u0259, v\u0259t\u0259n sevdas\u0131yla dolu \u015fir \u00fcr\u0259kl\u0259ri il\u0259 d\u00fc\u015fm\u0259n\u0259 sip\u0259r oldular v\u0259 onlar\u0131 torpaqlar\u0131m\u0131zdan qovub \u00e7\u0131xard\u0131lar. D\u00fc\u015fm\u0259nin g\u00f6z\u00fcn\u0259 tikan, q\u0259lbin\u0259 saplanm\u0131\u015f b\u0131\u00e7aq oldular. Onlara s\u00f6z\u00fcn h\u0259qiqi m\u0259nas\u0131nda h\u0259rb d\u0259rsi ke\u00e7dil\u0259r. Bu proses h\u0259l\u0259 d\u0259 davam edir.<\/strong><\/p>\n\n\n\n<figure class=\"wp-block-image size-large is-resized\"><img loading=\"lazy\" decoding=\"async\" src=\"https:\/\/fedai.az\/wp-content\/uploads\/2020\/11\/128445479_863275134444894_3499010046375473162_n.jpg\" alt=\"\" class=\"wp-image-22018\" width=\"867\" height=\"1159\" srcset=\"https:\/\/fedai.az\/wp-content\/uploads\/2020\/11\/128445479_863275134444894_3499010046375473162_n.jpg 766w, https:\/\/fedai.az\/wp-content\/uploads\/2020\/11\/128445479_863275134444894_3499010046375473162_n-224x300.jpg 224w, https:\/\/fedai.az\/wp-content\/uploads\/2020\/11\/128445479_863275134444894_3499010046375473162_n-112x150.jpg 112w\" sizes=\"auto, (max-width: 867px) 100vw, 867px\" \/><\/figure>\n\n\n\n<p>V\u0259t\u0259n m\u00fcharib\u0259si zaman\u0131 Qaraba\u011f\u0131n i\u015f\u011fal olunmu\u015f \u0259razil\u0259rinin d\u00fc\u015fm\u0259nd\u0259n azad edilm\u0259si istiqam\u0259tind\u0259 u\u011furlu h\u0259rbi \u0259m\u0259liyyatlarda i\u015ftirak ed\u0259n igid o\u011fullar\u0131m\u0131zdan biri d\u0259 \u018fm\u0259k v\u0259 \u018fhalinin Sosial M\u00fcdafi\u0259si Nazirliyinin protokol sektorunun m\u0259sl\u0259h\u0259t\u00e7isi F\u0259rhad Allahverdizad\u0259dir. F\u0259rhad sentyabr\u0131n 21-d\u0259 S\u0259f\u0259rb\u0259rlik v\u0259 H\u0259rbi Xidm\u0259t\u0259 \u00c7a\u011f\u0131r\u0131\u015f \u00fczr\u0259 D\u00f6vl\u0259t Xidm\u0259tin\u0259 ged\u0259r\u0259k k\u00f6n\u00fcll\u00fc ordu s\u0131ralar\u0131na yaz\u0131lm\u0131\u015f v\u0259 m\u00fcharib\u0259 ba\u015flayandan \u00f6n c\u0259bh\u0259d\u0259 d\u00fc\u015fm\u0259n\u0259 qar\u015f\u0131 \u015f\u00fcca\u0259tl\u0259 vuru\u015fmu\u015fdur. Pulemyot\u00e7u olan F\u0259rhad Allahverdizad\u0259 F\u00fczuli, C\u0259bray\u0131l, Xocav\u0259nd, Hadrut, Q\u0131rm\u0131z\u0131 Bazar y\u00fcks\u0259kliyi v\u0259 s. istiqam\u0259tl\u0259rd\u0259 torpaqlar\u0131m\u0131z\u0131n i\u015f\u011faldan azad olunmas\u0131 u\u011frunda m\u0259rdlikl\u0259 vuru\u015fmu\u015f, d\u00fc\u015fm\u0259nin \u00e7ox sayda canl\u0131 q\u00fcvv\u0259sini m\u0259hv etmi\u015fdir. D\u00f6y\u00fc\u015fl\u0259r zaman\u0131 yaralansa da, yaras\u0131 sa\u011falar-sa\u011falmaz yenid\u0259n \u00f6n c\u0259bh\u0259y\u0259 yollanm\u0131\u015f, d\u00fc\u015fm\u0259n\u0259 qar\u015f\u0131 \u00f6l\u00fcm-dirim sava\u015f\u0131nda daha da amans\u0131z olmu\u015fdur. Hal-haz\u0131rda o, d\u00f6y\u00fc\u015f yolda\u015flar\u0131 il\u0259 birlikd\u0259 d\u00fc\u015fm\u0259nd\u0259n azad edilmi\u015f \u0259razil\u0259rimizd\u0259ki postlara n\u0259zar\u0259t edirl\u0259r.<\/p>\n\n\n\n<p><strong>Tan\u0131t\u0131m:<\/strong> Allahverdizad\u0259 F\u0259rhad \u018fli o\u011flu 1988-ci il avqustun 3-d\u0259 Bak\u0131da anadan olub. 2006-2010-cu ill\u0259rd\u0259 X\u0259z\u0259r Universitetind\u0259 ingilis dili \u00fczr\u0259 sinxron t\u0259rc\u00fcm\u0259 fak\u00fclt\u0259sind\u0259 t\u0259hsil al\u0131b. 2011-2013-c\u00fc ill\u0259rd\u0259 \u015eimali Kipr Do\u011fu Akdeniz universitetind\u0259 beyn\u0259lxalq iqtisadi m\u00fcnasib\u0259tl\u0259r \u00fczr\u0259 magistraturada oxuyub. 2013-2016-c\u0131 ill\u0259rd\u0259 h\u0259min universitetin marketinq fak\u00fclt\u0259sinin magistraturas\u0131nda ixtisas bilikl\u0259rini art\u0131r\u0131b. Daha sonra Ukraynada Taras \u015eev\u00e7enko ad\u0131na Kiyev Milli universitetd\u0259 ali h\u00fcquq t\u0259hsili al\u0131b. El\u0259 h\u0259min ild\u0259n d\u0259 \u018fm\u0259k v\u0259 \u018fhalinin Sosial M\u00fcdafi\u0259si Nazirliyinin protokol sektorunda \u00e7al\u0131\u015f\u0131r.<\/p>\n\n\n\n<p>F\u0259rhad h\u0259l\u0259 m\u0259kt\u0259b ill\u0259rind\u0259n n\u00fcmun\u0259vi davran\u0131\u015f\u0131, y\u00fcks\u0259k \u0259xlaqi keyfiyy\u0259tl\u0259ri, nizam-intizam\u0131, \u0259la t\u0259hsili il\u0259 ya\u015f\u0131dlar\u0131ndan f\u0259rql\u0259nib. M\u0259suliyy\u0259t hissini he\u00e7 bir zaman unutmay\u0131b, qar\u015f\u0131s\u0131na qoydu\u011fu m\u0259qs\u0259d\u0259 \u00e7atmaq \u00fc\u00e7\u00fcn b\u00fct\u00fcn g\u00fcc\u00fcn\u00fc v\u0259 vaxt\u0131n\u0131 s\u0259rf edib. H\u0259mi\u015f\u0259 \u00f6z\u00fcn\u00fc xalq\u0131na, mill\u0259tin\u0259 layiq o\u011ful kimi yeti\u015fdirm\u0259y\u0259 \u00e7al\u0131\u015f\u0131b. V\u0259t\u0259np\u0259rv\u0259rliyi, ali d\u0259y\u0259rl\u0259r\u0259 h\u00f6rm\u0259t v\u0259 ehtiram\u0131 il\u0259 diqq\u0259ti c\u0259lb edib. Birinci Qaraba\u011f sava\u015f\u0131nda u\u015faq oldu\u011fundan b\u00f6y\u00fcd\u00fckc\u0259 m\u00fcharib\u0259 v\u0259 onun i\u015ftirak\u015f\u0131lar\u0131 bar\u0259d\u0259, torpaqlar\u0131m\u0131z\u0131n i\u015f\u011fal\u0131 v\u0259 d\u00fc\u015fm\u0259nin dinc \u0259halimizin ba\u015f\u0131na a\u00e7d\u0131\u011f\u0131 amans\u0131z, q\u0259ddarcas\u0131na olaylar bar\u0259d\u0259 daha \u00e7ox bilgi toplama\u011fa \u00e7al\u0131\u015f\u0131b. Erm\u0259nil\u0259rin xalq\u0131m\u0131za qar\u015f\u0131 t\u00f6r\u0259tdiyi v\u0259h\u015filikl\u0259ri v\u0259 d\u0259h\u015f\u0259tli i\u015fg\u0259nc\u0259l\u0259ri \u00f6yr\u0259ndikc\u0259 d\u00fc\u015fm\u0259n\u0259 qar\u015f\u0131 nifr\u0259ti bir\u0259-on artm\u0131\u015f, qisas hissi q\u0259lbin\u0259 dinclik verm\u0259mi\u015fdir. Buna g\u00f6r\u0259 d\u0259 erm\u0259ni vandallar\u0131n\u0131n xalq\u0131m\u0131za etdiyi soyq\u0131r\u0131m\u0131, qeyri-insani h\u0259r\u0259k\u0259tl\u0259ri d\u00fcnya ictimaiyy\u0259tinin n\u0259z\u0259rin\u0259 \u00e7atd\u0131rmaq \u00fc\u00e7\u00fcn f\u0259aliyy\u0259t\u0259 ba\u015flam\u0131\u015fd\u0131r.<\/p>\n\n\n\n<figure class=\"wp-block-gallery columns-2 is-cropped wp-block-gallery-1 is-layout-flex wp-block-gallery-is-layout-flex\"><ul class=\"blocks-gallery-grid\"><li class=\"blocks-gallery-item\"><figure><img loading=\"lazy\" decoding=\"async\" width=\"581\" height=\"674\" src=\"https:\/\/fedai.az\/wp-content\/uploads\/2020\/11\/ol.jpg\" alt=\"\" data-id=\"22015\" data-full-url=\"https:\/\/fedai.az\/wp-content\/uploads\/2020\/11\/ol.jpg\" data-link=\"https:\/\/fedai.az\/?attachment_id=22015\" class=\"wp-image-22015\" srcset=\"https:\/\/fedai.az\/wp-content\/uploads\/2020\/11\/ol.jpg 581w, https:\/\/fedai.az\/wp-content\/uploads\/2020\/11\/ol-259x300.jpg 259w, https:\/\/fedai.az\/wp-content\/uploads\/2020\/11\/ol-129x150.jpg 129w\" sizes=\"auto, (max-width: 581px) 100vw, 581px\" \/><\/figure><\/li><li class=\"blocks-gallery-item\"><figure><img loading=\"lazy\" decoding=\"async\" width=\"769\" height=\"1024\" src=\"https:\/\/fedai.az\/wp-content\/uploads\/2020\/11\/128312024_1553782084809848_3190289042507172460_n.jpg\" alt=\"\" data-id=\"22014\" data-link=\"https:\/\/fedai.az\/?attachment_id=22014\" class=\"wp-image-22014\" srcset=\"https:\/\/fedai.az\/wp-content\/uploads\/2020\/11\/128312024_1553782084809848_3190289042507172460_n.jpg 769w, https:\/\/fedai.az\/wp-content\/uploads\/2020\/11\/128312024_1553782084809848_3190289042507172460_n-225x300.jpg 225w, https:\/\/fedai.az\/wp-content\/uploads\/2020\/11\/128312024_1553782084809848_3190289042507172460_n-113x150.jpg 113w\" sizes=\"auto, (max-width: 769px) 100vw, 769px\" \/><\/figure><\/li><\/ul><\/figure>\n\n\n\n<p>Do\u011fu Akdeniz universitetind\u0259 bu f\u0259aliyy\u0259tini daha da geni\u015fl\u0259ndir\u0259r\u0259k \u0259traf\u0131na xeyli ictimai f\u0259al toplam\u0131\u015fd\u0131r. O, \u015eimali Kipr T\u00fcrk C\u00fcmhuriyy\u0259tind\u0259 magistr t\u0259hsili alark\u0259n diaspor f\u0259al\u0131 kimi d\u0259 m\u00fc\u0259llim v\u0259 t\u0259l\u0259b\u0259 yolda\u015flar\u0131n\u0131n d\u0259rin h\u00f6rm\u0259t v\u0259 r\u0259\u011fb\u0259tini qazanm\u0131\u015fd\u0131r. \u201cKreativ G\u0259ncl\u0259r\u201d Xaricd\u0259 T\u0259hsil Alan Az\u0259rbaycanl\u0131 T\u0259l\u0259b\u0259l\u0259r\u0259 Yard\u0131m \u0130ctimai Birliyinin s\u0259dri v\u0259 kitabxana.net portal\u0131n\u0131n t\u00fcrk d\u00fcnyas\u0131 \u00fczr\u0259 \u0259laq\u0259l\u0259ndiricisi kimi \u00e7ox geni\u015f ictimai f\u0259aliyy\u0259t g\u00f6st\u0259rmi\u015fdir. Yaln\u0131z t\u0259hsil v\u0259 karyera bar\u0259d\u0259 d\u00fc\u015f\u00fcnm\u0259kl\u0259 m\u00fcasir g\u0259ncliyin \u00fcz\u0259rin\u0259 d\u00fc\u015f\u0259n v\u0259zif\u0259l\u0259rin \u00f6hd\u0259sind\u0259n g\u0259lm\u0259k qeyri-m\u00fcmk\u00fcnd\u00fcr. \u015e\u0259xsiyy\u0259tin formala\u015fmas\u0131nda, onun d\u00fcnyag\u00f6r\u00fc\u015f\u00fcn\u00fcn artmas\u0131nda \u00e7ox\u015fax\u0259li ictimai f\u0259aliyy\u0259t \u00e7ox vacibdir. F\u0259rhad bunu dogma V\u0259t\u0259nd\u0259n uzaqlarda olark\u0259n daha d\u0259rind\u0259n d\u0259rk etmi\u015f v\u0259 t\u0259hsild\u0259n k\u0259nar vaxtlar\u0131n\u0131 b\u00fct\u00fcnl\u00fckl\u0259 \u00f6lk\u0259si \u00fc\u00e7\u00fcn faydal\u0131 i\u015fl\u0259r\u0259 s\u0259rf etmi\u015fdir. T\u0259l\u0259b\u0259-g\u0259ncl\u0259rin g\u00fccl\u00fc potensiala malik olduqlar\u0131n\u0131, lakin bu bazadan yet\u0259rinc\u0259 yararlanmad\u0131qlar\u0131n\u0131 n\u0259z\u0259r\u0259 alaraq ictimai f\u0259aliyy\u0259t\u0259 onlar\u0131 da c\u0259lb etmi\u015f, birlikd\u0259 m\u00fcxt\u0259lif layih\u0259l\u0259r h\u0259yata ke\u00e7irm\u0259y\u0259 ba\u015flam\u0131\u015flar. <\/p>\n\n\n\n<p>T\u0259l\u0259b\u0259-g\u0259ncl\u0259ri bir amal \u0259traf\u0131nda birl\u0259\u015fdir\u0259r\u0259k onlar\u0131n t\u0259\u015fkilatlanmas\u0131, probleml\u0259rinin h\u0259lli istiqam\u0259tind\u0259 lobbi\u00e7ilik f\u0259aliyy\u0259tl\u0259rinin g\u00fccl\u0259ndirilm\u0259si v\u0259 geni\u015fl\u0259ndirirlm\u0259si, \u015eimali Kipr v\u0259 T\u00fcrkiy\u0259d\u0259 milli diaspor quruculu\u011fu, bununla da Az\u0259rbaycan h\u0259qiq\u0259tl\u0259rinin t\u0259bli\u011fin\u0259 nail olmaq onlar\u0131n \u0259sas amal\u0131 olub. Bel\u0259 ki, \u015eimali Kiprd\u0259 Az\u0259rbaycan\u0131m\u0131zla ba\u011fl\u0131 ke\u00e7irdikl\u0259ri m\u00fcxt\u0259lif t\u0259dbirl\u0259rd\u0259 soyda\u015flar\u0131m\u0131zla b\u0259rab\u0259r h\u0259m d\u0259 Kipr t\u00fcrkl\u0259ri, d\u00fcnyan\u0131n 90-a yax\u0131n \u00f6lk\u0259sind\u0259n bura oxuma\u011fa g\u0259l\u0259n \u0259cn\u0259bi g\u0259ncl\u0259r, turistl\u0259r i\u015ftirak etmi\u015f, \u00f6lk\u0259miz haqq\u0131nda, onun milli d\u0259y\u0259rl\u0259ri v\u0259 ad\u0259t-\u0259n\u0259n\u0259l\u0259ri haqq\u0131nda m\u0259lumatland\u0131r\u0131lm\u0131\u015flar. \u018fn ba\u015fl\u0131cas\u0131 is\u0259 Qaraba\u011f\u0131n i\u015f\u011fal\u0131, Xocal\u0131 soyq\u0131r\u0131m\u0131, 20 yanvar faci\u0259si, D\u00fcnya Az\u0259rbaycanl\u0131lar\u0131n\u0131n h\u0259mr\u0259yliyi g\u00fcn\u00fc, Novruz bayram\u0131, \u00fcmummilli lider Heyd\u0259r \u018fliyevin 90 illik yubileyi il\u0259 ba\u011fl\u0131 elmi-praktik konfranslar, foto s\u0259rgil\u0259r, kitab t\u0259qdimatlar\u0131, y\u00fcr\u00fc\u015f v\u0259 piketl\u0259r, film n\u00fcmayi\u015fl\u0259ri, idman yar\u0131\u015flar\u0131 \u00f6lk\u0259mizd\u0259n k\u0259narda Az\u0259rbaycan\u0131m\u0131z\u0131n m\u00f6vcud durumu bar\u0259d\u0259 geni\u015f v\u0259 m\u00fcf\u0259ss\u0259l m\u0259lumat verm\u0259y\u0259 imkan yaratm\u0131\u015fd\u0131r. Bununla da, F\u0259rhad \u0259traf\u0131na toplad\u0131\u011f\u0131 f\u0259al t\u0259l\u0259b\u0259-g\u0259ncl\u0259rl\u0259 birlikd\u0259 V\u0259t\u0259n qar\u015f\u0131s\u0131nda m\u0259n\u0259vi borclar\u0131n\u0131 qism\u0259n d\u0259 olsa verm\u0259y\u0259 \u00e7al\u0131\u015fm\u0131\u015flar.<\/p>\n\n\n\n<figure class=\"wp-block-gallery columns-2 is-cropped wp-block-gallery-2 is-layout-flex wp-block-gallery-is-layout-flex\"><ul class=\"blocks-gallery-grid\"><li class=\"blocks-gallery-item\"><figure><img loading=\"lazy\" decoding=\"async\" width=\"473\" height=\"1024\" src=\"https:\/\/fedai.az\/wp-content\/uploads\/2020\/11\/128348475_788882905004251_7490546001528718619_n-473x1024.jpg\" alt=\"\" data-id=\"22016\" data-link=\"https:\/\/fedai.az\/?attachment_id=22016\" class=\"wp-image-22016\" srcset=\"https:\/\/fedai.az\/wp-content\/uploads\/2020\/11\/128348475_788882905004251_7490546001528718619_n-473x1024.jpg 473w, https:\/\/fedai.az\/wp-content\/uploads\/2020\/11\/128348475_788882905004251_7490546001528718619_n-139x300.jpg 139w, https:\/\/fedai.az\/wp-content\/uploads\/2020\/11\/128348475_788882905004251_7490546001528718619_n-69x150.jpg 69w, https:\/\/fedai.az\/wp-content\/uploads\/2020\/11\/128348475_788882905004251_7490546001528718619_n.jpg 591w\" sizes=\"auto, (max-width: 473px) 100vw, 473px\" \/><\/figure><\/li><li class=\"blocks-gallery-item\"><figure><img loading=\"lazy\" decoding=\"async\" width=\"769\" height=\"1024\" src=\"https:\/\/fedai.az\/wp-content\/uploads\/2020\/11\/128312024_1553782084809848_3190289042507172460_n-1.jpg\" alt=\"\" data-id=\"22017\" data-full-url=\"https:\/\/fedai.az\/wp-content\/uploads\/2020\/11\/128312024_1553782084809848_3190289042507172460_n-1.jpg\" data-link=\"https:\/\/fedai.az\/?attachment_id=22017\" class=\"wp-image-22017\" srcset=\"https:\/\/fedai.az\/wp-content\/uploads\/2020\/11\/128312024_1553782084809848_3190289042507172460_n-1.jpg 769w, https:\/\/fedai.az\/wp-content\/uploads\/2020\/11\/128312024_1553782084809848_3190289042507172460_n-1-225x300.jpg 225w, https:\/\/fedai.az\/wp-content\/uploads\/2020\/11\/128312024_1553782084809848_3190289042507172460_n-1-113x150.jpg 113w\" sizes=\"auto, (max-width: 769px) 100vw, 769px\" \/><\/figure><\/li><\/ul><\/figure>\n\n\n\n<p>F\u0259rhad s\u00f6vq-t\u0259bii hiss edirdi ki, Qaraba\u011fda haqq-\u0259dal\u0259t \u00f6z yerini tapacaq, m\u0259nfur d\u00fc\u015fm\u0259n torpaqlar\u0131m\u0131zdan qovularaq \u00e7\u0131xard\u0131lacaq. Az\u0259rbaycan\u0131n haqq i\u015fi qalib g\u0259l\u0259c\u0259kdir. Amma a\u011fl\u0131na bel\u0259 g\u0259lm\u0259zdi ki, o, Qaraba\u011f\u0131n azadl\u0131\u011f\u0131 u\u011frundak\u0131 m\u00fcharib\u0259nin i\u015ftirak\u00e7\u0131s\u0131 olacaq. \u018flin\u0259 silah alaraq yurdun igid o\u011fullar\u0131 il\u0259 \u00e7iyin-\u00e7iyin\u0259 erm\u0259ni vandallar\u0131na qar\u015f\u0131 vuru\u015facaq. N\u0259 xo\u015f ki, h\u0259min g\u00fcn g\u0259ldi v\u0259 F\u0259rhad u\u00e7aql\u0131qdan b\u0259ri i\u00e7ini didib-da\u011f\u0131dan, ona birc\u0259 an da olsun rahatl\u0131q verm\u0259y\u0259n arzusuna qovu\u015fdu\u2026<\/p>\n\n\n\n<p>\u2026M\u0259hz sentyabr ay\u0131nda d\u00fc\u015fm\u0259nin n\u00f6vb\u0259ti t\u0259xribat\u0131na g\u00fccl\u00fc h\u00fccumla cavab ver\u0259n ordumuzun s\u0131ralar\u0131nda k\u00f6n\u00fcll\u00fc olaraq vuru\u015fmaq, d\u00fc\u015fm\u0259nd\u0259n azad edilmi\u015f torpaqlar\u0131m\u0131z\u0131n bir qar\u0131\u015f\u0131nda bel\u0259 \u0259m\u0259yi olmaq, \u015f\u0259hid qanlar\u0131yla suvar\u0131lm\u0131\u015f m\u00fcq\u0259dd\u0259s \u0259razil\u0259rimizin ke\u015fiyind\u0259 durmaq, yaral\u0131 Qaraba\u011f\u0131m\u0131z\u0131 g\u00f6z b\u0259b\u0259yi kimi qorumaq dig\u0259r \u0259sg\u0259r v\u0259 zabitl\u0259rimizl\u0259 b\u0259rab\u0259r F\u0259rhad\u0131n da bir o\u011ful kimi borcudur. Bu borcu is\u0259 onlar \u015f\u0259r\u0259fl\u0259 verirl\u0259r.<\/p>\n\n\n\n<p>F.Allahverdizad\u0259 il\u0259 birlikd\u0259 nazirliyin daha iki \u0259m\u0259kda\u015f\u0131 da k\u00f6n\u00fcll\u00fc olaraq m\u00fcharib\u0259y\u0259 gedib. Onlar nazirliyin m\u0259\u015f\u011fulluq siyas\u0259ti v\u0259 demoqrafik inki\u015faf m\u0259s\u0259l\u0259l\u0259ri \u015f\u00f6b\u0259sinin ba\u015f m\u0259sl\u0259h\u0259t\u00e7isi Nizami H\u00fcseynli v\u0259 D\u00f6vl\u0259t Sosial M\u00fcdafi\u0259 Fondunun daxili n\u0259zar\u0259t departamentinin \u0259m\u0259kda\u015f\u0131 Co\u015fqun Zamanl\u0131d\u0131r.<\/p>\n\n\n\n<p>Ali Ba\u015f Komandan \u0130lham \u018fliyevin \u0259mri il\u0259 m\u00fcz\u0259ff\u0259r ordumuz Az\u0259rbaycan\u0131n z\u0259f\u0259r tarixini yazd\u0131 v\u0259 b\u00fct\u00fcn d\u00fcnyaya haqq\u0131n, \u0259dal\u0259tin m\u0259hz bizim t\u0259r\u0259fimizd\u0259 oldu\u011funu s\u00fcbut etdi. Bu tarixi q\u0259l\u0259b\u0259d\u0259n v\u0259 xalq\u0131m\u0131za qalibiyy\u0259tin sevincini ya\u015fadan \u015fanl\u0131 ordumuzdan h\u0259l\u0259 \u00e7ox dan\u0131\u015f\u0131lacaq v\u0259 yaz\u0131lacaq\u2026<\/p>\n\n\n\n<figure class=\"wp-block-image size-large is-resized\"><img loading=\"lazy\" decoding=\"async\" src=\"https:\/\/fedai.az\/wp-content\/uploads\/2020\/11\/117647708_2771417453115898_6501975966839348877_n.jpg\" alt=\"\" class=\"wp-image-22012\" width=\"160\" height=\"164\" srcset=\"https:\/\/fedai.az\/wp-content\/uploads\/2020\/11\/117647708_2771417453115898_6501975966839348877_n.jpg 199w, https:\/\/fedai.az\/wp-content\/uploads\/2020\/11\/117647708_2771417453115898_6501975966839348877_n-146x150.jpg 146w\" sizes=\"auto, (max-width: 160px) 100vw, 160px\" \/><\/figure>\n\n\n\n<p><strong>\u018fntiq\u0259 Qonaq,<\/strong><\/p>\n\n\n\n<p><strong><em>\u0259m\u0259kdar jurnalist<\/em><\/strong><\/p>\n","protected":false},"excerpt":{"rendered":"<p>\u201cO\u011ful d\u00fc\u015fm\u0259n \u00e7\u0259p\u0259ridir\u201d- demi\u015f ulular\u0131m\u0131z. B\u0259lk\u0259 d\u0259, \u00e7oxumuz bu hikm\u0259tli deyimin mahiyy\u0259tin\u0259 varmam\u0131\u015f\u0131q. Ba\u015fqa-ba\u015fqa yozumlarda anlam\u0131\u015f\u0131q. Ta bu g\u00fcn\u00fcm\u00fcz\u0259d\u0259k. Beyinl\u0259rimizd\u0259ki son 28-30 ilin nisgil<\/p>\n","protected":false},"author":2,"featured_media":22019,"comment_status":"closed","ping_status":"closed","sticky":false,"template":"","format":"standard","meta":{"footnotes":""},"categories":[5],"tags":[],"class_list":["post-22011","post","type-post","status-publish","format-standard","has-post-thumbnail","hentry","category-veteran"],"aioseo_notices":[],"_links":{"self":[{"href":"https:\/\/fedai.az\/index.php?rest_route=\/wp\/v2\/posts\/22011","targetHints":{"allow":["GET"]}}],"collection":[{"href":"https:\/\/fedai.az\/index.php?rest_route=\/wp\/v2\/posts"}],"about":[{"href":"https:\/\/fedai.az\/index.php?rest_route=\/wp\/v2\/types\/post"}],"author":[{"embeddable":true,"href":"https:\/\/fedai.az\/index.php?rest_route=\/wp\/v2\/users\/2"}],"replies":[{"embeddable":true,"href":"https:\/\/fedai.az\/index.php?rest_route=%2Fwp%2Fv2%2Fcomments&post=22011"}],"version-history":[{"count":1,"href":"https:\/\/fedai.az\/index.php?rest_route=\/wp\/v2\/posts\/22011\/revisions"}],"predecessor-version":[{"id":22020,"href":"https:\/\/fedai.az\/index.php?rest_route=\/wp\/v2\/posts\/22011\/revisions\/22020"}],"wp:featuredmedia":[{"embeddable":true,"href":"https:\/\/fedai.az\/index.php?rest_route=\/wp\/v2\/media\/22019"}],"wp:attachment":[{"href":"https:\/\/fedai.az\/index.php?rest_route=%2Fwp%2Fv2%2Fmedia&parent=22011"}],"wp:term":[{"taxonomy":"category","embeddable":true,"href":"https:\/\/fedai.az\/index.php?rest_route=%2Fwp%2Fv2%2Fcategories&post=22011"},{"taxonomy":"post_tag","embeddable":true,"href":"https:\/\/fedai.az\/index.php?rest_route=%2Fwp%2Fv2%2Ftags&post=22011"}],"curies":[{"name":"wp","href":"https:\/\/api.w.org\/{rel}","templated":true}]}}