{"id":22034,"date":"2020-12-01T00:45:24","date_gmt":"2020-11-30T20:45:24","guid":{"rendered":"https:\/\/fedai.az\/?p=22034"},"modified":"2020-12-01T00:45:26","modified_gmt":"2020-11-30T20:45:26","slug":"az%c9%99rbaycan-ordusunun-bolm%c9%99l%c9%99ri-lacina-daxil-olub-r%c9%99smi","status":"publish","type":"post","link":"https:\/\/fedai.az\/?p=22034","title":{"rendered":"Az\u0259rbaycan ordusunun b\u00f6lm\u0259l\u0259ri La\u00e7\u0131na daxil olub &#8212; R\u0259smi"},"content":{"rendered":"\n<p>\u015eanl\u0131 Az\u0259rbaycan Ordusu La\u00e7\u0131na daxil oldu. <\/p>\n\n\n\n<p><strong>E\u015fq olsun q\u0259hr\u0259man Ordumuza v\u0259 M\u00fcz\u0259ff\u0259r Ali Ba\u015f Komandan\u0131m\u0131za!<\/strong><\/p>\n\n\n\n<figure class=\"wp-block-embed-youtube wp-block-embed is-type-video is-provider-youtube wp-embed-aspect-16-9 wp-has-aspect-ratio\"><div class=\"wp-block-embed__wrapper\">\n<iframe loading=\"lazy\" title=\"Az\u0259rbaycan Ordusunun b\u00f6lm\u0259l\u0259ri La\u00e7\u0131n rayonuna daxil olub\" width=\"715\" height=\"402\" src=\"https:\/\/www.youtube.com\/embed\/qSPOuwxFb70?feature=oembed\" frameborder=\"0\" allow=\"accelerometer; autoplay; clipboard-write; encrypted-media; gyroscope; picture-in-picture\" allowfullscreen><\/iframe>\n<\/div><\/figure>\n","protected":false},"excerpt":{"rendered":"<p>\u015eanl\u0131 Az\u0259rbaycan Ordusu La\u00e7\u0131na daxil oldu. E\u015fq olsun q\u0259hr\u0259man Ordumuza v\u0259 M\u00fcz\u0259ff\u0259r Ali Ba\u015f Komandan\u0131m\u0131za!<\/p>\n","protected":false},"author":2,"featured_media":21472,"comment_status":"closed","ping_status":"closed","sticky":false,"template":"","format":"standard","meta":{"footnotes":""},"categories":[4],"tags":[],"class_list":["post-22034","post","type-post","status-publish","format-standard","has-post-thumbnail","hentry","category-qarabag"],"aioseo_notices":[],"_links":{"self":[{"href":"https:\/\/fedai.az\/index.php?rest_route=\/wp\/v2\/posts\/22034","targetHints":{"allow":["GET"]}}],"collection":[{"href":"https:\/\/fedai.az\/index.php?rest_route=\/wp\/v2\/posts"}],"about":[{"href":"https:\/\/fedai.az\/index.php?rest_route=\/wp\/v2\/types\/post"}],"author":[{"embeddable":true,"href":"https:\/\/fedai.az\/index.php?rest_route=\/wp\/v2\/users\/2"}],"replies":[{"embeddable":true,"href":"https:\/\/fedai.az\/index.php?rest_route=%2Fwp%2Fv2%2Fcomments&post=22034"}],"version-history":[{"count":1,"href":"https:\/\/fedai.az\/index.php?rest_route=\/wp\/v2\/posts\/22034\/revisions"}],"predecessor-version":[{"id":22036,"href":"https:\/\/fedai.az\/index.php?rest_route=\/wp\/v2\/posts\/22034\/revisions\/22036"}],"wp:featuredmedia":[{"embeddable":true,"href":"https:\/\/fedai.az\/index.php?rest_route=\/wp\/v2\/media\/21472"}],"wp:attachment":[{"href":"https:\/\/fedai.az\/index.php?rest_route=%2Fwp%2Fv2%2Fmedia&parent=22034"}],"wp:term":[{"taxonomy":"category","embeddable":true,"href":"https:\/\/fedai.az\/index.php?rest_route=%2Fwp%2Fv2%2Fcategories&post=22034"},{"taxonomy":"post_tag","embeddable":true,"href":"https:\/\/fedai.az\/index.php?rest_route=%2Fwp%2Fv2%2Ftags&post=22034"}],"curies":[{"name":"wp","href":"https:\/\/api.w.org\/{rel}","templated":true}]}}