{"id":22055,"date":"2020-12-01T01:57:05","date_gmt":"2020-11-30T21:57:05","guid":{"rendered":"https:\/\/fedai.az\/?p=22055"},"modified":"2020-12-01T01:57:07","modified_gmt":"2020-11-30T21:57:07","slug":"erm%c9%99ni-vandalizmi-lacinda-da-oz-izini-buraxdi","status":"publish","type":"post","link":"https:\/\/fedai.az\/?p=22055","title":{"rendered":"Erm\u0259ni vandalizmi La\u00e7\u0131nda da \u00f6z izini buraxd\u0131"},"content":{"rendered":"\n<p><strong>\u00dc\u00e7t\u0259r\u0259fli b\u0259yanata \u0259sas\u0259n Erm\u0259nistan\u0131n i\u015f\u011fal etdiyi La\u00e7\u0131n rayonu dekabr\u0131n 1-d\u0259n Az\u0259rbaycana t\u0259hvil verilir.<\/strong><\/p>\n\n\n\n<p>Bu rayonda ya\u015fayan erm\u0259nil\u0259r d\u0259 K\u0259lb\u0259c\u0259r v\u0259 A\u011fdamdak\u0131 kimi barbar h\u0259r\u0259k\u0259tl\u0259rini davam etdirirl\u0259r. Bel\u0259 ki, saat 00.00-a kimi rayonu bo\u015faltmaq m\u0259cburiyy\u0259tind\u0259 qalan erm\u0259nil\u0259r evl\u0259rini yand\u0131raraq t\u0259rk edirl\u0259r.<\/p>\n\n\n\n<p>Sosial \u015f\u0259b\u0259k\u0259l\u0259rd\u0259 erm\u0259ni q\u0131z t\u0259r\u0259find\u0259n yay\u0131lan kadrlar da onlar\u0131n bu \u0259m\u0259lini s\u00fcbut edir.<\/p>\n\n\n\n<figure class=\"wp-block-embed-youtube wp-block-embed is-type-video is-provider-youtube wp-embed-aspect-4-3 wp-has-aspect-ratio\"><div class=\"wp-block-embed__wrapper\">\n<iframe loading=\"lazy\" title=\"Erm\u0259nil\u0259r La\u00e7\u0131n\u0131 evl\u0259rini yand\u0131raraq t\u0259rk edir\" width=\"715\" height=\"536\" src=\"https:\/\/www.youtube.com\/embed\/Za4umPKiuQs?feature=oembed\" frameborder=\"0\" allow=\"accelerometer; autoplay; clipboard-write; encrypted-media; gyroscope; picture-in-picture\" allowfullscreen><\/iframe>\n<\/div><\/figure>\n","protected":false},"excerpt":{"rendered":"<p>\u00dc\u00e7t\u0259r\u0259fli b\u0259yanata \u0259sas\u0259n Erm\u0259nistan\u0131n i\u015f\u011fal etdiyi La\u00e7\u0131n rayonu dekabr\u0131n 1-d\u0259n Az\u0259rbaycana t\u0259hvil verilir. Bu rayonda ya\u015fayan erm\u0259nil\u0259r d\u0259 K\u0259lb\u0259c\u0259r v\u0259 A\u011fdamdak\u0131 kimi barbar h\u0259r\u0259k\u0259tl\u0259rini<\/p>\n","protected":false},"author":2,"featured_media":22056,"comment_status":"closed","ping_status":"closed","sticky":false,"template":"","format":"standard","meta":{"footnotes":""},"categories":[4],"tags":[],"class_list":["post-22055","post","type-post","status-publish","format-standard","has-post-thumbnail","hentry","category-qarabag"],"aioseo_notices":[],"_links":{"self":[{"href":"https:\/\/fedai.az\/index.php?rest_route=\/wp\/v2\/posts\/22055","targetHints":{"allow":["GET"]}}],"collection":[{"href":"https:\/\/fedai.az\/index.php?rest_route=\/wp\/v2\/posts"}],"about":[{"href":"https:\/\/fedai.az\/index.php?rest_route=\/wp\/v2\/types\/post"}],"author":[{"embeddable":true,"href":"https:\/\/fedai.az\/index.php?rest_route=\/wp\/v2\/users\/2"}],"replies":[{"embeddable":true,"href":"https:\/\/fedai.az\/index.php?rest_route=%2Fwp%2Fv2%2Fcomments&post=22055"}],"version-history":[{"count":1,"href":"https:\/\/fedai.az\/index.php?rest_route=\/wp\/v2\/posts\/22055\/revisions"}],"predecessor-version":[{"id":22057,"href":"https:\/\/fedai.az\/index.php?rest_route=\/wp\/v2\/posts\/22055\/revisions\/22057"}],"wp:featuredmedia":[{"embeddable":true,"href":"https:\/\/fedai.az\/index.php?rest_route=\/wp\/v2\/media\/22056"}],"wp:attachment":[{"href":"https:\/\/fedai.az\/index.php?rest_route=%2Fwp%2Fv2%2Fmedia&parent=22055"}],"wp:term":[{"taxonomy":"category","embeddable":true,"href":"https:\/\/fedai.az\/index.php?rest_route=%2Fwp%2Fv2%2Fcategories&post=22055"},{"taxonomy":"post_tag","embeddable":true,"href":"https:\/\/fedai.az\/index.php?rest_route=%2Fwp%2Fv2%2Ftags&post=22055"}],"curies":[{"name":"wp","href":"https:\/\/api.w.org\/{rel}","templated":true}]}}