{"id":22063,"date":"2020-12-01T02:07:03","date_gmt":"2020-11-30T22:07:03","guid":{"rendered":"https:\/\/fedai.az\/?p=22063"},"modified":"2020-12-01T02:07:05","modified_gmt":"2020-11-30T22:07:05","slug":"turkiy%c9%99li-minaaxtaranlar-artiq-az%c9%99rbaycandadirlar","status":"publish","type":"post","link":"https:\/\/fedai.az\/?p=22063","title":{"rendered":"T\u00fcrkiy\u0259li minaaxtaranlar art\u0131q Az\u0259rbaycandad\u0131rlar"},"content":{"rendered":"\n<p><strong>T\u00fcrkiy\u0259 Silahl\u0131 Q\u00fcvv\u0259l\u0259rinin Quru Qo\u015funlar\u0131n\u0131n minaaxtaran qruplar\u0131 Az\u0259rbaycana g\u0259lib.<\/strong><\/p>\n\n\n\n<p><a target=\"_blank\" href=\"https:\/\/teleqraf.com\/\" rel=\"noreferrer noopener\">Teleqraf.com<\/a>&nbsp;T\u00fcrkiy\u0259 Milli M\u00fcdafi\u0259 Nazirliyin\u0259 istinad\u0259n x\u0259b\u0259r verir ki, onlar 44 g\u00fcnl\u00fck V\u0259t\u0259n m\u00fcharib\u0259si n\u0259tic\u0259sind\u0259 Erm\u0259nistan\u0131n i\u015f\u011fal\u0131ndan azad edil\u0259n \u0259razil\u0259rd\u0259 Az\u0259rbaycan Ordusunun minaaxtaran qruplar\u0131 il\u0259 birg\u0259 minalar\u0131n axtar\u0131\u015f\u0131na ba\u015flay\u0131blar.<\/p>\n\n\n\n<p>M\u0259lumatda t\u00fcrkiy\u0259li minaaxtaranlar\u0131n Az\u0259rbaycan Ordusuna t\u0259liml\u0259r ke\u00e7\u0259c\u0259yi d\u0259 vur\u011fulan\u0131b.<\/p>\n\n\n\n<figure class=\"wp-block-image size-large is-resized\"><img loading=\"lazy\" decoding=\"async\" src=\"https:\/\/fedai.az\/wp-content\/uploads\/2020\/12\/turk-mina.jpg\" alt=\"\" class=\"wp-image-22064\" width=\"343\" height=\"343\" srcset=\"https:\/\/fedai.az\/wp-content\/uploads\/2020\/12\/turk-mina.jpg 200w, https:\/\/fedai.az\/wp-content\/uploads\/2020\/12\/turk-mina-150x150.jpg 150w\" sizes=\"auto, (max-width: 343px) 100vw, 343px\" \/><\/figure>\n","protected":false},"excerpt":{"rendered":"<p>T\u00fcrkiy\u0259 Silahl\u0131 Q\u00fcvv\u0259l\u0259rinin Quru Qo\u015funlar\u0131n\u0131n minaaxtaran qruplar\u0131 Az\u0259rbaycana g\u0259lib. Teleqraf.com&nbsp;T\u00fcrkiy\u0259 Milli M\u00fcdafi\u0259 Nazirliyin\u0259 istinad\u0259n x\u0259b\u0259r verir ki, onlar 44 g\u00fcnl\u00fck V\u0259t\u0259n m\u00fcharib\u0259si n\u0259tic\u0259sind\u0259 Erm\u0259nistan\u0131n<\/p>\n","protected":false},"author":2,"featured_media":22065,"comment_status":"closed","ping_status":"closed","sticky":false,"template":"","format":"standard","meta":{"footnotes":""},"categories":[4],"tags":[],"class_list":["post-22063","post","type-post","status-publish","format-standard","has-post-thumbnail","hentry","category-qarabag"],"aioseo_notices":[],"_links":{"self":[{"href":"https:\/\/fedai.az\/index.php?rest_route=\/wp\/v2\/posts\/22063","targetHints":{"allow":["GET"]}}],"collection":[{"href":"https:\/\/fedai.az\/index.php?rest_route=\/wp\/v2\/posts"}],"about":[{"href":"https:\/\/fedai.az\/index.php?rest_route=\/wp\/v2\/types\/post"}],"author":[{"embeddable":true,"href":"https:\/\/fedai.az\/index.php?rest_route=\/wp\/v2\/users\/2"}],"replies":[{"embeddable":true,"href":"https:\/\/fedai.az\/index.php?rest_route=%2Fwp%2Fv2%2Fcomments&post=22063"}],"version-history":[{"count":1,"href":"https:\/\/fedai.az\/index.php?rest_route=\/wp\/v2\/posts\/22063\/revisions"}],"predecessor-version":[{"id":22066,"href":"https:\/\/fedai.az\/index.php?rest_route=\/wp\/v2\/posts\/22063\/revisions\/22066"}],"wp:featuredmedia":[{"embeddable":true,"href":"https:\/\/fedai.az\/index.php?rest_route=\/wp\/v2\/media\/22065"}],"wp:attachment":[{"href":"https:\/\/fedai.az\/index.php?rest_route=%2Fwp%2Fv2%2Fmedia&parent=22063"}],"wp:term":[{"taxonomy":"category","embeddable":true,"href":"https:\/\/fedai.az\/index.php?rest_route=%2Fwp%2Fv2%2Fcategories&post=22063"},{"taxonomy":"post_tag","embeddable":true,"href":"https:\/\/fedai.az\/index.php?rest_route=%2Fwp%2Fv2%2Ftags&post=22063"}],"curies":[{"name":"wp","href":"https:\/\/api.w.org\/{rel}","templated":true}]}}