{"id":22067,"date":"2020-12-01T02:13:08","date_gmt":"2020-11-30T22:13:08","guid":{"rendered":"https:\/\/fedai.az\/?p=22067"},"modified":"2020-12-01T02:13:10","modified_gmt":"2020-11-30T22:13:10","slug":"erm%c9%99ni-siyas%c9%99tcil%c9%99r-%c9%99liyevin-sozl%c9%99rind%c9%99n-iqtibas-kimi-istifad%c9%99-edirl%c9%99r","status":"publish","type":"post","link":"https:\/\/fedai.az\/?p=22067","title":{"rendered":"Erm\u0259ni siyas\u0259t\u00e7il\u0259r \u018fliyevin s\u00f6zl\u0259rind\u0259n iqtibas kimi istifad\u0259 edirl\u0259r"},"content":{"rendered":"\n<p><strong>\u0130r\u0259vanda q\u0131z\u0131\u015fan siyasi didi\u015fm\u0259l\u0259r fonunda hakimiyy\u0259tl\u0259 m\u00fcxalif\u0259tin bir-birin\u0259 qar\u015f\u0131 istifad\u0259 etdiyi ifad\u0259l\u0259r, istinad etdiyi faktlar diqq\u0259t \u00e7\u0259kir.<\/strong><\/p>\n\n\n\n<p><strong>Dabanyalayan<\/strong><\/p>\n\n\n\n<p>Bu, \u0130lham \u018fliyevin m\u00fcharib\u0259nin getdiyi d\u00f6vrd\u0259 Pa\u015finyana verdiyi adlardan biri idi.<\/p>\n\n\n\n<figure class=\"wp-block-image size-large is-resized\"><img loading=\"lazy\" decoding=\"async\" src=\"https:\/\/fedai.az\/wp-content\/uploads\/2020\/12\/IMG-20201107-WA0002.jpg\" alt=\"\" class=\"wp-image-22068\" width=\"753\" height=\"1026\" srcset=\"https:\/\/fedai.az\/wp-content\/uploads\/2020\/12\/IMG-20201107-WA0002.jpg 628w, https:\/\/fedai.az\/wp-content\/uploads\/2020\/12\/IMG-20201107-WA0002-220x300.jpg 220w, https:\/\/fedai.az\/wp-content\/uploads\/2020\/12\/IMG-20201107-WA0002-110x150.jpg 110w\" sizes=\"auto, (max-width: 753px) 100vw, 753px\" \/><\/figure>\n\n\n\n<p>\u0130ndi bu ad Erm\u0259nistanda siyasi m\u00fcbariz\u0259 leksikonuna \u00e7evrilib. Serj S\u0259rkisyan\u0131n lideri oldu\u011fu Respublika\u00e7\u0131lar Partiyas\u0131n\u0131n m\u0259tbuat katibi Eduard \u015earmazanov Pa\u015finyan\u0131 bel\u0259 ittiham edir:<\/p>\n\n\n\n<p>&#8212; S\u0259n t\u00fcrk\u00fcn daban\u0131n\u0131 yalam\u0131san, indi d\u0259 xahi\u015f edirs\u0259n, Moskva onun daban\u0131n\u0131 yalama\u011fa icaz\u0259 versin.<\/p>\n\n\n\n<p><strong>N\u0259 oldu, Pa\u015finyan?!<\/strong><\/p>\n\n\n\n<p>\u018fliyevin l\u0259tif\u0259y\u0259 \u00e7evril\u0259n \u201cn\u0259 oldu Pa\u015finyan\u201d ifad\u0259si d\u0259 erm\u0259nil\u0259rin siyasi ittiham m\u0259tnl\u0259rind\u0259 istifad\u0259 olunur.<\/p>\n\n\n\n<p>Erm\u0259ni h\u0259rb\u00e7i, \u201cKr\u0131m komandiri\u201d kimi tan\u0131nan separat\u00e7\u0131 Armen Marotyan \u201cN\u0259 oldu, Pa\u015finyan\u201d ifad\u0259sin\u0259 i\u015far\u0259 vuraraq, deyir:<\/p>\n\n\n\n<p>&#8212; Pa\u015finyan Az\u0259rbaycanda yumor q\u0259hr\u0259man\u0131na \u00e7evrilib.<\/p>\n\n\n\n<p>Bunun fonunda \u0130lham \u018fliyevin \u201cPa\u015finyan he\u00e7 kimdir&#8230; Biz K\u00f6\u00e7\u0259ryan, S\u0259rkisyan ordusunu m\u0259hv etmi\u015fik\u201d s\u00f6zl\u0259rind\u0259n sonra Pa\u015finyan komandas\u0131n\u0131n K\u00f6\u00e7\u0259ryan-S\u0259rkisyan hakimiyy\u0259tin\u0259 qar\u015f\u0131 \u201cordunu siz da\u011f\u0131tm\u0131\u015fd\u0131n\u0131z\u201d ittihamlar\u0131 s\u00fcr\u0259tl\u0259ndi.<\/p>\n\n\n\n<p>Pa\u015finyan bu ittihamlarla m\u0259\u011flubiyy\u0259tin\u0259 haqq qazand\u0131r\u0131r, lakin \u0130lham \u018fliyevin m\u00fcharib\u0259 d\u00f6vr\u00fcnd\u0259 Nikolu, m\u00fcharib\u0259d\u0259n sonra K\u00f6\u00e7\u0259ryan-S\u0259rkisyan c\u00fctl\u00fcy\u00fcn\u00fc vurmaqla didi\u015f\u0259n erm\u0259ni siyasi seqmentin\u0259 y\u00f6n verdiyi diqq\u0259td\u0259n qa\u00e7m\u0131r.<\/p>\n\n\n\n<p>\u0130ndi Erm\u0259nistanda siyasi r\u0259qibl\u0259r bir-birin\u0259 \u018fliyevin ifad\u0259l\u0259ri il\u0259 h\u00fccum edirl\u0259r.(axar.az)<\/p>\n","protected":false},"excerpt":{"rendered":"<p>\u0130r\u0259vanda q\u0131z\u0131\u015fan siyasi didi\u015fm\u0259l\u0259r fonunda hakimiyy\u0259tl\u0259 m\u00fcxalif\u0259tin bir-birin\u0259 qar\u015f\u0131 istifad\u0259 etdiyi ifad\u0259l\u0259r, istinad etdiyi faktlar diqq\u0259t \u00e7\u0259kir. Dabanyalayan Bu, \u0130lham \u018fliyevin m\u00fcharib\u0259nin getdiyi d\u00f6vrd\u0259<\/p>\n","protected":false},"author":2,"featured_media":22069,"comment_status":"closed","ping_status":"closed","sticky":false,"template":"","format":"standard","meta":{"footnotes":""},"categories":[15],"tags":[],"class_list":["post-22067","post","type-post","status-publish","format-standard","has-post-thumbnail","hentry","category-atmaca"],"aioseo_notices":[],"_links":{"self":[{"href":"https:\/\/fedai.az\/index.php?rest_route=\/wp\/v2\/posts\/22067","targetHints":{"allow":["GET"]}}],"collection":[{"href":"https:\/\/fedai.az\/index.php?rest_route=\/wp\/v2\/posts"}],"about":[{"href":"https:\/\/fedai.az\/index.php?rest_route=\/wp\/v2\/types\/post"}],"author":[{"embeddable":true,"href":"https:\/\/fedai.az\/index.php?rest_route=\/wp\/v2\/users\/2"}],"replies":[{"embeddable":true,"href":"https:\/\/fedai.az\/index.php?rest_route=%2Fwp%2Fv2%2Fcomments&post=22067"}],"version-history":[{"count":1,"href":"https:\/\/fedai.az\/index.php?rest_route=\/wp\/v2\/posts\/22067\/revisions"}],"predecessor-version":[{"id":22070,"href":"https:\/\/fedai.az\/index.php?rest_route=\/wp\/v2\/posts\/22067\/revisions\/22070"}],"wp:featuredmedia":[{"embeddable":true,"href":"https:\/\/fedai.az\/index.php?rest_route=\/wp\/v2\/media\/22069"}],"wp:attachment":[{"href":"https:\/\/fedai.az\/index.php?rest_route=%2Fwp%2Fv2%2Fmedia&parent=22067"}],"wp:term":[{"taxonomy":"category","embeddable":true,"href":"https:\/\/fedai.az\/index.php?rest_route=%2Fwp%2Fv2%2Fcategories&post=22067"},{"taxonomy":"post_tag","embeddable":true,"href":"https:\/\/fedai.az\/index.php?rest_route=%2Fwp%2Fv2%2Ftags&post=22067"}],"curies":[{"name":"wp","href":"https:\/\/api.w.org\/{rel}","templated":true}]}}