{"id":22074,"date":"2020-12-01T02:41:24","date_gmt":"2020-11-30T22:41:24","guid":{"rendered":"https:\/\/fedai.az\/?p=22074"},"modified":"2020-12-01T03:56:45","modified_gmt":"2020-11-30T23:56:45","slug":"avmvib-in-koroglu-l%c9%99q%c9%99bli-s%c9%99dri-haqqinda","status":"publish","type":"post","link":"https:\/\/fedai.az\/?p=22074","title":{"rendered":"AVMV\u0130B-in Koro\u011flu l\u0259q\u0259bli s\u0259dri F\u00fczuli Rzaquliyev"},"content":{"rendered":"\n<p><br><strong>&#171;NAIL KEMERLININ KANALI&#187; AVMV\u0130B s\u0259dri F\u00fczuli Rzaquliyev haqq\u0131nda filmi d\u00f6y\u00fc\u015f\u00e7\u00fcl\u0259r raz\u0131l\u0131qla qar\u015f\u0131lay\u0131b. M\u00fcharib\u0259 veteranlar\u0131 ad\u0131ndan kanala \u00f6z minn\u0259tdarl\u0131\u011f\u0131m\u0131z\u0131 bildirir v\u0259 i\u015fl\u0259rind\u0259 u\u011furlar arzulay\u0131r\u0131q.<\/strong><\/p>\n\n\n\n<figure class=\"wp-block-image size-large is-resized\"><img loading=\"lazy\" decoding=\"async\" src=\"https:\/\/fedai.az\/wp-content\/uploads\/2020\/12\/IMG-20201018-WA0001-576x1024-1.jpg\" alt=\"\" class=\"wp-image-22118\" width=\"908\" height=\"1614\" srcset=\"https:\/\/fedai.az\/wp-content\/uploads\/2020\/12\/IMG-20201018-WA0001-576x1024-1.jpg 576w, https:\/\/fedai.az\/wp-content\/uploads\/2020\/12\/IMG-20201018-WA0001-576x1024-1-169x300.jpg 169w, https:\/\/fedai.az\/wp-content\/uploads\/2020\/12\/IMG-20201018-WA0001-576x1024-1-84x150.jpg 84w\" sizes=\"auto, (max-width: 908px) 100vw, 908px\" \/><\/figure>\n\n\n\n<p>N. K\u0259m\u0259rli yaz\u0131b: &#171;Az\u0259rbaycan V\u0259t\u0259n M\u00fcharib\u0259si Veteranlar\u0131 \u0130ctimai Birliyinin s\u0259dri F\u00fczuli \u018fd\u0259b o\u011flu Rzaquliyev Milli Ordumuzun yaranmas\u0131nda i\u015ftirak etmi\u015f ilk zabitl\u0259rimizd\u0259n olan, Birinci taborun (18110) t\u0259rkibind\u0259 ta\u011f\u0131m komandiri kimi F. Rzaquliyevin ilk d\u00f6y\u00fc\u015f\u00fc Sar\u0131su istiqam\u0259tind\u0259, Erk\u0259\u015f, M\u0259n\u0259\u015f v\u0259 Buzluq ya\u015fay\u0131\u015f m\u0259nt\u0259q\u0259l\u0259rinin d\u00fc\u015fm\u0259nd\u0259n azad edilm\u0259si u\u011frunda olub. Sonra Da\u015falt\u0131, \u015eu\u015fa, K\u0259lb\u0259c\u0259r, La\u00e7\u0131n, A\u011fd\u0259r\u0259 istiqam\u0259t\u0259rind\u0259 ged\u0259n \u00e7ox sayl\u0131 a\u011f\u0131r d\u00f6y\u00fc\u015fl\u0259rin i\u015ftirak\u00e7\u0131s\u0131 kimi bu d\u00f6y\u00fc\u015fl\u0259rd\u0259 \u00f6z\u00fcn\u00fc bacar\u0131ql\u0131 bir komandir kimi g\u00f6st\u0259rib. M\u0259hz g\u00f6st\u0259rdiyi \u00e7oxsayl\u0131 \u015f\u00fcca\u0259tl\u0259r\u0259 g\u00f6r\u0259, ona d\u00f6y\u00fc\u015f dostlar\u0131 Koro\u011flu l\u0259q\u0259bi vermi\u015fdil\u0259r. Bu d\u00f6y\u00fc\u015fl\u0259rd\u0259 yaralansa da son At\u0259\u015fk\u0259s g\u00fcn\u00fcn\u0259d\u0259k ordu s\u0131ralar\u0131n\u0131 t\u0259rk etm\u0259di.&#187;<\/p>\n\n\n\n<p><strong>H\u0259r k\u0259si bu kanala abun\u0259 olma\u011fa \u00e7a\u011f\u0131r\u0131r\u0131q!<\/strong><\/p>\n\n\n\n<figure class=\"wp-block-embed-youtube wp-block-embed is-type-video is-provider-youtube wp-embed-aspect-16-9 wp-has-aspect-ratio\"><div class=\"wp-block-embed__wrapper\">\n<iframe loading=\"lazy\" title=\"A\u011f\u0131r d\u00f6y\u00fc\u015fl\u0259rin i\u015ftirak\u00e7\u0131s\u0131 Qaraba\u011f\u0131n Koro\u011flusu - F\u00fczuli Rzaquliyev\" width=\"715\" height=\"402\" src=\"https:\/\/www.youtube.com\/embed\/GXtGpKL_l84?feature=oembed\" frameborder=\"0\" allow=\"accelerometer; autoplay; clipboard-write; encrypted-media; gyroscope; picture-in-picture\" allowfullscreen><\/iframe>\n<\/div><\/figure>\n","protected":false},"excerpt":{"rendered":"<p>&#171;NAIL KEMERLININ KANALI&#187; AVMV\u0130B s\u0259dri F\u00fczuli Rzaquliyev haqq\u0131nda filmi d\u00f6y\u00fc\u015f\u00e7\u00fcl\u0259r raz\u0131l\u0131qla qar\u015f\u0131lay\u0131b. M\u00fcharib\u0259 veteranlar\u0131 ad\u0131ndan kanala \u00f6z minn\u0259tdarl\u0131\u011f\u0131m\u0131z\u0131 bildirir v\u0259 i\u015fl\u0259rind\u0259 u\u011furlar arzulay\u0131r\u0131q. N.<\/p>\n","protected":false},"author":2,"featured_media":21815,"comment_status":"closed","ping_status":"closed","sticky":false,"template":"","format":"standard","meta":{"footnotes":""},"categories":[5],"tags":[],"class_list":["post-22074","post","type-post","status-publish","format-standard","has-post-thumbnail","hentry","category-veteran"],"aioseo_notices":[],"_links":{"self":[{"href":"https:\/\/fedai.az\/index.php?rest_route=\/wp\/v2\/posts\/22074","targetHints":{"allow":["GET"]}}],"collection":[{"href":"https:\/\/fedai.az\/index.php?rest_route=\/wp\/v2\/posts"}],"about":[{"href":"https:\/\/fedai.az\/index.php?rest_route=\/wp\/v2\/types\/post"}],"author":[{"embeddable":true,"href":"https:\/\/fedai.az\/index.php?rest_route=\/wp\/v2\/users\/2"}],"replies":[{"embeddable":true,"href":"https:\/\/fedai.az\/index.php?rest_route=%2Fwp%2Fv2%2Fcomments&post=22074"}],"version-history":[{"count":3,"href":"https:\/\/fedai.az\/index.php?rest_route=\/wp\/v2\/posts\/22074\/revisions"}],"predecessor-version":[{"id":22120,"href":"https:\/\/fedai.az\/index.php?rest_route=\/wp\/v2\/posts\/22074\/revisions\/22120"}],"wp:featuredmedia":[{"embeddable":true,"href":"https:\/\/fedai.az\/index.php?rest_route=\/wp\/v2\/media\/21815"}],"wp:attachment":[{"href":"https:\/\/fedai.az\/index.php?rest_route=%2Fwp%2Fv2%2Fmedia&parent=22074"}],"wp:term":[{"taxonomy":"category","embeddable":true,"href":"https:\/\/fedai.az\/index.php?rest_route=%2Fwp%2Fv2%2Fcategories&post=22074"},{"taxonomy":"post_tag","embeddable":true,"href":"https:\/\/fedai.az\/index.php?rest_route=%2Fwp%2Fv2%2Ftags&post=22074"}],"curies":[{"name":"wp","href":"https:\/\/api.w.org\/{rel}","templated":true}]}}