{"id":22087,"date":"2020-12-01T03:21:47","date_gmt":"2020-11-30T23:21:47","guid":{"rendered":"https:\/\/fedai.az\/?p=22087"},"modified":"2020-12-01T17:46:00","modified_gmt":"2020-12-01T13:46:00","slug":"xocav%c9%99ndli-veteranlar","status":"publish","type":"post","link":"https:\/\/fedai.az\/?p=22087","title":{"rendered":"Xocav\u0259ndli veteranlar Ordumuzun yan\u0131ndad\u0131r"},"content":{"rendered":"\n<p>&nbsp;<strong>AVMV\u0130B Xocav\u0259nd rayon \u015f\u00f6b\u0259sinin s\u0259dri Akif H\u0259s\u0259novun verdiyi m\u0259lumata g\u00f6r\u0259, rayon veteranlar\u0131 ordumuza d\u0259st\u0259kl\u0259rini davam etdirm\u0259kd\u0259dirl\u0259r<\/strong>. <\/p>\n\n\n\n<p>AVMV\u0130B Xocav\u0259nd rayon \u015f\u00f6b\u0259sinin s\u0259dri Akif H\u0259s\u0259nov bildirdi ki, hadis\u0259l\u0259rin ilk g\u00fcn\u00fcnd\u0259n c\u0259bh\u0259nin m\u00fcxt\u0259lif istiqam\u0259tl\u0259rind\u0259 ordumuzla v\u0259 d\u00f6y\u00fc\u015f\u0259n h\u0259rbi kontingentl\u0259 t\u0259maslar\u0131m\u0131z olub. Yenilm\u0259z ordumuz Az\u0259rbaycan\u0131 h\u0259r c\u00fcr d\u00fc\u015fm\u0259nd\u0259n qoruma\u011fa qadirdir. H\u0259r bir k\u00f6hn\u0259 d\u00f6y\u00fc\u015f\u00e7\u00fcn\u00fcn v\u0259 g\u0259nc d\u00f6y\u00fc\u015f\u00e7\u00fcn\u00fcn amal\u0131 eynidir. Bizi bir amal \u00abV\u0259t\u0259n torpaqlar\u0131n\u0131n azad edilm\u0259si\u00bb birl\u0259\u015fdirir. Bu g\u00fcnd\u0259n sonra da ordumuzla birlikd\u0259 olma\u011fa davam ed\u0259c\u0259yik. <\/p>\n\n\n\n<p>AVMV\u0130B Xocav\u0259nd rayon \u015f\u00f6b\u0259sinin s\u0259dri Akif H\u0259s\u0259nov, bir d\u0259 m\u00fcharib\u0259 veteranlar\u0131n\u0131n ke\u00e7iril\u0259c\u0259k Q\u0259l\u0259b\u0259 parad\u0131nda veteranlara bir kolonun ayr\u0131lmas\u0131n\u0131 aidiyyatl\u0131 orqanlara \u00e7atd\u0131rma\u011f\u0131m\u0131z\u0131 xahi\u015f etdi. Bildirdi ki, V\u0259t\u0259n m\u00fcharib\u0259sind\u0259 d\u00f6y\u00fc\u015f\u0259nl\u0259rin b\u00f6y\u00fck \u0259ks\u0259riyy\u0259ti el\u0259 biz veteranlar\u0131n \u00f6vladlar\u0131 olmas\u0131 he\u00e7 d\u0259 t\u0259sad\u00fcfi deyil. H\u0259m \u00f6z\u00fcm\u00fcz, h\u0259m d\u0259 \u00f6vladlar\u0131m\u0131z V\u0259t\u0259n u\u011frunda h\u0259r bir sava\u015fda Ali Ba\u015f Komandan c\u0259nab \u0130lham \u018fliyevin ver\u0259c\u0259yi \u0259mr\u0259 m\u00fcnt\u0259zirik v\u0259 bunu \u0259m\u0259li olaraq bu m\u00fcharib\u0259d\u0259 d\u0259 s\u00fcbut etdik.<\/p>\n\n\n\n<p><strong>Elnur S\u0259lim<\/strong><\/p>\n\n\n\n<figure class=\"wp-block-image size-large\"><img loading=\"lazy\" decoding=\"async\" width=\"1024\" height=\"768\" src=\"https:\/\/fedai.az\/wp-content\/uploads\/2020\/12\/128807509_806492790200217_7322140758094546377_n-1024x768.jpg\" alt=\"\" class=\"wp-image-22088\" srcset=\"https:\/\/fedai.az\/wp-content\/uploads\/2020\/12\/128807509_806492790200217_7322140758094546377_n-1024x768.jpg 1024w, https:\/\/fedai.az\/wp-content\/uploads\/2020\/12\/128807509_806492790200217_7322140758094546377_n-300x225.jpg 300w, https:\/\/fedai.az\/wp-content\/uploads\/2020\/12\/128807509_806492790200217_7322140758094546377_n-150x113.jpg 150w, https:\/\/fedai.az\/wp-content\/uploads\/2020\/12\/128807509_806492790200217_7322140758094546377_n-768x576.jpg 768w, https:\/\/fedai.az\/wp-content\/uploads\/2020\/12\/128807509_806492790200217_7322140758094546377_n.jpg 1152w\" sizes=\"auto, (max-width: 1024px) 100vw, 1024px\" \/><\/figure>\n\n\n\n<figure class=\"wp-block-image size-large is-resized\"><img loading=\"lazy\" decoding=\"async\" src=\"https:\/\/fedai.az\/wp-content\/uploads\/2020\/12\/128913680_115835130259236_7975526119109145627_n-1-614x1024.jpg\" alt=\"\" class=\"wp-image-22089\" width=\"1097\" height=\"1830\"\/><\/figure>\n","protected":false},"excerpt":{"rendered":"<p>&nbsp;AVMV\u0130B Xocav\u0259nd rayon \u015f\u00f6b\u0259sinin s\u0259dri Akif H\u0259s\u0259novun verdiyi m\u0259lumata g\u00f6r\u0259, rayon veteranlar\u0131 ordumuza d\u0259st\u0259kl\u0259rini davam etdirm\u0259kd\u0259dirl\u0259r. AVMV\u0130B Xocav\u0259nd rayon \u015f\u00f6b\u0259sinin s\u0259dri Akif H\u0259s\u0259nov bildirdi<\/p>\n","protected":false},"author":2,"featured_media":22088,"comment_status":"closed","ping_status":"closed","sticky":false,"template":"","format":"standard","meta":{"footnotes":""},"categories":[5],"tags":[],"class_list":["post-22087","post","type-post","status-publish","format-standard","has-post-thumbnail","hentry","category-veteran"],"aioseo_notices":[],"_links":{"self":[{"href":"https:\/\/fedai.az\/index.php?rest_route=\/wp\/v2\/posts\/22087","targetHints":{"allow":["GET"]}}],"collection":[{"href":"https:\/\/fedai.az\/index.php?rest_route=\/wp\/v2\/posts"}],"about":[{"href":"https:\/\/fedai.az\/index.php?rest_route=\/wp\/v2\/types\/post"}],"author":[{"embeddable":true,"href":"https:\/\/fedai.az\/index.php?rest_route=\/wp\/v2\/users\/2"}],"replies":[{"embeddable":true,"href":"https:\/\/fedai.az\/index.php?rest_route=%2Fwp%2Fv2%2Fcomments&post=22087"}],"version-history":[{"count":4,"href":"https:\/\/fedai.az\/index.php?rest_route=\/wp\/v2\/posts\/22087\/revisions"}],"predecessor-version":[{"id":22157,"href":"https:\/\/fedai.az\/index.php?rest_route=\/wp\/v2\/posts\/22087\/revisions\/22157"}],"wp:featuredmedia":[{"embeddable":true,"href":"https:\/\/fedai.az\/index.php?rest_route=\/wp\/v2\/media\/22088"}],"wp:attachment":[{"href":"https:\/\/fedai.az\/index.php?rest_route=%2Fwp%2Fv2%2Fmedia&parent=22087"}],"wp:term":[{"taxonomy":"category","embeddable":true,"href":"https:\/\/fedai.az\/index.php?rest_route=%2Fwp%2Fv2%2Fcategories&post=22087"},{"taxonomy":"post_tag","embeddable":true,"href":"https:\/\/fedai.az\/index.php?rest_route=%2Fwp%2Fv2%2Ftags&post=22087"}],"curies":[{"name":"wp","href":"https:\/\/api.w.org\/{rel}","templated":true}]}}