{"id":22125,"date":"2020-12-01T14:04:03","date_gmt":"2020-12-01T10:04:03","guid":{"rendered":"https:\/\/fedai.az\/?p=22125"},"modified":"2020-12-01T14:35:08","modified_gmt":"2020-12-01T10:35:08","slug":"prezident-erm%c9%99nistan-ucun-qatar-getdi-o-qatara-min%c9%99-bil%c9%99rl%c9%99r-%c9%99g%c9%99r-bizim-icaz%c9%99miz-olsa","status":"publish","type":"post","link":"https:\/\/fedai.az\/?p=22125","title":{"rendered":"Prezident: \u201cErm\u0259nistan \u00fc\u00e7\u00fcn qatar getdi, o qatara min\u0259 bil\u0259rl\u0259r, \u0259g\u0259r bizim icaz\u0259miz olsa\u201d"},"content":{"rendered":"\n<p><strong>\u201cAz\u0259rbaycana r\u0259hb\u0259rlik ed\u0259n Ulu \u00d6nd\u0259r v\u0259 ondan sonra m\u0259n Az\u0259rbaycan xalq\u0131n\u0131n maraqlar\u0131n\u0131 h\u0259r \u015feyd\u0259n \u00fcst\u00fcn tutmu\u015fuq. Erm\u0259nistan r\u0259hb\u0259rl\u0259ri kim olub? 20 il quldurlar &#8212; Ko\u00e7aryan-Sarkisyan xunta rejimi, iki il yar\u0131m da kim olub, erm\u0259ni xalq\u0131 \u00f6z\u00fc bilir. Qatar getdi. Amma h\u0259l\u0259 d\u0259 gec deyil. H\u0259l\u0259 o qatara min\u0259 bil\u0259rsiniz, \u0259g\u0259r bizim icaz\u0259miz olsa, \u0259g\u0259r bizim \u015f\u0259rtl\u0259rimiz t\u0259min olunsa. Bundan sonra bel\u0259 olacaq, ancaq bel\u0259 olacaq!\u201d<\/strong><\/p>\n\n\n\n<p>Bunu Ali Ba\u015f Komandan, Az\u0259rbaycan Respublikas\u0131n\u0131n Prezidenti \u0130lham \u018fliyev xalqa m\u00fcraci\u0259tind\u0259 bildirib.<\/p>\n\n\n\n<p>\u201cYeddi \u015f\u0259rt qoyan Pa\u015finyan, g\u00f6r\u0259s\u0259n, indi hans\u0131 \u015f\u0259rt qoya bil\u0259r v\u0259 kim\u0259 \u015f\u0259rt qoya bil\u0259r? Han\u0131 o yeddi&nbsp;\u015f\u0259rt? Getdi i\u015fin\u0259. Az\u0259rbaycan qondarma \u201cDa\u011fl\u0131q Qaraba\u011fla\u201d dan\u0131\u015f\u0131qlar aparmal\u0131d\u0131r, han\u0131 o \u015f\u0259rt? C\u0259h\u0259nn\u0259m\u0259 getdi.<\/p>\n\n\n\n<p>\u201cDa\u011fl\u0131q Qaraba\u011f Erm\u0259nistand\u0131r v\u0259 n\u00f6qt\u0259\u201d &#8212; bunu nec\u0259 dey\u0259rl\u0259r, bel\u0259 b\u00f6y\u00fck h\u0259v\u0259sl\u0259, bir q\u0259hr\u0259man kimi Xank\u0259ndid\u0259 b\u0259yan etdi v\u0259 ham\u0131 da ona \u0259l \u00e7al\u0131rd\u0131. N\u0259 oldu? Qaraba\u011f Erm\u0259nistand\u0131r? G\u0259lsin desin bunu. Qaraba\u011f Az\u0259rbaycand\u0131r! Ona o \u0259l \u00e7alanlar, o kriminal rejimin n\u00fcmay\u0259nd\u0259l\u0259ri indi ya m\u0259hv olublar, ya f\u0259rarilik edibl\u0259r.<\/p>\n\n\n\n<p>\u00d6zl\u0259ri etiraf edirl\u0259r ki, 10 mind\u0259n \u00e7ox f\u0259rari var. Deyirdi ki, \u015eu\u015fada &#8212; bizim tarixi, q\u0259dim \u015f\u0259h\u0259rimiz, bizim \u00fcr\u0259yimiz, can\u0131m\u0131z olan \u015eu\u015fada bunlar qondarma \u201cDa\u011fl\u0131q Qaraba\u011f\u0131n\u201d parlamentini in\u015fa ed\u0259c\u0259kl\u0259r. N\u0259 oldu o parlament? Vurduq, da\u011f\u0131td\u0131q, m\u0259hv etdik.<\/p>\n\n\n\n<p>C\u0131d\u0131r d\u00fcz\u00fcnd\u0259 s\u0259rxo\u015f v\u0259ziyy\u0259td\u0259 r\u0259qs ed\u0259nd\u0259 fikirl\u0259\u015f\u0259ydi ax\u0131r\u0131 n\u0259 olacaq. D\u0259rsini verdik. \u00d6z bayra\u011f\u0131m\u0131z\u0131 ucaltd\u0131q \u015eu\u015fada v\u0259 b\u00fct\u00fcn ba\u015fqa \u015f\u0259h\u0259r v\u0259 rayonlar\u0131m\u0131zda. H\u0259r k\u0259s g\u00fcc\u00fcm\u00fcz\u00fc g\u00f6rd\u00fc. H\u0259r k\u0259s q\u00fcdr\u0259timizi g\u00f6rd\u00fc, irad\u0259mizi g\u00f6rd\u00fc. Bu d\u0259mir yumruq onlar\u0131n belini q\u0131rd\u0131, onlar\u0131n ba\u015f\u0131n\u0131 \u0259zdi\u201d, &#8212; dey\u0259 Prezident bildirib.<\/p>\n\n\n\n<p>\u0130lham \u018fliyev vur\u011fulay\u0131b ki, bu, birlik yumru\u011fudur, bu, g\u00fcc yumru\u011fudur:<\/p>\n\n\n\n<p>\u201cBundan sonra Az\u0259rbaycan yaln\u0131z inki\u015faf, t\u0259r\u0259qqi yolu il\u0259 ged\u0259c\u0259k. Bundan sonra da biz ordu quruculu\u011fu i\u015find\u0259 \u0259m\u0259li add\u0131mlar ataca\u011f\u0131q, ordumuzu daha da g\u00fccl\u0259ndir\u0259c\u0259yik. B\u00fct\u00fcn g\u00f6st\u0259ri\u015fl\u0259r verildi. \u0130rad\u0259miz d\u0259 var, t\u0259cr\u00fcb\u0259miz d\u0259 var &#8212; \u0259v\u0259zolunmaz t\u0259cr\u00fcb\u0259. \u0130ndi b\u00fct\u00fcn \u00f6lk\u0259l\u0259r bu V\u0259t\u0259n m\u00fcharib\u0259sinin t\u0259cr\u00fcb\u0259sini \u00f6yr\u0259nirl\u0259r.<\/p>\n\n\n\n<p>V\u0259saitimiz d\u0259 var. Xalq-iqtidar birliyimiz d\u0259 var. Biz g\u00f6st\u0259rmi\u015fik ki, b\u00f6y\u00fck xalq\u0131q, q\u00fcrurlu xalq\u0131q. D\u00fc\u015fm\u0259ni yer\u0259 vurduq. D\u00fc\u015fm\u0259nin belini q\u0131rd\u0131q, m\u0259hv etdik. Bu, tarixi Q\u0259l\u0259b\u0259dir. Bu Q\u0259l\u0259b\u0259 Az\u0259rbaycan tarixind\u0259 \u0259b\u0259di qalacaq, \u015fanl\u0131 Q\u0259l\u0259b\u0259 kimi!<\/p>\n\n\n\n<p>M\u0259n m\u00fcharib\u0259nin ilk g\u00fcn\u00fcnd\u0259n bu g\u00fcn\u0259 q\u0259d\u0259r &#8212; sentyabr\u0131n 27-d\u0259n dekabr\u0131n 1-n\u0259 q\u0259d\u0259r Az\u0259rbaycan xalq\u0131na d\u0259f\u0259l\u0259rl\u0259 m\u00fcraci\u0259tl\u0259r etmi\u015f\u0259m, q\u0259l\u0259b\u0259 sevincini b\u00f6l\u00fc\u015fm\u00fc\u015f\u0259m, azad edilmi\u015f \u015f\u0259h\u0259rl\u0259rimizin m\u00fcjd\u0259sini vermi\u015f\u0259m. \u00d6z\u00fcm\u00fc \u00e7ox xo\u015fb\u0259xt adam hesab edir\u0259m. \u00c7\u00fcnki bu Q\u0259l\u0259b\u0259 bizim ruhumuzu, \u0259yilm\u0259z ruhumuzu g\u00f6st\u0259rdi.<\/p>\n\n\n\n<p>G\u00f6st\u0259rdi ki, Az\u0259rbaycan xalq\u0131 bu v\u0259ziyy\u0259tl\u0259 he\u00e7 vaxt bar\u0131\u015fmaq fikrind\u0259 deyildi v\u0259 b\u00fct\u00fcn xalq\u0131m\u0131z, lap balaca u\u015faqlar, ya\u015fl\u0131 insanlar, o torpaqlar\u0131 t\u0259rk ed\u0259nl\u0259r, qay\u0131tmaq arzusunda olanlar, o torpaqlarda he\u00e7 vaxt olmayan, amma o b\u00f6lg\u0259l\u0259rd\u0259n olan g\u0259nc n\u0259slin n\u00fcmay\u0259nd\u0259l\u0259ri bir arzu il\u0259, biz ham\u0131m\u0131z bir arzu il\u0259 ya\u015fam\u0131\u015f\u0131q v\u0259 bu arzunu h\u0259yata ke\u00e7irmi\u015fik. Bu g\u00fcn bizim b\u00fct\u00fcn arzular\u0131m\u0131z \u00e7in olub. Bu, h\u0259r birimiz \u00fc\u00e7\u00fcn do\u011frudan da b\u00f6y\u00fck xo\u015fb\u0259xtlikdir. Art\u0131q m\u00fcharib\u0259 arxada qald\u0131.<\/p>\n\n\n\n<p>Bizim \u00f6lk\u0259miz \u00fc\u00e7\u00fcn yeni d\u00f6vr ba\u015flay\u0131r. Yeni quruculuq d\u00f6vr\u00fc, inki\u015faf d\u00f6vr\u00fc, azad edilmi\u015f \u0259razil\u0259rimizin b\u0259rpas\u0131 d\u00f6vr\u00fc. M\u0259n tam \u0259min\u0259m ki, Az\u0259rbaycan xalq\u0131 bu d\u00f6vrd\u0259 d\u0259 birlik, h\u0259mr\u0259ylik g\u00f6st\u0259r\u0259c\u0259k, g\u00fccl\u00fc irad\u0259 g\u00f6st\u0259r\u0259c\u0259k. Az\u0259rbaycan xalq\u0131 yen\u0259 d\u0259 birl\u0259\u015f\u0259r\u0259k da\u011f\u0131d\u0131lm\u0131\u015f bu \u015f\u0259h\u0259rl\u0259ri, k\u0259ndl\u0259ri b\u0259rpa etm\u0259k \u00fc\u00e7\u00fcn \u0259lind\u0259n g\u0259l\u0259ni ed\u0259c\u0259kdir.<\/p>\n\n\n\n<p>Biz bundan sonra b\u00f6y\u00fck v\u0259 q\u00fcrurlu xalq kimi ya\u015fayaca\u011f\u0131q. Beyn\u0259lxalq m\u00fcst\u0259vid\u0259 \u00f6z s\u00f6z\u00fcm\u00fcz\u00fc demi\u015fik, b\u00f6lg\u0259d\u0259 \u00f6z s\u00f6z\u00fcm\u00fcz\u00fc demi\u015fik. \u0130st\u0259diyimiz\u0259 nail olmu\u015fuq v\u0259 \u0259min\u0259m ki, bundan sonra bizim xalq\u0131m\u0131z\u0131 t\u0259hl\u00fck\u0259siz v\u0259 xo\u015fb\u0259xt h\u0259yat g\u00f6zl\u0259yir\u201d.<\/p>\n","protected":false},"excerpt":{"rendered":"<p>\u201cAz\u0259rbaycana r\u0259hb\u0259rlik ed\u0259n Ulu \u00d6nd\u0259r v\u0259 ondan sonra m\u0259n Az\u0259rbaycan xalq\u0131n\u0131n maraqlar\u0131n\u0131 h\u0259r \u015feyd\u0259n \u00fcst\u00fcn tutmu\u015fuq. Erm\u0259nistan r\u0259hb\u0259rl\u0259ri kim olub? 20 il quldurlar &#8212;<\/p>\n","protected":false},"author":2,"featured_media":22138,"comment_status":"closed","ping_status":"closed","sticky":false,"template":"","format":"standard","meta":{"footnotes":""},"categories":[3],"tags":[],"class_list":["post-22125","post","type-post","status-publish","format-standard","has-post-thumbnail","hentry","category-gundm"],"aioseo_notices":[],"_links":{"self":[{"href":"https:\/\/fedai.az\/index.php?rest_route=\/wp\/v2\/posts\/22125","targetHints":{"allow":["GET"]}}],"collection":[{"href":"https:\/\/fedai.az\/index.php?rest_route=\/wp\/v2\/posts"}],"about":[{"href":"https:\/\/fedai.az\/index.php?rest_route=\/wp\/v2\/types\/post"}],"author":[{"embeddable":true,"href":"https:\/\/fedai.az\/index.php?rest_route=\/wp\/v2\/users\/2"}],"replies":[{"embeddable":true,"href":"https:\/\/fedai.az\/index.php?rest_route=%2Fwp%2Fv2%2Fcomments&post=22125"}],"version-history":[{"count":1,"href":"https:\/\/fedai.az\/index.php?rest_route=\/wp\/v2\/posts\/22125\/revisions"}],"predecessor-version":[{"id":22127,"href":"https:\/\/fedai.az\/index.php?rest_route=\/wp\/v2\/posts\/22125\/revisions\/22127"}],"wp:featuredmedia":[{"embeddable":true,"href":"https:\/\/fedai.az\/index.php?rest_route=\/wp\/v2\/media\/22138"}],"wp:attachment":[{"href":"https:\/\/fedai.az\/index.php?rest_route=%2Fwp%2Fv2%2Fmedia&parent=22125"}],"wp:term":[{"taxonomy":"category","embeddable":true,"href":"https:\/\/fedai.az\/index.php?rest_route=%2Fwp%2Fv2%2Fcategories&post=22125"},{"taxonomy":"post_tag","embeddable":true,"href":"https:\/\/fedai.az\/index.php?rest_route=%2Fwp%2Fv2%2Ftags&post=22125"}],"curies":[{"name":"wp","href":"https:\/\/api.w.org\/{rel}","templated":true}]}}