{"id":22128,"date":"2020-12-01T14:22:32","date_gmt":"2020-12-01T10:22:32","guid":{"rendered":"https:\/\/fedai.az\/?p=22128"},"modified":"2020-12-01T14:27:52","modified_gmt":"2020-12-01T10:27:52","slug":"mehriban-%c9%99liyeva-lacinin-azad-olmasi-munasib%c9%99ti-il%c9%99-xalqi-t%c9%99brik-etdi","status":"publish","type":"post","link":"https:\/\/fedai.az\/?p=22128","title":{"rendered":"Mehriban \u018fliyeva La\u00e7\u0131n\u0131n azad olmas\u0131 m\u00fcnasib\u0259ti il\u0259 xalq\u0131 t\u0259brik etdi"},"content":{"rendered":"\n<p><strong>Az\u0259rbaycan\u0131n Birinci vitse-prezidenti Mehriban \u018fliyeva \u00f6z\u00fcn\u00fcn instaqram s\u0259hif\u0259sind\u0259 La\u00e7\u0131n\u0131n i\u015f\u011faldan azad edilm\u0259si m\u00fcnasib\u0259ti il\u0259 payla\u015f\u0131m edib.<\/strong><\/p>\n\n\n\n<p>Payla\u015f\u0131mda deyilir:<\/p>\n\n\n\n<p>&#171;La\u00e7\u0131n rayonunun i\u015f\u011faldan azad edilm\u0259si m\u00fcnasib\u0259til\u0259 ham\u0131n\u0131z\u0131 s\u0259mimi-q\u0259lbd\u0259n t\u0259brik edir\u0259m! Qoy Uca Allah m\u0259rh\u0259m\u0259tini xalq\u0131m\u0131zdan \u0259sirg\u0259m\u0259sin, b\u00fct\u00fcn h\u0259mv\u0259t\u0259nl\u0259rimiz\u0259 cansa\u011fl\u0131\u011f\u0131 v\u0259 s\u0259ad\u0259t, V\u0259t\u0259nimiz\u0259 s\u00fclh, firavanl\u0131q v\u0259 nurlu g\u0259l\u0259c\u0259k b\u0259x\u015f etsin! Qaraba\u011f Az\u0259rbaycand\u0131r!&#187;<\/p>\n\n\n\n<p><\/p>\n\n\n\n<p><a href=\"https:\/\/www.instagram.com\/p\/CIQEWi4g7aa\/?utm_source=ig_embed\">https:\/\/www.instagram.com\/p\/CIQEWi4g7aa\/?utm_source=ig_embed<\/a><\/p>\n","protected":false},"excerpt":{"rendered":"<p>Az\u0259rbaycan\u0131n Birinci vitse-prezidenti Mehriban \u018fliyeva \u00f6z\u00fcn\u00fcn instaqram s\u0259hif\u0259sind\u0259 La\u00e7\u0131n\u0131n i\u015f\u011faldan azad edilm\u0259si m\u00fcnasib\u0259ti il\u0259 payla\u015f\u0131m edib. Payla\u015f\u0131mda deyilir: &#171;La\u00e7\u0131n rayonunun i\u015f\u011faldan azad edilm\u0259si m\u00fcnasib\u0259til\u0259<\/p>\n","protected":false},"author":2,"featured_media":22131,"comment_status":"closed","ping_status":"closed","sticky":false,"template":"","format":"standard","meta":{"footnotes":""},"categories":[3],"tags":[],"class_list":["post-22128","post","type-post","status-publish","format-standard","has-post-thumbnail","hentry","category-gundm"],"aioseo_notices":[],"_links":{"self":[{"href":"https:\/\/fedai.az\/index.php?rest_route=\/wp\/v2\/posts\/22128","targetHints":{"allow":["GET"]}}],"collection":[{"href":"https:\/\/fedai.az\/index.php?rest_route=\/wp\/v2\/posts"}],"about":[{"href":"https:\/\/fedai.az\/index.php?rest_route=\/wp\/v2\/types\/post"}],"author":[{"embeddable":true,"href":"https:\/\/fedai.az\/index.php?rest_route=\/wp\/v2\/users\/2"}],"replies":[{"embeddable":true,"href":"https:\/\/fedai.az\/index.php?rest_route=%2Fwp%2Fv2%2Fcomments&post=22128"}],"version-history":[{"count":3,"href":"https:\/\/fedai.az\/index.php?rest_route=\/wp\/v2\/posts\/22128\/revisions"}],"predecessor-version":[{"id":22137,"href":"https:\/\/fedai.az\/index.php?rest_route=\/wp\/v2\/posts\/22128\/revisions\/22137"}],"wp:featuredmedia":[{"embeddable":true,"href":"https:\/\/fedai.az\/index.php?rest_route=\/wp\/v2\/media\/22131"}],"wp:attachment":[{"href":"https:\/\/fedai.az\/index.php?rest_route=%2Fwp%2Fv2%2Fmedia&parent=22128"}],"wp:term":[{"taxonomy":"category","embeddable":true,"href":"https:\/\/fedai.az\/index.php?rest_route=%2Fwp%2Fv2%2Fcategories&post=22128"},{"taxonomy":"post_tag","embeddable":true,"href":"https:\/\/fedai.az\/index.php?rest_route=%2Fwp%2Fv2%2Ftags&post=22128"}],"curies":[{"name":"wp","href":"https:\/\/api.w.org\/{rel}","templated":true}]}}