{"id":22170,"date":"2020-12-02T00:43:44","date_gmt":"2020-12-01T20:43:44","guid":{"rendered":"https:\/\/fedai.az\/?p=22170"},"modified":"2020-12-02T00:43:45","modified_gmt":"2020-12-01T20:43:45","slug":"muharib%c9%99-il%c9%99-bagli-orden-v%c9%99-medallar-t%c9%99sis-edilib","status":"publish","type":"post","link":"https:\/\/fedai.az\/?p=22170","title":{"rendered":"M\u00fcharib\u0259 il\u0259 ba\u011fl\u0131 orden v\u0259 medallar t\u0259sis edilib"},"content":{"rendered":"\n<p>Prezident \u0130lham \u018fliyev m\u00fcharib\u0259d\u0259 f\u0259rql\u0259n\u0259nl\u0259rin t\u0259ltif edilm\u0259si il\u0259 ba\u011fl\u0131 Az\u0259rbaycan Respublikas\u0131n\u0131n medal\u0131 haqq\u0131nda \u018fsasnam\u0259ni t\u0259sdiql\u0259yib.<\/p>\n\n\n\n<p><strong>\u201cQaraba\u011f\u201d ordeninin statutu m\u00fc\u0259yy\u0259nl\u0259\u015fib<\/strong><\/p>\n\n\n\n<figure class=\"wp-block-image size-large is-resized\"><img loading=\"lazy\" decoding=\"async\" src=\"https:\/\/fedai.az\/wp-content\/uploads\/2020\/12\/cf3c244a-8300-3529-a29c-a29e07a77fe2_850.jpg\" alt=\"\" class=\"wp-image-22171\" width=\"502\" height=\"313\" srcset=\"https:\/\/fedai.az\/wp-content\/uploads\/2020\/12\/cf3c244a-8300-3529-a29c-a29e07a77fe2_850.jpg 850w, https:\/\/fedai.az\/wp-content\/uploads\/2020\/12\/cf3c244a-8300-3529-a29c-a29e07a77fe2_850-300x187.jpg 300w, https:\/\/fedai.az\/wp-content\/uploads\/2020\/12\/cf3c244a-8300-3529-a29c-a29e07a77fe2_850-150x94.jpg 150w, https:\/\/fedai.az\/wp-content\/uploads\/2020\/12\/cf3c244a-8300-3529-a29c-a29e07a77fe2_850-768x479.jpg 768w, https:\/\/fedai.az\/wp-content\/uploads\/2020\/12\/cf3c244a-8300-3529-a29c-a29e07a77fe2_850-115x73.jpg 115w\" sizes=\"auto, (max-width: 502px) 100vw, 502px\" \/><\/figure>\n\n\n\n<p>\u201cQaraba\u011f\u201d ordeni il\u0259 Az\u0259rbaycan Respublikas\u0131n\u0131n i\u015f\u011fal edilmi\u015f \u0259razil\u0259rinin azad olunmas\u0131nda, d\u00fc\u015fm\u0259nin canl\u0131 q\u00fcvv\u0259sinin v\u0259 d\u00f6y\u00fc\u015f texnikas\u0131n\u0131n m\u0259hv edilm\u0259sind\u0259 igidlik v\u0259 m\u0259rdlik n\u00fcmun\u0259si g\u00f6st\u0259rmi\u015f, h\u0259rbi \u0259m\u0259liyyatlar zaman\u0131 h\u0259yat v\u0259 sa\u011flaml\u0131q \u00fc\u00e7\u00fcn real t\u0259hl\u00fck\u0259 \u015f\u0259raitind\u0259 xidm\u0259ti borcu v\u0259 h\u0259rbi qulluq v\u0259zif\u0259sini yerin\u0259 yetir\u0259rk\u0259n m\u0259rdlik v\u0259 q\u0259tiyy\u0259t n\u00fcmayi\u015f etdirmi\u015f, Az\u0259rbaycan Respublikas\u0131n\u0131n d\u00f6vl\u0259t s\u0259rh\u0259dinin b\u0259rpa v\u0259 m\u00fchafiz\u0259 edilm\u0259sind\u0259 x\u00fcsusi xidm\u0259t g\u00f6st\u0259rmi\u015f Az\u0259rbaycan Respublikas\u0131 Silahl\u0131 Q\u00fcvv\u0259l\u0259rinin h\u0259rbi qulluq\u00e7ular\u0131, habel\u0259 \u0259razi b\u00fct\u00f6vl\u00fcy\u00fcn\u00fcn t\u0259min edilm\u0259si sah\u0259sind\u0259 x\u00fcsusi xidm\u0259tl\u0259rin\u0259 g\u00f6r\u0259 dig\u0259r \u015f\u0259xsl\u0259r t\u0259ltif edilir.<\/p>\n\n\n\n<p><strong>\u201cC\u0259sur d\u00f6y\u00fc\u015f\u00e7\u00fc\u201d medal\u0131\u00a0<\/strong><\/p>\n\n\n\n<figure class=\"wp-block-image size-large is-resized\"><img loading=\"lazy\" decoding=\"async\" src=\"https:\/\/fedai.az\/wp-content\/uploads\/2020\/12\/667618d1-ad26-39f1-95b0-d9724898bbc6_850.jpg\" alt=\"\" class=\"wp-image-22172\" width=\"489\" height=\"305\" srcset=\"https:\/\/fedai.az\/wp-content\/uploads\/2020\/12\/667618d1-ad26-39f1-95b0-d9724898bbc6_850.jpg 850w, https:\/\/fedai.az\/wp-content\/uploads\/2020\/12\/667618d1-ad26-39f1-95b0-d9724898bbc6_850-300x187.jpg 300w, https:\/\/fedai.az\/wp-content\/uploads\/2020\/12\/667618d1-ad26-39f1-95b0-d9724898bbc6_850-150x94.jpg 150w, https:\/\/fedai.az\/wp-content\/uploads\/2020\/12\/667618d1-ad26-39f1-95b0-d9724898bbc6_850-768x479.jpg 768w, https:\/\/fedai.az\/wp-content\/uploads\/2020\/12\/667618d1-ad26-39f1-95b0-d9724898bbc6_850-115x73.jpg 115w\" sizes=\"auto, (max-width: 489px) 100vw, 489px\" \/><\/figure>\n\n\n\n<p>\u201cC\u0259sur d\u00f6y\u00fc\u015f\u00e7\u00fc\u201d Az\u0259rbaycan Respublikas\u0131n\u0131n medal\u0131 il\u0259 Az\u0259rbaycan Respublikas\u0131n\u0131n i\u015f\u011fal edilmi\u015f \u0259razil\u0259rinin azad olunmas\u0131 zaman\u0131 m\u00fcst\u0259qil v\u0259 ya dig\u0259r qo\u015fun n\u00f6vl\u0259ri il\u0259 birlikd\u0259 strateji v\u0259 ya x\u00fcsusi \u0259h\u0259miyy\u0259tli \u0259razil\u0259rin tutulmas\u0131 \u00fczr\u0259 d\u00f6y\u00fc\u015f tap\u015f\u0131r\u0131qlar\u0131n\u0131 u\u011furla yerin\u0259 yetirmi\u015f, havada v\u0259 yerd\u0259 d\u00fc\u015fm\u0259nin \u0259sas qrupla\u015fmalar\u0131n\u0131 v\u0259 texnikas\u0131n\u0131 m\u0259hv etm\u0259kl\u0259 qo\u015funlar\u0131m\u0131z\u0131n d\u00f6y\u00fc\u015f qabiliyy\u0259tinin qorunub saxlan\u0131lmas\u0131nda f\u0259rql\u0259nmi\u015f Az\u0259rbaycan Respublikas\u0131 Silahl\u0131 Q\u00fcvv\u0259l\u0259rinin h\u0259rbi qulluq\u00e7ular\u0131 t\u0259ltif edilir.<\/p>\n\n\n\n<p><strong>\u201cD\u00f6y\u00fc\u015fd\u0259 f\u0259rql\u0259nm\u0259y\u0259 g\u00f6r\u0259\u201d medal\u0131<\/strong><\/p>\n\n\n\n<figure class=\"wp-block-image size-large is-resized\"><img loading=\"lazy\" decoding=\"async\" src=\"https:\/\/fedai.az\/wp-content\/uploads\/2020\/12\/b6ea1350-9b26-32a3-accc-022891a9a2cb.jpg\" alt=\"\" class=\"wp-image-22173\" width=\"389\" height=\"435\" srcset=\"https:\/\/fedai.az\/wp-content\/uploads\/2020\/12\/b6ea1350-9b26-32a3-accc-022891a9a2cb.jpg 598w, https:\/\/fedai.az\/wp-content\/uploads\/2020\/12\/b6ea1350-9b26-32a3-accc-022891a9a2cb-268x300.jpg 268w, https:\/\/fedai.az\/wp-content\/uploads\/2020\/12\/b6ea1350-9b26-32a3-accc-022891a9a2cb-134x150.jpg 134w\" sizes=\"auto, (max-width: 389px) 100vw, 389px\" \/><\/figure>\n\n\n\n<p>\u201cD\u00f6y\u00fc\u015fd\u0259 f\u0259rql\u0259nm\u0259y\u0259 g\u00f6r\u0259\u201d medal\u0131 il\u0259 d\u00f6y\u00fc\u015f \u015f\u0259raitind\u0259 tap\u015f\u0131r\u0131qlar\u0131n icras\u0131 zaman\u0131 v\u0259 h\u0259yat riski il\u0259 \u0259laq\u0259li x\u00fcsusi \u0259m\u0259liyyatlar zaman\u0131 g\u00f6st\u0259ril\u0259n f\u0259rqlilik, c\u0259sar\u0259t v\u0259 f\u0259dakarl\u0131q, habel\u0259 d\u00f6y\u00fc\u015f tap\u015f\u0131r\u0131qlar\u0131n\u0131n u\u011furla yerin\u0259 yetirilm\u0259sin\u0259 k\u00f6m\u0259k ed\u0259n bacar\u0131ql\u0131, t\u0259\u015f\u0259bb\u00fcskar v\u0259 q\u0259tiyy\u0259tli h\u0259r\u0259k\u0259tl\u0259r n\u00fcmayi\u015f etmi\u015f, el\u0259c\u0259 d\u0259 d\u00f6y\u00fc\u015f tap\u015f\u0131r\u0131qlar\u0131n\u0131n u\u011furla yerin\u0259 yetirilm\u0259si zaman\u0131 tabe\u00e7ilikd\u0259 olan b\u00f6lm\u0259y\u0259 pe\u015f\u0259karl\u0131qla r\u0259hb\u0259rlik etmi\u015f Az\u0259rbaycan Respublikas\u0131 Silahl\u0131 Q\u00fcvv\u0259l\u0259rinin h\u0259rbi qulluq\u00e7ular\u0131 t\u0259ltif edilir.<\/p>\n\n\n\n<p><strong>\u201cSuqovu\u015fan\u0131n azad olunmas\u0131na g\u00f6r\u0259\u201d<\/strong><\/p>\n\n\n\n<figure class=\"wp-block-image size-large is-resized\"><img loading=\"lazy\" decoding=\"async\" src=\"https:\/\/fedai.az\/wp-content\/uploads\/2020\/12\/25dd781b-c457-3067-9844-2df09fc4782d.jpg\" alt=\"\" class=\"wp-image-22174\" width=\"444\" height=\"521\" srcset=\"https:\/\/fedai.az\/wp-content\/uploads\/2020\/12\/25dd781b-c457-3067-9844-2df09fc4782d.jpg 570w, https:\/\/fedai.az\/wp-content\/uploads\/2020\/12\/25dd781b-c457-3067-9844-2df09fc4782d-256x300.jpg 256w, https:\/\/fedai.az\/wp-content\/uploads\/2020\/12\/25dd781b-c457-3067-9844-2df09fc4782d-128x150.jpg 128w\" sizes=\"auto, (max-width: 444px) 100vw, 444px\" \/><\/figure>\n\n\n\n<p>\u201cSuqovu\u015fan\u0131n azad olunmas\u0131na g\u00f6r\u0259\u201d medal\u0131 il\u0259 Az\u0259rbaycan Respublikas\u0131n\u0131n Suqovu\u015fan k\u0259ndinin i\u015f\u011faldan azad edilm\u0259si u\u011frunda apar\u0131lm\u0131\u015f d\u00f6y\u00fc\u015f \u0259m\u0259liyyatlar\u0131nda i\u015ftirak etmi\u015f Az\u0259rbaycan Respublikas\u0131 Silahl\u0131 Q\u00fcvv\u0259l\u0259rinin h\u0259rbi qulluq\u00e7ular\u0131 t\u0259ltif edilir.<\/p>\n\n\n\n<p><strong>\u201cC\u0259bray\u0131l\u0131n azad olunmas\u0131na g\u00f6r\u0259\u201d medal\u0131<\/strong><\/p>\n\n\n\n<figure class=\"wp-block-image size-large is-resized\"><img loading=\"lazy\" decoding=\"async\" src=\"https:\/\/fedai.az\/wp-content\/uploads\/2020\/12\/2fd968b2-4c0d-39d1-ad52-e9d42a05ffff.jpg\" alt=\"\" class=\"wp-image-22175\" width=\"366\" height=\"422\" srcset=\"https:\/\/fedai.az\/wp-content\/uploads\/2020\/12\/2fd968b2-4c0d-39d1-ad52-e9d42a05ffff.jpg 581w, https:\/\/fedai.az\/wp-content\/uploads\/2020\/12\/2fd968b2-4c0d-39d1-ad52-e9d42a05ffff-261x300.jpg 261w, https:\/\/fedai.az\/wp-content\/uploads\/2020\/12\/2fd968b2-4c0d-39d1-ad52-e9d42a05ffff-130x150.jpg 130w\" sizes=\"auto, (max-width: 366px) 100vw, 366px\" \/><\/figure>\n\n\n\n<p>\u00a0\u201cC\u0259bray\u0131l\u0131n azad olunmas\u0131na g\u00f6r\u0259\u201d medal\u0131 il\u0259 Az\u0259rbaycan Respublikas\u0131n\u0131n C\u0259bray\u0131l rayonunun i\u015f\u011faldan azad edilm\u0259si u\u011frunda apar\u0131lm\u0131\u015f d\u00f6y\u00fc\u015f \u0259m\u0259liyyatlar\u0131nda i\u015ftirak etmi\u015f Az\u0259rbaycan Respublikas\u0131 Silahl\u0131 Q\u00fcvv\u0259l\u0259rinin h\u0259rbi qulluq\u00e7ular\u0131 t\u0259ltif edilir.<\/p>\n\n\n\n<p><strong>\u201cXocav\u0259ndin azad olunmas\u0131na g\u00f6r\u0259\u201d medal\u0131<\/strong><\/p>\n\n\n\n<figure class=\"wp-block-image size-large is-resized\"><img loading=\"lazy\" decoding=\"async\" src=\"https:\/\/fedai.az\/wp-content\/uploads\/2020\/12\/9ea6191a-7e77-3b6d-bef5-e21a812abfde.jpg\" alt=\"\" class=\"wp-image-22176\" width=\"414\" height=\"483\" srcset=\"https:\/\/fedai.az\/wp-content\/uploads\/2020\/12\/9ea6191a-7e77-3b6d-bef5-e21a812abfde.jpg 574w, https:\/\/fedai.az\/wp-content\/uploads\/2020\/12\/9ea6191a-7e77-3b6d-bef5-e21a812abfde-257x300.jpg 257w, https:\/\/fedai.az\/wp-content\/uploads\/2020\/12\/9ea6191a-7e77-3b6d-bef5-e21a812abfde-129x150.jpg 129w\" sizes=\"auto, (max-width: 414px) 100vw, 414px\" \/><\/figure>\n\n\n\n<p>\u201cXocav\u0259ndin azad olunmas\u0131na g\u00f6r\u0259\u201d Az\u0259rbaycan Respublikas\u0131n\u0131n medal\u0131 il\u0259 Az\u0259rbaycan Respublikas\u0131n\u0131n Xocav\u0259nd rayonunun i\u015f\u011faldan azad edilm\u0259si u\u011frunda apar\u0131lm\u0131\u015f d\u00f6y\u00fc\u015f \u0259m\u0259liyyatlar\u0131nda i\u015ftirak etmi\u015f Az\u0259rbaycan Respublikas\u0131 Silahl\u0131 Q\u00fcvv\u0259l\u0259rinin h\u0259rbi qulluq\u00e7ular\u0131 t\u0259ltif edilir.<\/p>\n\n\n\n<p><strong>\u201cF\u00fczulinin azad olunmas\u0131na g\u00f6r\u0259\u201d medal\u0131<\/strong><\/p>\n\n\n\n<figure class=\"wp-block-image size-large is-resized\"><img loading=\"lazy\" decoding=\"async\" src=\"https:\/\/fedai.az\/wp-content\/uploads\/2020\/12\/8c38f7ea-9eca-39d6-9b45-223eb19288cf.jpg\" alt=\"\" class=\"wp-image-22177\" width=\"397\" height=\"463\" srcset=\"https:\/\/fedai.az\/wp-content\/uploads\/2020\/12\/8c38f7ea-9eca-39d6-9b45-223eb19288cf.jpg 574w, https:\/\/fedai.az\/wp-content\/uploads\/2020\/12\/8c38f7ea-9eca-39d6-9b45-223eb19288cf-257x300.jpg 257w, https:\/\/fedai.az\/wp-content\/uploads\/2020\/12\/8c38f7ea-9eca-39d6-9b45-223eb19288cf-129x150.jpg 129w\" sizes=\"auto, (max-width: 397px) 100vw, 397px\" \/><\/figure>\n\n\n\n<p>\u201cF\u00fczulinin azad olunmas\u0131na g\u00f6r\u0259\u201d medal\u0131 il\u0259 Az\u0259rbaycan Respublikas\u0131n\u0131n F\u00fczuli rayonunun i\u015f\u011faldan azad edilm\u0259si u\u011frunda apar\u0131lm\u0131\u015f d\u00f6y\u00fc\u015f \u0259m\u0259liyyatlar\u0131nda i\u015ftirak etmi\u015f Az\u0259rbaycan Respublikas\u0131 Silahl\u0131 Q\u00fcvv\u0259l\u0259rinin h\u0259rbi qulluq\u00e7ular\u0131 t\u0259ltif edilir.<\/p>\n\n\n\n<p><strong>\u201cZ\u0259ngilan\u0131n azad olunmas\u0131na g\u00f6r\u0259\u201d medal\u0131<\/strong> <\/p>\n\n\n\n<figure class=\"wp-block-image size-large is-resized\"><img loading=\"lazy\" decoding=\"async\" src=\"https:\/\/fedai.az\/wp-content\/uploads\/2020\/12\/a019c090-9a2f-3b9a-96d2-cdf3ccbefae6.jpg\" alt=\"\" class=\"wp-image-22178\" width=\"410\" height=\"480\" srcset=\"https:\/\/fedai.az\/wp-content\/uploads\/2020\/12\/a019c090-9a2f-3b9a-96d2-cdf3ccbefae6.jpg 572w, https:\/\/fedai.az\/wp-content\/uploads\/2020\/12\/a019c090-9a2f-3b9a-96d2-cdf3ccbefae6-257x300.jpg 257w, https:\/\/fedai.az\/wp-content\/uploads\/2020\/12\/a019c090-9a2f-3b9a-96d2-cdf3ccbefae6-128x150.jpg 128w\" sizes=\"auto, (max-width: 410px) 100vw, 410px\" \/><\/figure>\n\n\n\n<p>\u201cZ\u0259ngilan\u0131n azad olunmas\u0131na g\u00f6r\u0259\u201d medal\u0131 il\u0259 Az\u0259rbaycan Respublikas\u0131n\u0131n Z\u0259ngilan rayonunun i\u015f\u011faldan azad edilm\u0259si u\u011frunda apar\u0131lm\u0131\u015f d\u00f6y\u00fc\u015f \u0259m\u0259liyyatlar\u0131nda i\u015ftirak etmi\u015f Az\u0259rbaycan Respublikas\u0131 Silahl\u0131 Q\u00fcvv\u0259l\u0259rinin h\u0259rbi qulluq\u00e7ular\u0131 t\u0259ltif edilir.<\/p>\n\n\n\n<p><strong>\u201cQubadl\u0131n\u0131n azad olunmas\u0131na g\u00f6r\u0259\u201d medal\u0131<\/strong><\/p>\n\n\n\n<figure class=\"wp-block-image size-large is-resized\"><img loading=\"lazy\" decoding=\"async\" src=\"https:\/\/fedai.az\/wp-content\/uploads\/2020\/12\/a5f0601a-2ea0-3c75-80c9-4509da63bda4.jpg\" alt=\"\" class=\"wp-image-22179\" width=\"398\" height=\"458\" srcset=\"https:\/\/fedai.az\/wp-content\/uploads\/2020\/12\/a5f0601a-2ea0-3c75-80c9-4509da63bda4.jpg 581w, https:\/\/fedai.az\/wp-content\/uploads\/2020\/12\/a5f0601a-2ea0-3c75-80c9-4509da63bda4-261x300.jpg 261w, https:\/\/fedai.az\/wp-content\/uploads\/2020\/12\/a5f0601a-2ea0-3c75-80c9-4509da63bda4-130x150.jpg 130w\" sizes=\"auto, (max-width: 398px) 100vw, 398px\" \/><\/figure>\n\n\n\n<p>\u00a0\u201cQubadl\u0131n\u0131n azad olunmas\u0131na g\u00f6r\u0259\u201d Az\u0259rbaycan Respublikas\u0131n\u0131n medal\u0131 il\u0259 Az\u0259rbaycan Respublikas\u0131n\u0131n Qubadl\u0131 rayonunun i\u015f\u011faldan azad edilm\u0259si u\u011frunda apar\u0131lm\u0131\u015f d\u00f6y\u00fc\u015f \u0259m\u0259liyyatlar\u0131nda i\u015ftirak etmi\u015f Az\u0259rbaycan Respublikas\u0131 Silahl\u0131 Q\u00fcvv\u0259l\u0259rinin h\u0259rbi qulluq\u00e7ular\u0131 t\u0259ltif edilir.<\/p>\n\n\n\n<p><strong>\u201c\u015eu\u015fan\u0131n azad olunmas\u0131na g\u00f6r\u0259\u201d medal\u0131<\/strong><\/p>\n\n\n\n<figure class=\"wp-block-image size-large is-resized\"><img loading=\"lazy\" decoding=\"async\" src=\"https:\/\/fedai.az\/wp-content\/uploads\/2020\/12\/71af2762-c048-31b7-a41a-f6fd5bb32414.jpg\" alt=\"\" class=\"wp-image-22180\" width=\"402\" height=\"469\" srcset=\"https:\/\/fedai.az\/wp-content\/uploads\/2020\/12\/71af2762-c048-31b7-a41a-f6fd5bb32414.jpg 574w, https:\/\/fedai.az\/wp-content\/uploads\/2020\/12\/71af2762-c048-31b7-a41a-f6fd5bb32414-257x300.jpg 257w, https:\/\/fedai.az\/wp-content\/uploads\/2020\/12\/71af2762-c048-31b7-a41a-f6fd5bb32414-129x150.jpg 129w\" sizes=\"auto, (max-width: 402px) 100vw, 402px\" \/><\/figure>\n\n\n\n<p>\u201c\u015eu\u015fan\u0131n azad olunmas\u0131na g\u00f6r\u0259\u201d medal\u0131 il\u0259 Az\u0259rbaycan Respublikas\u0131n\u0131n \u015eu\u015fa \u015f\u0259h\u0259rinin i\u015f\u011faldan azad edilm\u0259si u\u011frunda apar\u0131lm\u0131\u015f d\u00f6y\u00fc\u015f \u0259m\u0259liyyatlar\u0131nda i\u015ftirak etmi\u015f Az\u0259rbaycan Respublikas\u0131 Silahl\u0131 Q\u00fcvv\u0259l\u0259rinin h\u0259rbi qulluq\u00e7ular\u0131 t\u0259ltif edilir.<\/p>\n\n\n\n<p><strong>\u201cK\u0259lb\u0259c\u0259rin azad olunmas\u0131na g\u00f6r\u0259\u201d medal\u0131<\/strong><\/p>\n\n\n\n<figure class=\"wp-block-image size-large is-resized\"><img loading=\"lazy\" decoding=\"async\" src=\"https:\/\/fedai.az\/wp-content\/uploads\/2020\/12\/0faddbea-f9c5-3664-91d3-ad3fa26d9f10.jpg\" alt=\"\" class=\"wp-image-22181\" width=\"457\" height=\"539\" srcset=\"https:\/\/fedai.az\/wp-content\/uploads\/2020\/12\/0faddbea-f9c5-3664-91d3-ad3fa26d9f10.jpg 567w, https:\/\/fedai.az\/wp-content\/uploads\/2020\/12\/0faddbea-f9c5-3664-91d3-ad3fa26d9f10-254x300.jpg 254w, https:\/\/fedai.az\/wp-content\/uploads\/2020\/12\/0faddbea-f9c5-3664-91d3-ad3fa26d9f10-127x150.jpg 127w\" sizes=\"auto, (max-width: 457px) 100vw, 457px\" \/><\/figure>\n\n\n\n<p>\u201cK\u0259lb\u0259c\u0259rin azad olunmas\u0131na g\u00f6r\u0259\u201d Az\u0259rbaycan Respublikas\u0131n\u0131n medal\u0131 il\u0259 Az\u0259rbaycan Respublikas\u0131n\u0131n K\u0259lb\u0259c\u0259r rayonunun i\u015f\u011faldan azad edilm\u0259si u\u011frunda apar\u0131lm\u0131\u015f d\u00f6y\u00fc\u015f \u0259m\u0259liyyatlar\u0131nda i\u015ftirak etmi\u015f Az\u0259rbaycan Respublikas\u0131 Silahl\u0131 Q\u00fcvv\u0259l\u0259rinin h\u0259rbi qulluq\u00e7ular\u0131 t\u0259ltif edilir.<\/p>\n\n\n\n<p><strong>\u201cA\u011fdam\u0131n azad olunmas\u0131na g\u00f6r\u0259\u201d medal\u0131<\/strong><\/p>\n\n\n\n<figure class=\"wp-block-image size-large is-resized\"><img loading=\"lazy\" decoding=\"async\" src=\"https:\/\/fedai.az\/wp-content\/uploads\/2020\/12\/338d073d-3fb1-31ca-a9a8-84ef56a2047b.jpg\" alt=\"\" class=\"wp-image-22182\" width=\"454\" height=\"533\" srcset=\"https:\/\/fedai.az\/wp-content\/uploads\/2020\/12\/338d073d-3fb1-31ca-a9a8-84ef56a2047b.jpg 570w, https:\/\/fedai.az\/wp-content\/uploads\/2020\/12\/338d073d-3fb1-31ca-a9a8-84ef56a2047b-256x300.jpg 256w, https:\/\/fedai.az\/wp-content\/uploads\/2020\/12\/338d073d-3fb1-31ca-a9a8-84ef56a2047b-128x150.jpg 128w\" sizes=\"auto, (max-width: 454px) 100vw, 454px\" \/><\/figure>\n\n\n\n<p>\u201cA\u011fdam\u0131n azad olunmas\u0131na g\u00f6r\u0259\u201d Az\u0259rbaycan Respublikas\u0131n\u0131n medal\u0131 il\u0259 Az\u0259rbaycan Respublikas\u0131n\u0131n A\u011fdam rayonunun i\u015f\u011faldan azad edilm\u0259si u\u011frunda apar\u0131lm\u0131\u015f d\u00f6y\u00fc\u015f \u0259m\u0259liyyatlar\u0131nda i\u015ftirak etmi\u015f Az\u0259rbaycan Respublikas\u0131 Silahl\u0131 Q\u00fcvv\u0259l\u0259rinin h\u0259rbi qulluq\u00e7ular\u0131 t\u0259ltif edilir.<\/p>\n\n\n\n<p><strong>\u201cLa\u00e7\u0131n\u0131n azad olunmas\u0131na g\u00f6r\u0259\u201d medal\u0131<\/strong><\/p>\n\n\n\n<figure class=\"wp-block-image size-large is-resized\"><img loading=\"lazy\" decoding=\"async\" src=\"https:\/\/fedai.az\/wp-content\/uploads\/2020\/12\/352b4721-a6bd-3d9f-a6d9-7b3264206ba1-1.jpg\" alt=\"\" class=\"wp-image-22183\" width=\"486\" height=\"575\" srcset=\"https:\/\/fedai.az\/wp-content\/uploads\/2020\/12\/352b4721-a6bd-3d9f-a6d9-7b3264206ba1-1.jpg 565w, https:\/\/fedai.az\/wp-content\/uploads\/2020\/12\/352b4721-a6bd-3d9f-a6d9-7b3264206ba1-1-253x300.jpg 253w, https:\/\/fedai.az\/wp-content\/uploads\/2020\/12\/352b4721-a6bd-3d9f-a6d9-7b3264206ba1-1-127x150.jpg 127w\" sizes=\"auto, (max-width: 486px) 100vw, 486px\" \/><\/figure>\n\n\n\n<p>\u201cLa\u00e7\u0131n\u0131n azad olunmas\u0131na g\u00f6r\u0259\u201d medal\u0131 il\u0259 Az\u0259rbaycan Respublikas\u0131n\u0131n La\u00e7\u0131n rayonunun i\u015f\u011faldan azad edilm\u0259si u\u011frunda apar\u0131lm\u0131\u015f d\u00f6y\u00fc\u015f \u0259m\u0259liyyatlar\u0131nda i\u015ftirak etmi\u015f Az\u0259rbaycan Respublikas\u0131 Silahl\u0131 Q\u00fcvv\u0259l\u0259rinin h\u0259rbi qulluq\u00e7ular\u0131 t\u0259ltif edilir.<\/p>\n\n\n\n<p><strong>Elnur S\u0259lim<\/strong><\/p>\n","protected":false},"excerpt":{"rendered":"<p>Prezident \u0130lham \u018fliyev m\u00fcharib\u0259d\u0259 f\u0259rql\u0259n\u0259nl\u0259rin t\u0259ltif edilm\u0259si il\u0259 ba\u011fl\u0131 Az\u0259rbaycan Respublikas\u0131n\u0131n medal\u0131 haqq\u0131nda \u018fsasnam\u0259ni t\u0259sdiql\u0259yib. \u201cQaraba\u011f\u201d ordeninin statutu m\u00fc\u0259yy\u0259nl\u0259\u015fib \u201cQaraba\u011f\u201d ordeni il\u0259 Az\u0259rbaycan Respublikas\u0131n\u0131n<\/p>\n","protected":false},"author":2,"featured_media":22184,"comment_status":"closed","ping_status":"closed","sticky":false,"template":"","format":"standard","meta":{"footnotes":""},"categories":[3],"tags":[],"class_list":["post-22170","post","type-post","status-publish","format-standard","has-post-thumbnail","hentry","category-gundm"],"aioseo_notices":[],"_links":{"self":[{"href":"https:\/\/fedai.az\/index.php?rest_route=\/wp\/v2\/posts\/22170","targetHints":{"allow":["GET"]}}],"collection":[{"href":"https:\/\/fedai.az\/index.php?rest_route=\/wp\/v2\/posts"}],"about":[{"href":"https:\/\/fedai.az\/index.php?rest_route=\/wp\/v2\/types\/post"}],"author":[{"embeddable":true,"href":"https:\/\/fedai.az\/index.php?rest_route=\/wp\/v2\/users\/2"}],"replies":[{"embeddable":true,"href":"https:\/\/fedai.az\/index.php?rest_route=%2Fwp%2Fv2%2Fcomments&post=22170"}],"version-history":[{"count":1,"href":"https:\/\/fedai.az\/index.php?rest_route=\/wp\/v2\/posts\/22170\/revisions"}],"predecessor-version":[{"id":22185,"href":"https:\/\/fedai.az\/index.php?rest_route=\/wp\/v2\/posts\/22170\/revisions\/22185"}],"wp:featuredmedia":[{"embeddable":true,"href":"https:\/\/fedai.az\/index.php?rest_route=\/wp\/v2\/media\/22184"}],"wp:attachment":[{"href":"https:\/\/fedai.az\/index.php?rest_route=%2Fwp%2Fv2%2Fmedia&parent=22170"}],"wp:term":[{"taxonomy":"category","embeddable":true,"href":"https:\/\/fedai.az\/index.php?rest_route=%2Fwp%2Fv2%2Fcategories&post=22170"},{"taxonomy":"post_tag","embeddable":true,"href":"https:\/\/fedai.az\/index.php?rest_route=%2Fwp%2Fv2%2Ftags&post=22170"}],"curies":[{"name":"wp","href":"https:\/\/api.w.org\/{rel}","templated":true}]}}