{"id":23262,"date":"2020-12-14T00:03:40","date_gmt":"2020-12-13T20:03:40","guid":{"rendered":"https:\/\/fedai.az\/?p=23262"},"modified":"2020-12-14T00:05:07","modified_gmt":"2020-12-13T20:05:07","slug":"pasinyan-indi-d%c9%99-z%c9%99ngilana-v%c9%99-qubadliya-yol-c%c9%99km%c9%99liyik","status":"publish","type":"post","link":"https:\/\/fedai.az\/?p=23262","title":{"rendered":"Pa\u015finyan indi d\u0259 Z\u0259ngilana v\u0259 Qubadl\u0131ya yol \u00e7\u0259km\u0259liyik"},"content":{"rendered":"\n<p><strong>\u201cQubadl\u0131 v\u0259 Z\u0259ngilanla ba\u011fl\u0131 ir\u0259lid\u0259 \u00e7ox g\u0259rginlikl\u0259r olacaq. \u00dc\u00e7t\u0259r\u0259fli b\u0259yanatda bu b\u00f6lg\u0259l\u0259rd\u0259n b\u0259hs edilmirdi, \u00e7\u00fcnki \u0259razil\u0259rin b\u00f6y\u00fck qismi Az\u0259rbaycan t\u0259r\u0259find\u0259 idi, ancaq bizd\u0259 ki\u00e7ik \u0259razil\u0259r qalm\u0131\u015fd\u0131\u201d.<\/strong><\/p>\n\n\n\n<p>Bu bar\u0259d\u0259 Erm\u0259nistan\u0131n Ba\u015f naziri Nikol Pa\u015finyan T\u0259hl\u00fck\u0259sizlik \u015euras\u0131n\u0131n iclas\u0131nda bildirib.<\/p>\n\n\n\n<p>&#171;Bu hiss\u0259d\u0259 s\u0259rh\u0259dl\u0259r d\u0259qiq m\u00fc\u0259yy\u0259nl\u0259\u015fm\u0259li idi. D\u00fcn\u0259n Moskvada Erm\u0259nistan v\u0259 Rusiya M\u00fcdafi\u0259 nazirl\u0259rinin g\u00f6r\u00fc\u015f\u00fc zaman\u0131 Z\u0259ngilan v\u0259 Qubadl\u0131dan bir yol \u00e7\u0259km\u0259k \u00fc\u00e7\u00fcn bir ne\u00e7\u0259 variant fikirl\u0259\u015fdik. G\u0259l\u0259c\u0259kd\u0259 bunlardan birini se\u00e7\u0259c\u0259yik&#187;, &#8212; Pa\u015finyan qeyd edib.<\/p>\n\n\n\n<p><strong>P.S. Ali Ba\u015f Komandan\u0131m\u0131z\u0131n m\u0259\u015fhur bir deyimi yad\u0131ma d\u00fc\u015fd\u00fc: &#171;B\u0259s C\u0259bray\u0131la yol \u00e7\u0259kirdin, Pa\u015finyan?..&#187;<\/strong><\/p>\n\n\n\n<figure class=\"wp-block-embed is-type-video is-provider-youtube wp-block-embed-youtube wp-embed-aspect-16-9 wp-has-aspect-ratio\"><div class=\"wp-block-embed__wrapper\">\n<iframe loading=\"lazy\" title=\"\u0130lham \u018fliyev Pa\u015finyan\u0131 y\u0131x\u0131b-s\u00fcr\u00fcd\u00fc: B\u0259s C\u0259bray\u0131la yol \u00e7\u0259kirdin, Pa\u015finyan, n\u0259 oldu?\" width=\"715\" height=\"402\" src=\"https:\/\/www.youtube.com\/embed\/QHA2MnL-LR4?feature=oembed\" frameborder=\"0\" allow=\"accelerometer; autoplay; clipboard-write; encrypted-media; gyroscope; picture-in-picture\" allowfullscreen><\/iframe>\n<\/div><\/figure>\n","protected":false},"excerpt":{"rendered":"<p>\u201cQubadl\u0131 v\u0259 Z\u0259ngilanla ba\u011fl\u0131 ir\u0259lid\u0259 \u00e7ox g\u0259rginlikl\u0259r olacaq. \u00dc\u00e7t\u0259r\u0259fli b\u0259yanatda bu b\u00f6lg\u0259l\u0259rd\u0259n b\u0259hs edilmirdi, \u00e7\u00fcnki \u0259razil\u0259rin b\u00f6y\u00fck qismi Az\u0259rbaycan t\u0259r\u0259find\u0259 idi, ancaq bizd\u0259 ki\u00e7ik<\/p>\n","protected":false},"author":2,"featured_media":23266,"comment_status":"closed","ping_status":"closed","sticky":false,"template":"","format":"standard","meta":{"footnotes":""},"categories":[4],"tags":[],"class_list":["post-23262","post","type-post","status-publish","format-standard","has-post-thumbnail","hentry","category-qarabag"],"aioseo_notices":[],"_links":{"self":[{"href":"https:\/\/fedai.az\/index.php?rest_route=\/wp\/v2\/posts\/23262","targetHints":{"allow":["GET"]}}],"collection":[{"href":"https:\/\/fedai.az\/index.php?rest_route=\/wp\/v2\/posts"}],"about":[{"href":"https:\/\/fedai.az\/index.php?rest_route=\/wp\/v2\/types\/post"}],"author":[{"embeddable":true,"href":"https:\/\/fedai.az\/index.php?rest_route=\/wp\/v2\/users\/2"}],"replies":[{"embeddable":true,"href":"https:\/\/fedai.az\/index.php?rest_route=%2Fwp%2Fv2%2Fcomments&post=23262"}],"version-history":[{"count":1,"href":"https:\/\/fedai.az\/index.php?rest_route=\/wp\/v2\/posts\/23262\/revisions"}],"predecessor-version":[{"id":23264,"href":"https:\/\/fedai.az\/index.php?rest_route=\/wp\/v2\/posts\/23262\/revisions\/23264"}],"wp:featuredmedia":[{"embeddable":true,"href":"https:\/\/fedai.az\/index.php?rest_route=\/wp\/v2\/media\/23266"}],"wp:attachment":[{"href":"https:\/\/fedai.az\/index.php?rest_route=%2Fwp%2Fv2%2Fmedia&parent=23262"}],"wp:term":[{"taxonomy":"category","embeddable":true,"href":"https:\/\/fedai.az\/index.php?rest_route=%2Fwp%2Fv2%2Fcategories&post=23262"},{"taxonomy":"post_tag","embeddable":true,"href":"https:\/\/fedai.az\/index.php?rest_route=%2Fwp%2Fv2%2Ftags&post=23262"}],"curies":[{"name":"wp","href":"https:\/\/api.w.org\/{rel}","templated":true}]}}