{"id":23306,"date":"2020-12-14T01:37:04","date_gmt":"2020-12-13T21:37:04","guid":{"rendered":"https:\/\/fedai.az\/?p=23306"},"modified":"2020-12-14T01:37:06","modified_gmt":"2020-12-13T21:37:06","slug":"baki-tarixinin-%c9%99n-%c9%99lam%c9%99tdar-gununu-yasayacaq","status":"publish","type":"post","link":"https:\/\/fedai.az\/?p=23306","title":{"rendered":"Bak\u0131 tarixinin \u0259n \u0259lam\u0259tdar g\u00fcn\u00fcn\u00fc ya\u015fayacaq"},"content":{"rendered":"\n<p><strong>X\u0259b\u0259r verildiyi kimi, dekabr\u0131n 10-da Bak\u0131da V\u0259t\u0259n m\u00fcharib\u0259sind\u0259 Q\u0259l\u0259b\u0259y\u0259 h\u0259sr olunmu\u015f h\u0259rbi parad ke\u00e7iril\u0259c\u0259k. Azadl\u0131q meydan\u0131nda t\u0259\u015fkil olunacaq h\u0259rbi paradda 3000 n\u0259f\u0259rd\u0259n art\u0131q \u015f\u0259xsi hey\u0259t, 150-d\u0259k h\u0259rbi texnika, o c\u00fcml\u0259d\u0259n silahlanmaya yeni q\u0259bul edilmi\u015f m\u00fcasir h\u0259rbi texnika, raket v\u0259 artilleriya qur\u011fular\u0131, hava h\u00fccumundan m\u00fcdafi\u0259 sisteml\u0259ri, el\u0259c\u0259 d\u0259 h\u0259rbi g\u0259mi v\u0259 katerl\u0259r n\u00fcmayi\u015f etdiril\u0259c\u0259k. Paradda, h\u0259m\u00e7inin V\u0259t\u0259n m\u00fcharib\u0259si zaman\u0131 Az\u0259rbaycan Ordusunun darmada\u011f\u0131n etdiyi d\u00fc\u015fm\u0259nd\u0259n \u0259l\u0259 ke\u00e7irdiyi h\u0259rbi q\u0259nim\u0259tl\u0259rin bir qismi d\u0259 n\u00fcmayi\u015f olunacaq.<\/strong><\/p>\n\n\n\n<p>\u201cAz\u0259rbaycan Bayra\u011f\u0131\u201d ordenli, Az\u0259rbaycan V\u0259t\u0259n M\u00fcharib\u0259si&nbsp; Veteranlar\u0131 \u0130ctimai Birliyinin N\u0259simi rayon \u015f\u00f6b\u0259sinin s\u0259dri, m\u00fcharib\u0259 veteran\u0131, ehtiyatda olan polkovnik Elmar H\u00fcseynov m\u00f6vzu il\u0259 ba\u011fl\u0131 \u201c\u0130ki sahil\u201d q\u0259zetin\u0259 a\u00e7\u0131qlamas\u0131nda bildirdi ki, h\u0259min g\u00fcn Az\u0259rbaycan Respublikas\u0131n\u0131n paytaxt\u0131 Bak\u0131 \u00f6z tarixinin \u0259n \u0259lam\u0259tdar g\u00fcnl\u0259rind\u0259n birini ya\u015fayacaq: \u201cDo\u011frudur, indiy\u0259d\u0259k Bak\u0131 bir \u00e7ox paradlar\u0131n \u015fahidi olub. Amma bu parad tariximiz\u0259 Z\u0259f\u0259r parad\u0131 kimi h\u0259kk olunacaq. \u015e\u00fcbh\u0259siz, bu Z\u0259f\u0259r parad\u0131n\u0131 biz\u0259 b\u0259x\u015f ed\u0259n Prezident, Ali Ba\u015f Komandan \u0130lham \u018fliyevin r\u0259hb\u0259rlik etdiyi Az\u0259rbaycan Silahl\u0131 Q\u00fcvv\u0259l\u0259ri olub. M\u0259hz Erm\u0259nistan\u0131n c\u0259bh\u0259yan\u0131 rayonlarda v\u0259 qo\u015funlar\u0131n t\u0259mas x\u0259ttin\u0259 yax\u0131n \u0259razil\u0259rd\u0259 t\u00f6r\u0259tdiyi t\u0259xribatlara cavab olaraq sentyabr\u0131n 27-d\u0259n etibar\u0259n Az\u0259rbaycan Ordusu ba\u015flad\u0131\u011f\u0131 q\u0259tiyy\u0259tli \u0259ks-h\u0259ml\u0259 \u0259m\u0259liyyatlar\u0131 il\u0259 44 g\u00fcn \u0259rzind\u0259 i\u015f\u011fal olunmu\u015f \u0259razil\u0259rimizin b\u00f6y\u00fck bir hiss\u0259sini azad etdi. H\u0259rbi \u0259m\u0259liyyatlar zaman\u0131 qazan\u0131lm\u0131\u015f Q\u0259l\u0259b\u0259 i\u015f\u011fal\u00e7\u0131n\u0131n t\u0259slim olmas\u0131 il\u0259 n\u0259tic\u0259l\u0259ndi. Az\u0259rbaycan, Rusiya prezidentl\u0259ri v\u0259 Erm\u0259nistan\u0131n ba\u015f naziri t\u0259r\u0259find\u0259n noyabr\u0131n 10-da \u00fc\u00e7t\u0259r\u0259fli B\u0259yanat\u0131n imzalanmas\u0131 n\u0259tic\u0259sind\u0259 \u00f6lk\u0259mizin i\u015f\u011fal alt\u0131nda olan dig\u0259r \u0259razil\u0259ri d\u0259 azad olundu. Bununla da Erm\u0259nistan-Az\u0259rbaycan Da\u011fl\u0131q Qaraba\u011f m\u00fcnaqi\u015f\u0259si h\u0259rbi-siyasi yollarla \u00f6z h\u0259llini tapd\u0131.\u201d<\/p>\n\n\n\n<p>M\u00fcsahibimiz daha sonra bildirdi: \u201c\u018fg\u0259r xat\u0131rlay\u0131rs\u0131n\u0131zsa, Az\u0259rbaycan Respublikas\u0131 Silahl\u0131 Q\u00fcvv\u0259l\u0259rinin yarad\u0131lmas\u0131n\u0131n 100 illik yubileyi m\u00fcnasib\u0259til\u0259 2018-ci il iyunun 26-da Bak\u0131n\u0131n Azadl\u0131q meydan\u0131nda ke\u00e7iril\u0259n &nbsp;t\u0259nt\u0259n\u0259li h\u0259rbi paradda 2016-c\u0131 ilin Aprel d\u00f6y\u00fc\u015fl\u0259rind\u0259, 2018-ci ilin Nax\u00e7\u0131van \u0259m\u0259liyyat\u0131nda i\u015f\u011fal\u00e7\u0131lardan azad edilmi\u015f torpaqlarda qald\u0131r\u0131lm\u0131\u015f Az\u0259rbaycan bayraqlar\u0131 da n\u00fcmayi\u015f etdirilmi\u015fdir. El\u0259 h\u0259min t\u0259dbird\u0259 Ali Ba\u015f Komandan vur\u011fulam\u0131\u015fd\u0131r ki, g\u00fcn g\u0259l\u0259c\u0259k v\u0259 bu g\u00fcn i\u015f\u011fal alt\u0131ndak\u0131 torpaqlar azad olunandan sonra orada qald\u0131r\u0131lacaq Az\u0259rbaycan bayra\u011f\u0131 Azadl\u0131q meydan\u0131na g\u0259tiril\u0259c\u0259k v\u0259 h\u0259rbi paradda g\u00f6st\u0259ril\u0259c\u0259k: \u201cBiz bu m\u00fcq\u0259dd\u0259s g\u00fcn\u00fc yax\u0131nla\u015fd\u0131rmal\u0131y\u0131q v\u0259 yax\u0131nla\u015fd\u0131r\u0131r\u0131q.\u201d Ali Ba\u015f Komandan\u0131m\u0131z\u0131n m\u00fcdrik siyas\u0259ti il\u0259 h\u0259min g\u00fcn g\u0259ldi.<\/p>\n\n\n\n<p>Bu paradda V\u0259t\u0259n m\u00fcharib\u0259si zaman\u0131 Az\u0259rbaycan Ordusunun darmada\u011f\u0131n etdiyi d\u00fc\u015fm\u0259nd\u0259n \u0259l\u0259 ke\u00e7irdiyi h\u0259rbi q\u0259nim\u0259tl\u0259rin bir qismi d\u0259 n\u00fcmayi\u015f olunacaq. Noyabr\u0131n 11-d\u0259 Silahl\u0131 Q\u00fcvv\u0259l\u0259rin M\u00fcz\u0259ff\u0259r Ali Ba\u015f Komandan\u0131 \u0130lham \u018fliyev &nbsp;1 sayl\u0131 Kliniki Tibbi M\u0259rk\u0259zd\u0259 m\u00fcalic\u0259 olunan h\u0259rb\u00e7il\u0259rl\u0259 g\u00f6r\u00fc\u015f\u00fcnd\u0259 d\u0259 bu m\u0259s\u0259l\u0259y\u0259 toxunmu\u015f v\u0259 bildirmi\u015fdir:&nbsp; \u201cG\u00f6st\u0259ri\u015f vermi\u015f\u0259m ki, d\u00fc\u015fm\u0259nin q\u0259nim\u0259t g\u00f6t\u00fcr\u00fclm\u00fc\u015f h\u0259rbi texnikas\u0131 Bak\u0131ya g\u0259tirilsin. Tap\u015f\u0131rm\u0131\u015fam ki, yer se\u00e7ilsin, o texnikan\u0131 biz n\u00fcmayi\u015f etdir\u0259c\u0259yik. B\u00fct\u00fcn Az\u0259rbaycan xalq\u0131 gedib g\u00f6r\u0259c\u0259k ki, biz n\u0259yi \u0259ld\u0259 etmi\u015fik.\u201d Z\u0259nnimc\u0259, m\u00f6ht\u0259r\u0259m Prezidentimiz \u201co texnikan\u0131 biz n\u00fcmayi\u015f etdir\u0259c\u0259yik\u201d dey\u0259nd\u0259 el\u0259 bu h\u0259rbi parad\u0131 n\u0259z\u0259rd\u0259 tutub.\u201d<\/p>\n\n\n\n<p>M\u00fcsahibimiz fikrini bu s\u00f6zl\u0259rl\u0259 davam etdirdi: \u201c\u018fg\u0259r xat\u0131rlay\u0131rs\u0131n\u0131zsa, Bak\u0131n\u0131n erm\u0259ni da\u015fnaklar\u0131ndan azad edilm\u0259sinin 100 illiyi il\u0259 \u0259laq\u0259dar t\u0259\u015fkil olunmu\u015f h\u0259rbi paradda qarda\u015f T\u00fcrkiy\u0259 C\u00fcmhuriyy\u0259tinin Prezidenti R\u0259c\u0259b Tayyib \u018frdo\u011fan Da\u011fl\u0131q Qaraba\u011f m\u00fcnaqi\u015f\u0259si bar\u0259d\u0259 dan\u0131\u015fark\u0259n demi\u015fdir ki, biz Da\u011fl\u0131q Qaraba\u011f probleminin Az\u0259rbaycan\u0131n \u0259razi b\u00fct\u00f6vl\u00fcy\u00fc \u00e7\u0259r\u00e7iv\u0259sind\u0259 h\u0259ll edilm\u0259si \u00fc\u00e7\u00fcn at\u0131lan b\u00fct\u00fcn add\u0131mlar\u0131 d\u0259st\u0259kl\u0259y\u0259c\u0259yik. \u0130\u015f\u011fal\u00e7\u0131 Erm\u0259nistan\u0131n c\u0259bh\u0259yan\u0131 rayonlarda v\u0259 qo\u015funlar\u0131n t\u0259mas x\u0259ttin\u0259 yax\u0131n \u0259razil\u0259rd\u0259 ya\u015fayan dinc \u0259halimizi h\u0259d\u0259f se\u00e7m\u0259sin\u0259 cavab olaraq sentyabr\u0131n 27-d\u0259n etibar\u0259n Az\u0259rbaycan Ordusunun ba\u015flad\u0131\u011f\u0131 q\u0259tiyy\u0259tli \u0259ks-h\u0259ml\u0259 \u0259m\u0259liyyatlar\u0131n\u0131n ilk g\u00fcnl\u0259rind\u0259n, ilk saatlar\u0131ndan T\u00fcrkiy\u0259 beyn\u0259lxalq h\u00fcquq normalar\u0131 v\u0259 prinsipl\u0259ri \u0259sas\u0131nda \u00f6z \u0259razi b\u00fct\u00f6vl\u00fcy\u00fcn\u00fc b\u0259rpa ed\u0259n Az\u0259rbaycan\u0131n, ba\u015fqa s\u00f6zl\u0259 des\u0259k, haql\u0131 qarda\u015f\u0131n\u0131n yan\u0131nda oldu. Y\u0259ni, bel\u0259 bir h\u0259ssas d\u00f6n\u0259md\u0259 qarda\u015f \u00f6lk\u0259&nbsp; \u00f6z m\u0259n\u0259vi d\u0259st\u0259yi il\u0259 qarda\u015f\u0131n\u0131&nbsp; t\u0259k qoymad\u0131. Bununla da qarda\u015fl\u0131\u011f\u0131m\u0131z\u0131n sars\u0131lmazl\u0131\u011f\u0131n\u0131, birliyimizin s\u00f6zd\u0259 deyil, \u0259m\u0259ld\u0259 oldu\u011funu bir daha d\u00fcnyaya n\u00fcmayi\u015f etdirdi. &nbsp;\u015e\u00fcbh\u0259siz, bel\u0259 siyasi v\u0259 m\u0259n\u0259vi d\u0259st\u0259k olmasayd\u0131 Az\u0259rbaycan\u0131n haqq sava\u015f\u0131 ba\u015fqa bir m\u0259craya y\u00f6n\u0259ldil\u0259 bil\u0259rdi. Bu m\u0259nada \u201cQaraba\u011fda qazan\u0131lan q\u0259l\u0259b\u0259 h\u0259m beyn\u0259lxalq h\u00fcquq, h\u0259m diplomatik, h\u0259m d\u0259 h\u0259rbi bax\u0131mdan Az\u0259rbaycana anas\u0131n\u0131n s\u00fcd\u00fc kimi halald\u0131r\u201d dey\u0259n R\u0259c\u0259b Tayyib \u018frdo\u011fan\u0131n da bu Q\u0259l\u0259b\u0259 parad\u0131nda i\u015ftirak\u0131 q\u00fcrurvericidir. O bu g\u0259li\u015fi il\u0259 h\u0259m d\u0259 Az\u0259rbaycan T\u00fcrkiy\u0259 qarda\u015fl\u0131\u011f\u0131n\u0131n \u0259b\u0259di oldu\u011funu bir daha d\u00fcnyaya n\u00fcmayi\u015f etdir\u0259c\u0259k.\u201d<\/p>\n\n\n\n<p>M\u00fcsahibimizin fikrinc\u0259, paradda n\u00fcmayi\u015f etdiril\u0259c\u0259k y\u00fcks\u0259k h\u0259rbi-texniki haz\u0131rl\u0131q, h\u0259qiqi pe\u015f\u0259karl\u0131q onu izl\u0259y\u0259nl\u0259r\u0259 xo\u015f ovqat b\u0259x\u015f ed\u0259c\u0259k: \u201cDig\u0259r t\u0259r\u0259fd\u0259n Prezident, Silahl\u0131 Q\u00fcvv\u0259l\u0259rin Ali Ba\u015f Komandan\u0131 \u0130lham \u018fliyevin qay\u011f\u0131s\u0131 v\u0259 diqq\u0259ti il\u0259 g\u00fccl\u0259nmi\u015f, d\u00f6y\u00fc\u015f qabiliyy\u0259tini art\u0131rm\u0131\u015f, z\u0259f\u0259r qazanm\u0131\u015f, beyn\u0259lxalq reytinql\u0259r\u0259 g\u00f6r\u0259 d\u00fcnya miqyas\u0131nda 50 \u0259n g\u00fccl\u00fc ordu s\u0131ras\u0131nda q\u0259rar tutmu\u015f Az\u0259rbaycan Ordusunun u\u011furlar\u0131 bir daha d\u00fcnya g\u00fcnd\u0259mini z\u0259bt ed\u0259c\u0259k.\u201d<\/p>\n\n\n\n<p><strong>Qvami M\u0259h\u0259bb\u0259to\u011flu,<\/strong><\/p>\n\n\n\n<p><strong>\u201c\u0130ki sahil\u201d<\/strong><\/p>\n","protected":false},"excerpt":{"rendered":"<p>X\u0259b\u0259r verildiyi kimi, dekabr\u0131n 10-da Bak\u0131da V\u0259t\u0259n m\u00fcharib\u0259sind\u0259 Q\u0259l\u0259b\u0259y\u0259 h\u0259sr olunmu\u015f h\u0259rbi parad ke\u00e7iril\u0259c\u0259k. Azadl\u0131q meydan\u0131nda t\u0259\u015fkil olunacaq h\u0259rbi paradda 3000 n\u0259f\u0259rd\u0259n art\u0131q \u015f\u0259xsi<\/p>\n","protected":false},"author":2,"featured_media":23307,"comment_status":"closed","ping_status":"closed","sticky":false,"template":"","format":"standard","meta":{"footnotes":""},"categories":[3],"tags":[],"class_list":["post-23306","post","type-post","status-publish","format-standard","has-post-thumbnail","hentry","category-gundm"],"aioseo_notices":[],"_links":{"self":[{"href":"https:\/\/fedai.az\/index.php?rest_route=\/wp\/v2\/posts\/23306","targetHints":{"allow":["GET"]}}],"collection":[{"href":"https:\/\/fedai.az\/index.php?rest_route=\/wp\/v2\/posts"}],"about":[{"href":"https:\/\/fedai.az\/index.php?rest_route=\/wp\/v2\/types\/post"}],"author":[{"embeddable":true,"href":"https:\/\/fedai.az\/index.php?rest_route=\/wp\/v2\/users\/2"}],"replies":[{"embeddable":true,"href":"https:\/\/fedai.az\/index.php?rest_route=%2Fwp%2Fv2%2Fcomments&post=23306"}],"version-history":[{"count":1,"href":"https:\/\/fedai.az\/index.php?rest_route=\/wp\/v2\/posts\/23306\/revisions"}],"predecessor-version":[{"id":23308,"href":"https:\/\/fedai.az\/index.php?rest_route=\/wp\/v2\/posts\/23306\/revisions\/23308"}],"wp:featuredmedia":[{"embeddable":true,"href":"https:\/\/fedai.az\/index.php?rest_route=\/wp\/v2\/media\/23307"}],"wp:attachment":[{"href":"https:\/\/fedai.az\/index.php?rest_route=%2Fwp%2Fv2%2Fmedia&parent=23306"}],"wp:term":[{"taxonomy":"category","embeddable":true,"href":"https:\/\/fedai.az\/index.php?rest_route=%2Fwp%2Fv2%2Fcategories&post=23306"},{"taxonomy":"post_tag","embeddable":true,"href":"https:\/\/fedai.az\/index.php?rest_route=%2Fwp%2Fv2%2Ftags&post=23306"}],"curies":[{"name":"wp","href":"https:\/\/api.w.org\/{rel}","templated":true}]}}