{"id":23309,"date":"2020-12-14T02:13:14","date_gmt":"2020-12-13T22:13:14","guid":{"rendered":"https:\/\/fedai.az\/?p=23309"},"modified":"2020-12-14T02:13:17","modified_gmt":"2020-12-13T22:13:17","slug":"fuzuli-rzaquliyev-bu-q%c9%99l%c9%99b%c9%99y%c9%99-inam-olmasaydi-coxdan-ur%c9%99yimiz-partlayardi","status":"publish","type":"post","link":"https:\/\/fedai.az\/?p=23309","title":{"rendered":"F\u00fczuli Rzaquliyev: \u201cBu q\u0259l\u0259b\u0259y\u0259 inam olmasayd\u0131, \u00e7oxdan \u00fcr\u0259yimiz partlayard\u0131\u201d"},"content":{"rendered":"\n<h5 class=\"wp-block-heading\"><strong>Bu g\u00fcn I Qaraba\u011f sava\u015f\u0131ndan V\u0259t\u0259n M\u00fcharib\u0259sin\u0259 ged\u0259n 30 illik yolda Az\u0259rbaycan \u0259sg\u0259rinin n\u0259l\u0259rd\u0259n ke\u00e7diyin\u0259 diqq\u0259t \u00e7\u0259k\u0259c\u0259yik. V\u0259t\u0259n M\u00fcharib\u0259sin\u0259 1-ci Qaraba\u011f sava\u015f\u0131ndan baxan d\u00f6y\u00fc\u015f\u00e7\u00fcn\u00fcn ke\u00e7diyi d\u00f6y\u00fc\u015f yolu n\u0259 q\u0259d\u0259r a\u011f\u0131r olsa da, bu g\u00fcn o, Q\u0259l\u0259b\u0259 sevinci b\u00fct\u00fcn t\u0259\u0259ss\u00fcf hissl\u0259rini \u00fcst\u0259l\u0259yib. T\u0259bii ki, tarix unutqanl\u0131\u011f\u0131 sevmir v\u0259 bu g\u00fcn\u00fcn h\u0259rbi z\u0259f\u0259ri tarixin verdiyi d\u0259rsl\u0259rin n\u0259tic\u0259si olaraq yada sal\u0131nacaq.<\/strong><\/h5>\n\n\n\n<p><\/p>\n\n\n\n<div class=\"wp-block-media-text alignwide is-stacked-on-mobile\" style=\"grid-template-columns:47% auto\"><figure class=\"wp-block-media-text__media\"><img loading=\"lazy\" decoding=\"async\" width=\"300\" height=\"430\" src=\"https:\/\/fedai.az\/wp-content\/uploads\/2020\/12\/big.jpg\" alt=\"\" class=\"wp-image-23310 size-full\" srcset=\"https:\/\/fedai.az\/wp-content\/uploads\/2020\/12\/big.jpg 300w, https:\/\/fedai.az\/wp-content\/uploads\/2020\/12\/big-209x300.jpg 209w, https:\/\/fedai.az\/wp-content\/uploads\/2020\/12\/big-105x150.jpg 105w\" sizes=\"auto, (max-width: 300px) 100vw, 300px\" \/><\/figure><div class=\"wp-block-media-text__content\">\n<p class=\"has-large-font-size\"><strong>Versus.Az<\/strong>\u00a0&#171;H\u0259ft\u0259 i\u00e7i\u201d-nin qona\u011f\u0131 Az\u0259rbaycan V\u0259t\u0259n M\u00fcharib\u0259si Veteranlar \u0130ctimai Birliyinin s\u0259dri, II qrup m\u00fcharib\u0259 \u0259lili, ehtiyatda olan zabit\u00a0<strong>F\u00fczuli Rzaquliyevl\u0259<\/strong> m\u00fcsahib\u0259ni t\u0259qdim edir.<\/p>\n<\/div><\/div>\n\n\n\n<p>K\u00f6hn\u0259 d\u00f6y\u00fc\u015f\u00e7\u00fc 1989-1991-ci ill\u0259rin t\u0259lat\u00fcml\u00fc ill\u0259rini yada salaraq, he\u00e7 vaxt unudulmayacaq xatir\u0259l\u0259rini dil\u0259 g\u0259tirib:<\/p>\n\n\n\n<p><strong>\u201cBiz o vaxt meydan h\u0259r\u0259kat\u0131na qo\u015fulmu\u015fduq. Sonra d\u00fc\u015fm\u0259nl\u0259 m\u00fcbariz\u0259d\u0259 bunun \u0259sas \u00e7\u0131x\u0131\u015f yolu olmad\u0131\u011f\u0131n\u0131 g\u00f6rd\u00fck. 1991-ci ild\u0259 bel\u0259 bir t\u0259l\u0259b qoyuldu ki, ordu yarad\u0131ls\u0131n. H\u0259min il oktyabr\u0131n 9-da f\u0259rmanla ilk k\u00f6n\u00fcll\u00fc d\u00f6y\u00fc\u015f\u00e7\u00fcl\u0259r y\u0131\u011f\u0131\u015fma\u011fa ba\u015flad\u0131. T\u0259bii ki, o vaxt orduya k\u00f6n\u00fcll\u00fcl\u00fck prinsipi il\u0259 gedirdik. Ordunun yarad\u0131lmamas\u0131 \u00fc\u00e7\u00fcn r\u0259hb\u0259rlik s\u0259viyy\u0259sind\u0259 d\u0259 ciddi mane\u0259l\u0259r var idi. \u00d6lk\u0259nin r\u0259hb\u0259ri Ayaz M\u00fct\u0259llibov idi. K\u00f6n\u00fcll\u00fcl\u0259r\u0259 \u201cyer yoxdur\u201d-deyib, h\u0259rbiy\u0259 q\u0259bul etmirdil\u0259r. Amma biz \u00f6z\u00fcm\u00fcz 1991-ci il noyabr ay\u0131n\u0131n \u0259vv\u0259lind\u0259, m\u0259cbur\u0259n \u015e\u0131xov deyil\u0259n \u0259raziy\u0259 y\u0131\u011f\u0131\u015f\u0131b, rus \u0259sg\u0259rl\u0259rini ordan \u00e7\u0131xartd\u0131q. N\u0259 paltar var idi, n\u0259 silah, n\u0259 yem\u0259k&#8230; <\/strong><\/p>\n\n\n\n<p><strong>B\u00fct\u00fcn bunlar\u0131n ham\u0131s\u0131n\u0131 hiss\u0259-hiss\u0259, hans\u0131sa yollarla \u0259ld\u0259 ed\u0259-ed\u0259, birinci \u015e\u0131xov desant h\u00fccum briqadas\u0131n\u0131 yaratd\u0131q. O vaxt zabitl\u0259r \u00e7at\u0131\u015fm\u0131rd\u0131. Biz yanvar q\u0131r\u011f\u0131n\u0131ndan sonra rus ordusundan imtina etmi\u015f zabitl\u0259r idik\u201d.<\/strong><\/p>\n\n\n\n<p>F. Rzaquliyev deyir ki, o vaxt kimins\u0259 k\u00f6n\u00fcll\u00fc orduya, d\u00f6y\u00fc\u015f\u0259 getm\u0259si \u00f6z\u00fc bir q\u0259hr\u0259manl\u0131q idi. \u00c7\u00fcnki o, hara getdiyini, ona n\u0259 ola bil\u0259c\u0259yini yax\u015f\u0131 anlay\u0131rd\u0131&#8230;<\/p>\n\n\n\n<p><strong>\u201cO d\u00f6y\u00fc\u015fl\u0259r haqq\u0131nda \u00e7ox dan\u0131\u015fmaq olar. Bizim \u00e7oxlu qalibiyy\u0259tli d\u00f6y\u00fc\u015fl\u0259rimiz olub, uduzulmu\u015f d\u00f6y\u00fc\u015fl\u0259r d\u0259 olub. Amma n\u0259tic\u0259 b\u0259llidir. Biz bilirdik ki, d\u00f6y\u00fc\u015f\u00fc uduzsaq da, m\u0259\u011flub olmam\u0131\u015f\u0131q. Bilirdik ki, h\u0259l\u0259 m\u00fcq\u0259dd\u0259s m\u00fcharib\u0259 qabaqdad\u0131r. V\u0259 n\u0259hay\u0259t ki, o m\u00fcq\u0259dd\u0259s sava\u015f oldu\u201d.<\/strong><\/p>\n\n\n\n<p>F. Rzaquliyev deyir ki, o vaxt ilk d\u00f6y\u00fc\u015fl\u0259ri \u015eaumyan k\u0259nd \u0259razisind\u0259 olub:<\/p>\n\n\n\n<p><strong>\u201cD\u00f6y\u00fc\u015f\u0259 b\u00f6l\u00fck, ta\u011f\u0131m, batalyon \u015f\u0259klind\u0259 gedirdik. O d\u00f6y\u00fc\u015fl\u0259rd\u0259 \u0259sg\u0259rl\u0259rimiz b\u00f6y\u00fck q\u0259hr\u0259manl\u0131q n\u00fcmayi\u015f etdirirdi. Biz orda xeyli erm\u0259ni m\u0259hv edib, \u0259sir g\u00f6t\u00fcrd\u00fck. Da\u015falt\u0131 d\u00f6y\u00fc\u015f\u00fcnd\u0259 uduzduq. M\u0259n m\u0259\u011flub olduq dem\u0259zdim, \u00e7\u00fcnki erm\u0259ni t\u0259r\u0259fd\u0259 d\u0259 \u00e7oxlu t\u0259l\u0259fatlar vard\u0131. O d\u00f6y\u00fc\u015fd\u0259 igidlik g\u00f6st\u0259r\u0259n \u0259sg\u0259rl\u0259rim var idi. Onlara m\u00fctl\u0259q dem\u0259liy\u0259m: Zaur C\u0259f\u0259rov \u0259sir d\u00fc\u015fm\u0259m\u0259k \u00fc\u00e7\u00fcn ax\u0131r\u0131nc\u0131 patronunu \u00f6z sin\u0259sin\u0259 s\u0131xm\u0131\u015fd\u0131. R\u00f6v\u015f\u0259n X\u0259liov var idi, yaralanm\u0131\u015fd\u0131, erm\u0259nil\u0259r onu \u0259sir g\u00f6t\u00fcrm\u0259k ist\u0259y\u0259nd\u0259 F-1 qumbaras\u0131n\u0131 partlad\u0131b \u00f6z\u00fc il\u0259 birlikd\u0259 \u00e7oxlu erm\u0259ni \u00f6ld\u00fcrm\u00fc\u015fd\u00fc. F-1-in q\u0259lp\u0259l\u0259ri 250 metr radiusda s\u0259p\u0259l\u0259nir. O, qumbaran\u0131 \u00e7\u0259k\u0259r\u0259k \u00f6z\u00fcn\u00fc d\u0259, erm\u0259nil\u0259ri d\u0259 m\u0259hv etmi\u015fdi&#8230;<\/strong><\/p>\n\n\n\n<p><strong>Sonra R\u0259him Qaz\u0131yev k\u00f6n\u00fcll\u00fc d\u0259st\u0259l\u0259ri l\u0259\u011fv el\u0259di. Bu s\u0259hv add\u0131m idi. Amma oldu v\u0259 d\u00f6y\u00fc\u015fd\u0259 t\u0259k zabitl\u0259r qald\u0131q. Biz yeni g\u0259l\u0259n 18 ya\u015fl\u0131 \u0259sg\u0259rl\u0259ri g\u00f6t\u00fcr\u00fcb t\u0259z\u0259d\u0259n t\u0259lim, t\u0259dris ke\u00e7ir, onlarla d\u00f6y\u00fc\u015f\u0259 gedirdik. Sonradan r\u0259hb\u0259rlik g\u00f6rd\u00fc ki, s\u0259hv edibl\u0259r, yenid\u0259n k\u00f6n\u00fcll\u00fcl\u0259ri d\u00f6y\u00fc\u015f\u0259 c\u0259lb el\u0259dil\u0259r.<\/strong><\/p>\n\n\n\n<p><strong>K\u00f6n\u00fcll\u00fcl\u0259rin \u00e7oxu bu hadis\u0259d\u0259n incidi, d\u00f6y\u00fc\u015f\u00fc burax\u0131b getm\u0259k ist\u0259mirdil\u0259r, h\u0259tta g\u00f6z ya\u015f\u0131 da ax\u0131td\u0131lar ki, biz d\u00f6y\u00fc\u015fm\u0259y\u0259, \u00f6ld\u00fcrm\u0259y\u0259, laz\u0131m g\u0259ls\u0259, \u00f6lm\u0259y\u0259 g\u0259lmi\u015fik, biz\u0259 niy\u0259 imkan vermirl\u0259r. 18 ya\u015fl\u0131 \u0259sg\u0259rl\u0259r d\u0259 g\u00f6z\u0259l d\u00f6y\u00fc\u015f\u00fcrd\u00fcl\u0259r. O vaxt m\u0259nim d\u0259 31 ya\u015f\u0131m var idi, 3 k\u00f6rp\u0259 u\u015fa\u011f\u0131 evd\u0259 qoyub getmi\u015fdim. Amma bununla bel\u0259 g\u0259nc \u0259sg\u0259rl\u0259rin itkil\u0259rini q\u0259bul ed\u0259 bilmirdim. O vaxt bizim birqadan\u0131n komandiri r\u0259hm\u0259tlik Zaur Rzayev idi, q\u0259hr\u0259manl\u0131\u011f\u0131na, bilik v\u0259 bacar\u0131\u011f\u0131na g\u00f6r\u0259 ona general r\u00fctb\u0259si verdil\u0259r.<\/strong><\/p>\n\n\n\n<figure class=\"wp-block-image size-large is-resized\"><img loading=\"lazy\" decoding=\"async\" src=\"https:\/\/fedai.az\/wp-content\/uploads\/2020\/12\/1607760257_5.jpg\" alt=\"\" class=\"wp-image-23315\" width=\"973\" height=\"639\" srcset=\"https:\/\/fedai.az\/wp-content\/uploads\/2020\/12\/1607760257_5.jpg 640w, https:\/\/fedai.az\/wp-content\/uploads\/2020\/12\/1607760257_5-300x197.jpg 300w, https:\/\/fedai.az\/wp-content\/uploads\/2020\/12\/1607760257_5-150x98.jpg 150w\" sizes=\"auto, (max-width: 973px) 100vw, 973px\" \/><\/figure>\n\n\n\n<p><strong>Sonra m\u0259n k\u00f6n\u00fcll\u00fcl\u0259r\u0259 m\u00fcraci\u0259t el\u0259dim. Onlarla d\u00f6y\u00fc\u015fm\u0259k rahat idi, h\u0259tta b\u0259zil\u0259rinin d\u00f6y\u00fc\u015f t\u0259cr\u00fcb\u0259l\u0259ri var idi. D\u00f6y\u00fc\u015f\u0259 n\u0259 \u00fc\u00e7\u00fcn, hans\u0131 m\u0259qs\u0259dl\u0259 g\u0259ldikl\u0259rini daha yax\u015f\u0131 bilirdil\u0259r\u201d.<\/strong><\/p>\n\n\n\n<p>A\u011fd\u0259r\u0259d\u0259 bir ne\u00e7\u0259 k\u0259ndin azad edilm\u0259sind\u0259n sonra La\u00e7\u0131na q\u0259rargah r\u0259isi ged\u0259n F. Rzaquliyev komandir S\u00fcleyman \u018fhm\u0259dovun komandanl\u0131\u011f\u0131 alt\u0131nda 713-c\u00fc batalyonun r\u0259\u015fad\u0259tli d\u00f6y\u00fc\u015f yolundan dan\u0131\u015f\u0131b. Onun s\u00f6zl\u0259rin\u0259 g\u00f6r\u0259, k\u00f6n\u00fcll\u00fcl\u0259r La\u00e7\u0131n\u0131n 42 k\u0259ndind\u0259 u\u011furlu d\u00f6y\u00fc\u015fl\u0259r ke\u00e7irs\u0259l\u0259r d\u0259, sonradan h\u0259min hiss\u0259ni La\u00e7\u0131ndan geri qaytar\u0131blar. 713-c\u00fc batalyondan olan k\u00f6hn\u0259 d\u00f6y\u00fc\u015f\u00e7\u00fcl\u0259r V\u0259t\u0259n m\u00fcharib\u0259si ba\u015flayanda da eyni v\u0259t\u0259np\u0259rv\u0259rlik hissi il\u0259 d\u00f6y\u00fc\u015fl\u0259r\u0259 qat\u0131lmaq ist\u0259dil\u0259r, k\u00f6n\u00fcll\u00fc olaraq d\u00f6y\u00fc\u015fm\u0259k \u00fc\u00e7\u00fcn qeydiyyatdan da ke\u00e7dil\u0259r. Amma bu d\u0259f\u0259 \u0259ll\u0259rin\u0259 silah almasalar da, \u00f6z m\u0259n\u0259vi, maddi d\u0259st\u0259kl\u0259ri il\u0259 d\u00f6y\u00fc\u015f\u00e7\u00fcl\u0259rin yan\u0131nda oldular:<\/p>\n\n\n\n<p><strong>\u201cOrda \u201cV\u0259ng\u201d deyil\u0259n bir \u0259m\u0259liyyat oldu. Bunu d\u00f6y\u00fc\u015f\u00e7\u00fcl\u0259rimiz yax\u015f\u0131 bilirl\u0259r. O yerl\u0259rl\u0259 ba\u011fl\u0131 m\u00fc\u0259mmalar bu g\u00fcn\u0259 q\u0259d\u0259r qal\u0131r. M\u0259n orda yaraland\u0131m, bundan qabaq da y\u00fcng\u00fcl x\u0259sar\u0259tim var idi. M\u0259ni qospitala yerl\u0259\u015fdirdil\u0259r, m\u00fcalic\u0259 al\u0131b yenid\u0259n d\u00f6y\u00fc\u015f\u0259 qay\u0131td\u0131m. Sonra m\u0259n\u0259 arxa c\u0259bh\u0259d\u0259 i\u015fl\u0259m\u0259yi t\u0259klif el\u0259dil\u0259r, raz\u0131la\u015fmad\u0131m, t\u0259xris olundum. Art\u0131q 1994-c\u00fc ild\u0259 t\u0259rxisl\u0259r ba\u015fland\u0131\u201d.<\/strong><\/p>\n\n\n\n<p>Ehtiyatda olan zabit deyir ki, t\u0259rxis olunduqdan sonra <strong>Az\u0259rbaycan V\u0259t\u0259n M\u00fcharib\u0259si Veteranlar \u0130ctimai Birliyini<\/strong> yaratma\u011fa q\u0259rar verdi. Onun s\u00f6zl\u0259rin\u0259 g\u00f6r\u0259, o vaxt bu t\u0259\u015fkilat\u0131n ad\u0131n\u0131 qoyanda \u00e7oxlu a\u011f\u0131z b\u00fcz\u0259nl\u0259r olub. H\u0259tta t\u0259\u015fkilat\u0131 \u018fdliyy\u0259d\u0259n qeydiyyatdan ke\u00e7irmirdil\u0259r ki, t\u0259\u015fkilat\u0131n ad\u0131nda olan \u201c<strong>V\u0259t\u0259n M\u00fcharib\u0259si<\/strong>\u201d s\u00f6z\u00fc \u00e7\u0131xar\u0131ls\u0131n:<\/p>\n\n\n\n<p><strong>\u201cDeyirdil\u0259r ki, t\u0259\u015fkilat\u0131n ad\u0131n\u0131 \u201cQaraba\u011f mahrib\u0259si\u201d, yaxud, \u201cPartizan m\u00fcharib\u0259si\u201d qoysan\u0131z, qeydiyyata alar\u0131q. Biz d\u0259 dedik, ay ki\u015fi, Qazaxda d\u00f6y\u00fc\u015f gedib, Tovuzda gedib, Nax\u00e7\u0131vanda gedib, La\u00e7\u0131nda gedib, ham\u0131s\u0131 V\u0259t\u0259n deyil?!. V\u0259 t\u0259kidl\u0259 t\u0259\u015fkilat\u0131 ist\u0259diyimiz qaydada qeydiyyata ald\u0131rd\u0131q. V\u0259 bu g\u00fcn t\u0259\u015fkilat\u0131m\u0131z\u0131n 68 min\u0259 yax\u0131n \u00fczv\u00fc var. B\u0259li, biz o d\u00f6y\u00fc\u015fl\u0259ri uduzduq, amma m\u0259\u011flub \u0259sg\u0259r olmad\u0131q. Bu g\u00fcn \u0259ld\u0259 olunan Q\u0259l\u0259b\u0259nin r\u00fc\u015feyml\u0259ri o \u0259sg\u0259rl\u0259rin qanlar\u0131, canlar\u0131, igidlik m\u00fcbariz\u0259si il\u0259 qoyuldu, b\u0259sl\u0259ndi&#8230; \u00c7ox \u015f\u00fck\u00fcr ki, bu 44 g\u00fcnl\u00fck m\u00fcharib\u0259 ona can verdi. \u015e\u00fck\u00fcrl\u0259r olsun ki, bu g\u00fcn Prezident ba\u015fda olmaqla, ham\u0131 \u00a0bu d\u00f6y\u00fc\u015f\u00fc V\u0259t\u0259n M\u00fcharib\u0259si adland\u0131r\u0131r\u201d.<\/strong><\/p>\n\n\n\n<p>1-ci Qaraba\u011f m\u00fcharib\u0259si \u0259r\u0259f\u0259sind\u0259 imperialist q\u00fcvv\u0259l\u0259rin Az\u0259rbaycana qar\u015f\u0131 m\u0259xfi planlar haz\u0131rlad\u0131\u011f\u0131n\u0131 dey\u0259n ke\u00e7mi\u015f d\u00f6y\u00fc\u015f\u00e7\u00fcm\u00fcz, he\u00e7 bir g\u00fcc\u00fcn v\u0259t\u0259n o\u011fullar\u0131n\u0131n m\u00fcbariz\u0259 \u0259zmini q\u0131ra bilm\u0259diyini \u00f6n\u0259 \u00e7\u0259kib:<\/p>\n\n\n\n<p><strong>\u201cO vaxt Az\u0259rbaycan\u0131n m\u0259hv edilm\u0259si plan\u0131 var idi. Biz rusa qar\u015f\u0131 vuru\u015furduq&#8230; Bu at\u0259\u015fk\u0259s d\u00f6vr\u00fcnd\u0259 sakit oturmad\u0131q. M\u0259kt\u0259bl\u0259rd\u0259, ali t\u0259hsil ocaqlar\u0131nda, \u015f\u0259xsi h\u0259yatda, harada olduqsa, t\u0259bli\u011fat, t\u0259\u015fviqat i\u015fimizi apard\u0131q. \u00c7ox \u015f\u00fck\u00fcrl\u0259r olsun ki, g\u00f6zl\u0259diyimiz g\u00fcn g\u0259lib \u00e7atd\u0131. Prezident ilk s\u0259f\u0259rb\u0259rlik elan ed\u0259nd\u0259n sonra ham\u0131 \u00e7ox ruh y\u00fcks\u0259kliyi il\u0259 qeydiyyatdan ke\u00e7di. T\u0259bii ki, b\u00f6y\u00fck \u0259ks\u0259riyy\u0259t orduya g\u00f6t\u00fcr\u00fclm\u0259di. Amma \u0259limiz\u0259 silah al\u0131b d\u00f6y\u00fc\u015fm\u0259s\u0259k d\u0259, bizim \u015f\u00f6b\u0259l\u0259rimiz, \u0259sg\u0259rl\u0259rimiz b\u00fct\u00fcn c\u0259bh\u0259 boyu \u00e7ox b\u00f6y\u00fck f\u0259all\u0131q g\u00f6st\u0259rdil\u0259r.\u00a0<\/strong><\/p>\n\n\n\n<p><strong>M\u0259n \u00f6z\u00fcm d\u0259, h\u0259mi\u015f\u0259 d\u00f6y\u00fc\u015f b\u00f6lg\u0259l\u0259rin\u0259 ged\u0259n bir zabit kimi, m\u00fcharib\u0259 ba\u015flayanda da tez\u2013tez c\u0259bh\u0259y\u0259, \u0259sg\u0259rl\u0259rimizin yan\u0131na gedib, \u00f6z d\u0259st\u0259yimizi verm\u0259y\u0259 \u00e7al\u0131\u015f\u0131m\u0131\u015f\u0131q. Redaksiyan\u0131za verdiyim \u015f\u0259kli d\u0259 K\u0259lb\u0259c\u0259r t\u0259r\u0259fd\u0259 \u00e7\u0259kdirmi\u015fdim. V\u0259t\u0259n m\u00fcharib\u0259sind\u0259 ged\u0259n bu d\u00f6y\u00fc\u015fl\u0259rd\u0259 i\u015ftirak ed\u0259nl\u0259rin yar\u0131dan \u00e7oxu veteran v\u0259 \u015f\u0259hid ail\u0259l\u0259rinin u\u015faqlar\u0131d\u0131r. Damardan axan d\u00f6y\u00fc\u015f\u00e7\u00fc qan\u0131 \u00f6z\u00fcn\u00fc g\u00f6st\u0259rirdi. Nec\u0259 dey\u0259rl\u0259r, \u201cAslan\u0131n balas\u0131, aslan olar\u201d.<\/strong><\/p>\n\n\n\n<figure class=\"wp-block-image size-large is-resized\"><img loading=\"lazy\" decoding=\"async\" src=\"https:\/\/fedai.az\/wp-content\/uploads\/2020\/12\/er.jpg\" alt=\"\" class=\"wp-image-23314\" width=\"995\" height=\"1243\" srcset=\"https:\/\/fedai.az\/wp-content\/uploads\/2020\/12\/er.jpg 706w, https:\/\/fedai.az\/wp-content\/uploads\/2020\/12\/er-240x300.jpg 240w, https:\/\/fedai.az\/wp-content\/uploads\/2020\/12\/er-120x150.jpg 120w\" sizes=\"auto, (max-width: 995px) 100vw, 995px\" \/><\/figure>\n\n\n\n<p><strong>Bu m\u00fcharib\u0259d\u0259 biz d\u00f6y\u00fc\u015f\u0259 burax\u0131lmasaq da, h\u0259rbi geyiml\u0259rd\u0259 c\u0259bh\u0259 b\u00f6lg\u0259l\u0259rind\u0259 olduq. Sovqat apard\u0131q, t\u0259liml\u0259rimiz, g\u00f6r\u00fc\u015fl\u0259rimiz oldu. Sentyabr\u0131n 24-d\u0259n o\u011flum \u0130lkin Rzaquliyev d\u0259 ehtiyatda olan zabit kimi d\u00f6y\u00fc\u015f\u0259 gedib. Bu g\u00fcn\u0259 q\u0259d\u0259r \u015f\u0259r\u0259fli bir d\u00f6y\u00fc\u015f yolu ke\u00e7di, h\u0259l\u0259 t\u0259rxis olunmay\u0131b\u201d.<\/strong><\/p>\n\n\n\n<p>F\u00fczuli Rzaquliyev deyir ki, 1-ci Qaraba\u011f d\u00f6y\u00fc\u015fl\u0259rind\u0259n V\u0259t\u0259n M\u00fcharib\u0259sin\u0259 baxanda bir f\u0259rqi g\u00f6r\u00fcr. Onun s\u00f6zl\u0259rin\u0259 g\u00f6r\u0259, o zaman d\u00f6y\u00fc\u015f\u0259 qat\u0131lan k\u00f6n\u00fcll\u00fcl\u0259r, \u0259sg\u0259rl\u0259r h\u0259r biri v\u0259t\u0259nin azadl\u0131\u011f\u0131 namin\u0259 canlar\u0131ndan ke\u00e7m\u0259y\u0259 haz\u0131r idil\u0259r v\u0259 torpaqlar\u0131n azadl\u0131\u011f\u0131 h\u0259r \u015feyd\u0259n \u00f6nd\u0259 dayan\u0131rd\u0131:<\/p>\n\n\n\n<p><strong>\u201cBu g\u00fcn orduya baxanda daha \u00e7ox q\u00fcrurlanrsan. Sa\u011f olsun c\u0259nab Prezident, Allah Ordumuzu qorusun! Allah v\u0259t\u0259np\u0259rv\u0259r insanlar\u0131m\u0131z\u0131 qorusun! Bu m\u00fcharib\u0259d\u0259 Az\u0259rbaycana m\u0259n\u0259vi d\u0259st\u0259k olan dost d\u00f6vl\u0259tl\u0259r &#8212; T\u00fcrkiy\u0259miz, Pakistan, \u0130srail, \u018ffqan\u0131stan var olsunlar! Bu g\u00fcn vahid komandanl\u0131q var v\u0259 \u00f6z i\u015fini g\u00f6z\u0259l icra edir. \u018fsg\u0259rl\u0259rimizin ruh y\u00fcks\u0259kliyi v\u0259 m\u00fcasir silahlar, d\u00f6y\u00fc\u015f\u00fcn qalibiyy\u0259tl\u0259 ba\u015fa \u00e7atmas\u0131nda \u0259sas amill\u0259rd\u0259n biridir. Xalq da \u00f6z d\u0259st\u0259yini \u0259sirg\u0259m\u0259di.&nbsp; Bu V\u0259t\u0259n M\u00fcharib\u0259si m\u00fcasir d\u00f6y\u00fc\u015f tarixin\u0259, d\u00fcnya h\u0259rb tarixin\u0259 yenilik g\u0259tirdi. D\u00fcnyan\u0131n h\u0259rbi ekspertl\u0259ri rayonlar\u0131m\u0131z\u0131n i\u015f\u011faldan azad olunmas\u0131 il\u0259 ba\u011fl\u0131 ke\u00e7irl\u0259n \u0259m\u0259liyyatlar\u0131 indi d\u0259 \u00f6yr\u0259nm\u0259y\u0259 \u00e7al\u0131\u015f\u0131rlar. Bu m\u00fcharib\u0259d\u0259 h\u0259rb tarixin\u0259 q\u0131z\u0131l h\u0259rfl\u0259rl\u0259 yaz\u0131lan d\u00f6y\u00fc\u015fl\u0259r oldu. N\u0259 q\u0259d\u0259r n\u0259f\u0259simiz var, \u015f\u0259hidl\u0259rimizi unutmamal\u0131, g\u0259l\u0259c\u0259k n\u0259sill\u0259r\u0259 V\u0259t\u0259n M\u00fcharib\u0259sinin mahiyy\u0259tini, \u0259z\u0259m\u0259tini t\u0259bli\u011f, t\u0259\u015fviq etm\u0259liyik. \u00c7\u00fcnki qar\u015f\u0131m\u0131zda m\u0259kirli d\u00fc\u015fm\u0259nl\u0259r var\u201d.<\/strong><\/p>\n\n\n\n<p>F\u00fczuli Rzaquliyev deyir ki, 1-ci Qaraba\u011f m\u00fcharib\u0259sinin i\u015ftirak\u00e7\u0131lar\u0131na m\u0259\u011flub \u0259sg\u0259r deyib onlar\u0131 q\u0131nayanlar prosesl\u0259ri, h\u0259qiq\u0259ti d\u0259rk etm\u0259y\u0259nl\u0259rdir. Onun s\u00f6zl\u0259rin\u0259 g\u00f6r\u0259, o adamlar h\u0259tta bu g\u00fcn d\u00fcnyan\u0131n heyr\u0259tl\u0259 izl\u0259diyi V\u0259t\u0259n M\u00fcharib\u0259sind\u0259 \u0259ld\u0259 olunan q\u0259l\u0259b\u0259y\u0259 d\u0259 a\u011f\u0131z b\u00fcz\u00fcrl\u0259r. D\u00f6y\u00fc\u015f\u00e7\u00fc deyir ki, he\u00e7 kim risk edib onun yan\u0131nda \u0259sg\u0259ri q\u0131naya bilm\u0259z:<\/p>\n\n\n\n<figure class=\"wp-block-image size-large is-resized\"><img loading=\"lazy\" decoding=\"async\" src=\"https:\/\/fedai.az\/wp-content\/uploads\/2020\/12\/ff.jpg\" alt=\"\" class=\"wp-image-23313\" width=\"863\" height=\"647\" srcset=\"https:\/\/fedai.az\/wp-content\/uploads\/2020\/12\/ff.jpg 467w, https:\/\/fedai.az\/wp-content\/uploads\/2020\/12\/ff-300x225.jpg 300w, https:\/\/fedai.az\/wp-content\/uploads\/2020\/12\/ff-150x112.jpg 150w\" sizes=\"auto, (max-width: 863px) 100vw, 863px\" \/><\/figure>\n\n\n\n<p><strong>\u201c\u00c7\u00fcnki m\u0259nim d\u00f6y\u00fc\u015f yolumu bilirl\u0259r. M\u0259n o a\u011fz\u0131n\u0131 b\u00fcz\u0259nl\u0259rd\u0259n soru\u015furam: s\u0259n d\u00f6y\u00fc\u015fd\u0259 i\u015ftirak etmis\u0259nmi, kiminl\u0259 d\u00f6y\u00fc\u015f\u00fcm\u00fcs\u0259n, M\u00fcdafi\u0259 Nazirliyin\u0131n fonduna n\u0259 q\u0259d\u0259r pul k\u00f6\u00e7\u00fcrm\u00fcs\u0259n, s\u0259n n\u0259 etmis\u0259n bu V\u0259t\u0259n \u00fc\u00e7\u00fcn?.. Ondan sonra a\u011f\u0131zrlar\u0131n\u0131 yumurlar. M\u0259n t\u0259dbirl\u0259rd\u0259 etdiyim \u00e7\u0131x\u0131\u015flar\u0131mda h\u0259mi\u015f\u0259 \u0259sg\u0259rl\u0259rim\u0259 deyirdim ki, \u015eu\u015fada g\u00f6r\u00fc\u015f\u0259n\u0259 q\u0259d\u0259r. \u0130ndi \u0259sg\u0259rl\u0259rim deyir &#171;Komandir, \u015eu\u015fa al\u0131nd\u0131, indi n\u0259 deyirs\u0259n?&#187; Deyir\u0259m, indi d\u0259 \u0130r\u0259vanda g\u00f6r\u00fc\u015f\u0259n\u0259 q\u0259d\u0259r.\u00a0<\/strong><\/p>\n\n\n\n<p><strong>Biz d\u00f6y\u00fc\u015fl\u0259rd\u0259 yaralanm\u0131\u015f\u0131q, fiziki m\u0259hdudiyy\u0259tl\u0259rimiz yaran\u0131b, amma o d\u00f6y\u00fc\u015f\u00e7\u00fc ruhumuz qal\u0131r, ruh ax\u0131rda \u00f6l\u00fcr&#8230; M\u0259n Az\u0259rbaycan g\u0259ncliyin\u0259 h\u0259mi\u015f\u0259 cavanlara deyirdim ki, ruhunuzu y\u00fcks\u0259k tutun. Bu g\u00fcnk\u00fc qalibl\u0259rimiz o cavanlard\u0131r. Bu \u00f6z\u00fc b\u00f6y\u00fck xo\u015fb\u0259xtlikdir. Allah Prezidentin can\u0131n\u0131 sa\u011f el\u0259sin, o, b\u00f6y\u00fck fatehdir. Biz bu g\u00fcn\u00fc g\u00f6zl\u0259yirdik.<\/strong>\u00a0<strong>Son 200 ild\u0259n yuxar\u0131 bir tarixd\u0259 Ali Ba\u015f Komandan yegan\u0259 fatehdir ki, Az\u0259rbaycan\u0131n i\u015f\u011falda olan torpaqlar\u0131n\u0131 geri ald\u0131. Biz ona q\u0259d\u0259r d\u0259 Ali Ba\u015f Komandan\u0131n sadiq \u0259sg\u0259rl\u0259ri olmu\u015fuq v\u0259 bu g\u00fcn d\u0259 \u0259sg\u0259rik. Bu q\u0259l\u0259b\u0259ni g\u00f6zl\u0259yirdik v\u0259 inan\u0131rd\u0131q. \u00c7\u00fcnki bu q\u0259l\u0259b\u0259y\u0259 inam olmasayd\u0131, \u00e7oxdan \u00fcr\u0259yimiz partlayard\u0131. Allah d\u00f6vl\u0259timizi, mill\u0259timizi qorusun.<\/strong>\u00a0<\/p>\n\n\n\n<p><strong>Az\u0259rbaycan yegan\u0259 d\u00f6vl\u0259tdir ki, b\u00fct\u00fcn s\u0259rh\u0259dl\u0259rind\u0259 \u00f6z torpaqlar\u0131 il\u0259 \u0259hat\u0259 olunur &#8212; D\u0259rb\u0259nd, Bor\u00e7al\u0131, Q\u0259rbi Az\u0259rbaycan, C\u0259nubi Az\u0259rbaycan&#8230; <\/strong><\/p>\n\n\n\n<p><strong>H\u0259d\u0259fl\u0259rimiz yerd\u0259 qalan \u0259razil\u0259rimizin azad olunmas\u0131 olmal\u0131d\u0131r. Q\u0259rbi Az\u0259rbaycanda erm\u0259ni olmay\u0131b, torpaqlar\u0131m\u0131z\u0131 rusun \u0259li, fars\u0131n k\u00f6m\u0259kliyi il\u0259 al\u0131b erm\u0259niy\u0259 veribl\u0259r. Biz bu g\u00fcn d\u00fc\u015fm\u0259n \u0259sar\u0259tind\u0259 olan torpaqlar\u0131m\u0131z\u0131n iddias\u0131n\u0131, davas\u0131n\u0131 edirik. G\u0259l\u0259c\u0259k n\u0259sill\u0259r \u00fc\u00e7\u00fcn t\u0259bli\u011fat, t\u0259\u015fviqat i\u015fl\u0259rimizi davam etdirm\u0259liyik. Erm\u0259nil\u0259r bura g\u0259lm\u0259dir. \u0130ndi bizim torpaqlar\u0131 \u00f6z adlar\u0131na \u00e7\u0131xmaqla deyil\u201d.<\/strong><\/p>\n\n\n\n<figure class=\"wp-block-image size-large is-resized\"><img loading=\"lazy\" decoding=\"async\" src=\"https:\/\/fedai.az\/wp-content\/uploads\/2020\/12\/fuzili.jpg\" alt=\"\" class=\"wp-image-23312\" width=\"976\" height=\"1301\" srcset=\"https:\/\/fedai.az\/wp-content\/uploads\/2020\/12\/fuzili.jpg 600w, https:\/\/fedai.az\/wp-content\/uploads\/2020\/12\/fuzili-225x300.jpg 225w, https:\/\/fedai.az\/wp-content\/uploads\/2020\/12\/fuzili-113x150.jpg 113w\" sizes=\"auto, (max-width: 976px) 100vw, 976px\" \/><\/figure>\n\n\n\n<p>Ehtiyatda olan zabitimiz deyir ki, o, h\u0259min d\u00f6y\u00fc\u015fl\u0259rd\u0259 bir f\u0259rd kimi d\u0259 d\u00fc\u015fm\u0259nd\u0259n qisas\u0131n\u0131 al\u0131b. Deyir ki, ail\u0259d\u0259 \u00fc\u00e7 qarda\u015f olublar, \u00fc\u00e7\u00fc d\u0259 d\u00f6y\u00fc\u015f\u0259 gedib. B\u00f6y\u00fck qarda\u015f\u0131 veteran, ki\u00e7ik qarda\u015f\u0131 is\u0259 m\u00fcharib\u0259 \u0259lilidir. F\u00fczuli m\u00fc\u0259llim deyir ki, o \u00e7\u0259tin vaxtlarda ki\u00e7ik qarda\u015f\u0131 Xaqani Rzaquliyev BDU-da oxuyurmu\u015f. \u0130ki qarda\u015f evd\u0259 k\u00f6rp\u0259 u\u015faqlar\u0131 qald\u0131\u011f\u0131na g\u00f6r\u0259 d\u00fc\u015f\u00fcn\u00fcbl\u0259r ki, ki\u00e7ik qarda\u015flar\u0131 arxada qal\u0131b ail\u0259y\u0259 d\u0259st\u0259k olar. Amma Xaqani Rzaquliyev qiyabiy\u0259 ke\u00e7\u0259r\u0259k m\u00fcharib\u0259y\u0259 gedib v\u0259 d\u00f6y\u00fc\u015fd\u0259 i\u015ftirak ed\u0259n qarda\u015flar\u0131ndan qabaq yaralan\u0131b. Ki\u00e7ik qarda\u015f d\u00f6y\u00fc\u015fl\u0259rd\u0259 yaralanan ilk jurnalist olub. F\u00fczuli m\u00fc\u0259llim deyir ki, bu bir Az\u0259rbaycan o\u011flunun, ki\u015fisinin v\u0259t\u0259nda\u015fl\u0131q borcudur. Bu V\u0259t\u0259n sevgisi qandan g\u0259lir:<\/p>\n\n\n\n<p><strong>\u201cD\u00f6y\u00fc\u015fl\u0259rd\u0259 o q\u0259d\u0259r hadis\u0259l\u0259r, maraql\u0131 epizodalar olub ki, hans\u0131n\u0131 deyim, n\u0259yi deyim, bilmir\u0259m. El\u0259 2 g\u00fcn qabaq, K\u0259lb\u0259c\u0259r\u0259 ged\u0259nd\u0259 maraql\u0131 bir hadis\u0259 oldu. K\u0259lb\u0259c\u0259rd\u0259 1991-ci ild\u0259 d\u00f6y\u00fc\u015fd\u00fcy\u00fcm &#171;Gena&#187; l\u0259q\u0259bli \u0259sg\u0259ri g\u00f6rd\u00fcm. Bu \u00e7ox g\u00f6z\u0259l t\u0259\u0259ss\u00fcrat yaratd\u0131 m\u0259nd\u0259. M\u0259n bir komandir kimi daim \u0259sg\u0259rl\u0259rin yan\u0131nda olurdum. Ona g\u00f6r\u0259 d\u0259 m\u0259ni harda g\u00f6r\u00fcrl\u0259r, komandir deyib, h\u0259r an \u0259mr\u0259 tabe olduqlar\u0131n\u0131 bildirirl\u0259r. M\u0259n komandir olanda 31 ya\u015f\u0131nda idim, amma 52 ya\u015f\u0131nda da \u0259sg\u0259rim var idi. Ham\u0131n\u0131n \u00fcr\u0259yind\u0259 bir V\u0259t\u0259n sevgisi, ham\u0131da bir intizam var idi. M\u0259n he\u00e7 vaxt \u00f6z\u00fcm\u00fc tabe\u00e7iliyimd\u0259 olan \u0259sg\u0259rimd\u0259n se\u00e7m\u0259mi\u015f\u0259m. \u0130st\u0259r yem\u0259k vaxt\u0131, ist\u0259r d\u00f6y\u00fc\u015f vaxt\u0131. El\u0259 olub ki, maykam\u0131 c\u0131r\u0131b hans\u0131sa \u0259sg\u0259rin yaras\u0131n\u0131 ba\u011flam\u0131\u015fam. O vaxt\u00a0 tibbi l\u0259vazimatlar \u00e7at\u0131\u015fm\u0131rd\u0131. H\u0259tta bir d\u0259f\u0259 sar\u011f\u0131 olmad\u0131\u011f\u0131na g\u00f6r\u0259, barmaqlar\u0131mla g\u00fcll\u0259nin a\u00e7d\u0131\u011f\u0131 yaralar\u0131 sona q\u0259d\u0259r tutmu\u015fam ki, qanaxma olmas\u0131n. H\u0259min o yaral\u0131 \u0259sg\u0259r, indi d\u0259 sa\u011fd\u0131r\u201d.<\/strong><\/p>\n\n\n\n<p>Komandir deyir ki, 1-ci Qaraba\u011f sava\u015f\u0131nda d\u00f6y\u00fc\u015f yolu ke\u00e7\u0259n k\u00f6n\u00fcll\u00fcl\u0259rin ham\u0131s\u0131 onun q\u0259hr\u0259manlar\u0131d\u0131r:<\/p>\n\n\n\n<p><strong>\u201cM\u0259n d\u0259 onlar \u00fc\u00e7\u00fcn bir q\u0259hr\u0259man idim. He\u00e7 n\u0259y\u0259 baxmadan V\u0259t\u0259ni h\u0259r \u015feyd\u0259n uca tutanlar q\u0259hr\u0259manlard\u0131r\u201d.<\/strong><\/p>\n\n\n\n<figure class=\"wp-block-image size-large\"><img loading=\"lazy\" decoding=\"async\" width=\"1024\" height=\"759\" src=\"https:\/\/fedai.az\/wp-content\/uploads\/2020\/12\/og-1024x759.jpg\" alt=\"\" class=\"wp-image-23311\" srcset=\"https:\/\/fedai.az\/wp-content\/uploads\/2020\/12\/og-1024x759.jpg 1024w, https:\/\/fedai.az\/wp-content\/uploads\/2020\/12\/og-300x222.jpg 300w, https:\/\/fedai.az\/wp-content\/uploads\/2020\/12\/og-150x111.jpg 150w, https:\/\/fedai.az\/wp-content\/uploads\/2020\/12\/og-768x569.jpg 768w, https:\/\/fedai.az\/wp-content\/uploads\/2020\/12\/og.jpg 1052w\" sizes=\"auto, (max-width: 1024px) 100vw, 1024px\" \/><\/figure>\n\n\n\n<p>F\u00fczuli m\u00fc\u0259llim deyir ki,&nbsp;d\u00f6y\u00fc\u015f, h\u0259rbi xidm\u0259t tamam ba\u015fqad\u0131r. Olan oldu, ge\u00e7\u0259n ke\u00e7di, \u015f\u00fck\u00fcr bu g\u00fcn\u0259:<\/p>\n\n\n\n<p><strong>\u201cDa\u015falt\u0131 d\u00f6y\u00fc\u015f\u00fcnd\u0259 bir erm\u0259niy\u0259 g\u00fcll\u0259 atd\u0131m y\u0131x\u0131ld\u0131, sonra durdu aradan \u00e7\u0131xd\u0131. N\u0259 q\u0259d\u0259r atd\u0131m d\u0259ym\u0259di. H\u0259mi\u015f\u0259 ona heyfsil\u0259nir\u0259m. Onun heyfini ba\u015fqa d\u00f6y\u00fc\u015fl\u0259rd\u0259 ald\u0131q, amma n\u0259d\u0259ns\u0259, o hadis\u0259y\u0259 h\u0259mi\u015f\u0259 heyfsil\u0259nir\u0259m. El\u0259 xatir\u0259l\u0259r var ki, onu dan\u0131\u015fa bilmirik. Bir d\u0259 ona t\u0259\u0259ss\u00fcf edirdim ki, o vaxt bizim d\u00f6y\u00fc\u015fl\u0259rimiz yar\u0131m\u00e7\u0131q qald\u0131. Amma \u015f\u00fck\u00fcrl\u0259r olsun ki, bu 28 ild\u0259 g\u00f6rd\u00fcy\u00fcm\u00fcz i\u015fl\u0259r h\u0259d\u0259r getm\u0259di. Bax, bu g\u00fcn Azadl\u0131q Meydan\u0131nda ba\u015f tutan Q\u0259l\u0259b\u0259 Parad\u0131 b\u00fct\u00fcn d\u00f6y\u00fc\u015f\u00e7\u00fcl\u0259rin \u0259n ali arzusu kimi bu g\u00fcn ger\u00e7\u0259kl\u0259\u015fir. Bu, b\u00f6y\u00fck q\u00fcrur, x\u00f6\u015fb\u0259xtlikdir. \u015e\u00fckr Allaha. Ya\u015fas\u0131n Ali Ba\u015f Komandan, Ordumuz, Xalq\u0131n Birliyi!&#187;<\/strong><\/p>\n\n\n\n<p><strong>T.Qafarl\u0131<\/strong><br><strong>Versus.Az<\/strong><\/p>\n","protected":false},"excerpt":{"rendered":"<p>Bu g\u00fcn I Qaraba\u011f sava\u015f\u0131ndan V\u0259t\u0259n M\u00fcharib\u0259sin\u0259 ged\u0259n 30 illik yolda Az\u0259rbaycan \u0259sg\u0259rinin n\u0259l\u0259rd\u0259n ke\u00e7diyin\u0259 diqq\u0259t \u00e7\u0259k\u0259c\u0259yik. V\u0259t\u0259n M\u00fcharib\u0259sin\u0259 1-ci Qaraba\u011f sava\u015f\u0131ndan baxan d\u00f6y\u00fc\u015f\u00e7\u00fcn\u00fcn<\/p>\n","protected":false},"author":2,"featured_media":23315,"comment_status":"closed","ping_status":"closed","sticky":false,"template":"","format":"standard","meta":{"footnotes":""},"categories":[5],"tags":[],"class_list":["post-23309","post","type-post","status-publish","format-standard","has-post-thumbnail","hentry","category-veteran"],"aioseo_notices":[],"_links":{"self":[{"href":"https:\/\/fedai.az\/index.php?rest_route=\/wp\/v2\/posts\/23309","targetHints":{"allow":["GET"]}}],"collection":[{"href":"https:\/\/fedai.az\/index.php?rest_route=\/wp\/v2\/posts"}],"about":[{"href":"https:\/\/fedai.az\/index.php?rest_route=\/wp\/v2\/types\/post"}],"author":[{"embeddable":true,"href":"https:\/\/fedai.az\/index.php?rest_route=\/wp\/v2\/users\/2"}],"replies":[{"embeddable":true,"href":"https:\/\/fedai.az\/index.php?rest_route=%2Fwp%2Fv2%2Fcomments&post=23309"}],"version-history":[{"count":1,"href":"https:\/\/fedai.az\/index.php?rest_route=\/wp\/v2\/posts\/23309\/revisions"}],"predecessor-version":[{"id":23316,"href":"https:\/\/fedai.az\/index.php?rest_route=\/wp\/v2\/posts\/23309\/revisions\/23316"}],"wp:featuredmedia":[{"embeddable":true,"href":"https:\/\/fedai.az\/index.php?rest_route=\/wp\/v2\/media\/23315"}],"wp:attachment":[{"href":"https:\/\/fedai.az\/index.php?rest_route=%2Fwp%2Fv2%2Fmedia&parent=23309"}],"wp:term":[{"taxonomy":"category","embeddable":true,"href":"https:\/\/fedai.az\/index.php?rest_route=%2Fwp%2Fv2%2Fcategories&post=23309"},{"taxonomy":"post_tag","embeddable":true,"href":"https:\/\/fedai.az\/index.php?rest_route=%2Fwp%2Fv2%2Ftags&post=23309"}],"curies":[{"name":"wp","href":"https:\/\/api.w.org\/{rel}","templated":true}]}}