{"id":23317,"date":"2020-12-14T02:20:02","date_gmt":"2020-12-13T22:20:02","guid":{"rendered":"https:\/\/fedai.az\/?p=23317"},"modified":"2020-12-14T02:20:41","modified_gmt":"2020-12-13T22:20:41","slug":"rusiya-sulhm%c9%99ramlilarinin-ozbasinaligi-kreml-oz-ohd%c9%99likl%c9%99rini-pozur-qalmaqal","status":"publish","type":"post","link":"https:\/\/fedai.az\/?p=23317","title":{"rendered":"Rusiya s\u00fclhm\u0259raml\u0131lar\u0131n\u0131n \u00f6zba\u015f\u0131nal\u0131\u011f\u0131 &#8212; Kreml \u00f6z \u00f6hd\u0259likl\u0259rini pozur &#8212; QALMAQAL"},"content":{"rendered":"\n<p><strong>Rusiya s\u00fclhm\u0259raml\u0131lar\u0131 t\u0259r\u0259find\u0259n Az\u0259rbaycan, Rusiya prezidentl\u0259ri v\u0259 Erm\u0259nistan\u0131n ba\u015f nazirinin 2020-ci il 10 noyabr tarixli birg\u0259 b\u0259yanat\u0131nda n\u0259z\u0259rd\u0259 tutulmu\u015f h\u00fcdudlar\u0131 a\u015fan yeni x\u0259rit\u0259 t\u0259qdim edilib.<\/strong><\/p>\n\n\n\n<p>Fedai.az <strong><a href=\"https:\/\/konkret.az\/\" target=\"_blank\" rel=\"noreferrer noopener\">KONKRET.az<\/a><\/strong>-a istinad\u0259n\u00a0bildirir ki, bu fakt Az\u0259rbaycan ictimaiyy\u0259tind\u0259 ciddi naraz\u0131l\u0131q, t\u0259\u0259ss\u00fcf v\u0259 t\u0259\u0259cc\u00fcb do\u011furub.<\/p>\n\n\n\n<p>Az\u0259rbaycan ictimaiyy\u0259ti haql\u0131 olaraq Rusiya s\u00fclhm\u0259raml\u0131lar\u0131na g\u00fcnd\u0259 bir x\u0259rit\u0259 c\u0131zaraq d\u00f6vriyy\u0259y\u0259 buraxmaq s\u0259lahiyy\u0259tini kim verdiyini sual edir.<\/p>\n\n\n\n<p>X\u0259rit\u0259l\u0259rl\u0259 manipulyasiya v\u0259 Rusiya s\u00fclhm\u0259raml\u0131lar\u0131 t\u0259r\u0259find\u0259n s\u0259lahiyy\u0259t \u00e7\u0259r\u00e7iv\u0259sini a\u015fan h\u0259r\u0259k\u0259tl\u0259r Rusiyan\u0131n \u00f6z \u00f6hd\u0259likl\u0259rini pozdu\u011funu a\u00e7\u0131q-ayd\u0131n g\u00f6st\u0259rir.<\/p>\n\n\n\n<p>S\u00fclhm\u0259raml\u0131 missiyan\u0131n v\u0259zif\u0259 v\u0259 funksiyalar\u0131 beyn\u0259lxalq qanunvericilikl\u0259 v\u0259 birg\u0259 \u00fc\u00e7t\u0259r\u0259fli b\u0259yanatla t\u0259nziml\u0259nir. Rusiya s\u00fclhm\u0259raml\u0131lar\u0131 f\u0259liyy\u0259tini \u00f6z \u00f6hd\u0259likl\u0259rin\u0259 uy\u011fun qurmal\u0131d\u0131rlar.<\/p>\n\n\n\n<p>Xat\u0131rladaq ki, Xocav\u0259nd rayonunun K\u00f6hn\u0259 Ta\u011flar v\u0259 \u00c7aylaqqala k\u0259ndl\u0259rind\u0259 gizl\u0259nmi\u015f erm\u0259ni terror\u00e7ular\u0131 Az\u0259rbaycan Ordusunun \u0259sg\u0259rl\u0259rin\u0259 v\u0259 m\u00fclki \u015f\u0259xsl\u0259r\u0259 qar\u015f\u0131 h\u00fccumlar edib, n\u0259tic\u0259d\u0259 \u00f6l\u0259n v\u0259 yaralananlar var. Az\u0259rbaycan bundan \u00f6nc\u0259 h\u0259m Rusiya s\u00fclhm\u0259raml\u0131lar\u0131na, h\u0259m d\u0259 erm\u0259ni t\u0259r\u0259fin\u0259 bel\u0259 hallar ba\u015f ver\u0259c\u0259yi t\u0259qdird\u0259 ciddi t\u0259dbirl\u0259r g\u00f6r\u00fcl\u0259c\u0259yi bar\u0259d\u0259 x\u0259b\u0259rdarl\u0131q edib. Ke\u00e7irilmi\u015f \u0259m\u0259liyyat n\u0259tic\u0259sind\u0259 haz\u0131rda h\u0259min k\u0259ndl\u0259r\u0259 Az\u0259rbaycan n\u0259zar\u0259t edir. \u018fg\u0259r yeni hallar ba\u015f ver\u0259c\u0259ks\u0259, Az\u0259rbaycan t\u0259r\u0259fi adekvat add\u0131mlar atacaq.<\/p>\n\n\n\n<figure class=\"wp-block-image size-large\"><img loading=\"lazy\" decoding=\"async\" width=\"700\" height=\"393\" src=\"https:\/\/fedai.az\/wp-content\/uploads\/2020\/12\/3219d006aa67.jpg\" alt=\"\" class=\"wp-image-23318\" srcset=\"https:\/\/fedai.az\/wp-content\/uploads\/2020\/12\/3219d006aa67.jpg 700w, https:\/\/fedai.az\/wp-content\/uploads\/2020\/12\/3219d006aa67-300x168.jpg 300w, https:\/\/fedai.az\/wp-content\/uploads\/2020\/12\/3219d006aa67-150x84.jpg 150w\" sizes=\"auto, (max-width: 700px) 100vw, 700px\" \/><figcaption><strong>Rusiya s\u00fclhm\u0259raml\u0131lar\u0131n\u0131n bir ne\u00e7\u0259 saat \u00f6nc\u0259 yayd\u0131qlar\u0131 yeni x\u0259rit\u0259 \u2013 bunun \u0259sl ad\u0131 \u00f6zba\u015f\u0131nal\u0131q!<\/strong><\/figcaption><\/figure>\n\n\n\n<p>Buna g\u00f6r\u0259 d\u0259 hesab edirik ki, Rusiya s\u00fclhm\u0259raml\u0131lar\u0131n\u0131n haz\u0131rlay\u0131b yayd\u0131\u011f\u0131 x\u0259rit\u0259 qeyri-reald\u0131r v\u0259 q\u0131sa zamanda ona d\u00fcz\u0259li\u015f edilm\u0259sin\u0259 ehtiyac var.<\/p>\n\n\n\n<p>Rusiya t\u0259r\u0259fi yax\u015f\u0131 bilir ki, bu \u00f6lk\u0259nin s\u00fclhm\u0259raml\u0131lar\u0131n\u0131n Da\u011fl\u0131q Qaraba\u011fda yerl\u0259\u015fdirilm\u0259si Az\u0259rbaycan ictimaiyy\u0259ti t\u0259r\u0259find\u0259n birm\u0259nal\u0131 qar\u015f\u0131lanmay\u0131b v\u0259 \u00e7oxsayl\u0131 suallara, c\u0259miyy\u0259tin m\u00fc\u0259yy\u0259n qruplar\u0131n\u0131n naraz\u0131l\u0131\u011f\u0131na s\u0259b\u0259b olub. Ba\u015f ver\u0259n yeni hallar is\u0259 Az\u0259rbaycan ictimaiyy\u0259tind\u0259 Rusiya s\u00fclhm\u0259raml\u0131lar\u0131na olan m\u00fc\u0259yy\u0259n etimad limitini \u0259sasl\u0131 \u015f\u0259kild\u0259 sars\u0131d\u0131r.<\/p>\n\n\n\n<figure class=\"wp-block-image size-large is-resized\"><img loading=\"lazy\" decoding=\"async\" src=\"https:\/\/fedai.az\/wp-content\/uploads\/2020\/12\/6b433c8c6fca.jpg\" alt=\"\" class=\"wp-image-23319\" width=\"877\" height=\"491\" srcset=\"https:\/\/fedai.az\/wp-content\/uploads\/2020\/12\/6b433c8c6fca.jpg 512w, https:\/\/fedai.az\/wp-content\/uploads\/2020\/12\/6b433c8c6fca-300x168.jpg 300w, https:\/\/fedai.az\/wp-content\/uploads\/2020\/12\/6b433c8c6fca-150x84.jpg 150w\" sizes=\"auto, (max-width: 877px) 100vw, 877px\" \/><figcaption><strong>10 noyabrda raz\u0131la\u015fd\u0131r\u0131lm\u0131\u015f x\u0259rit\u0259<\/strong><\/figcaption><\/figure>\n\n\n\n<p>Az\u0259rbaycan ictimaiyy\u0259ti m\u00fcharib\u0259 d\u00f6vr\u00fcnd\u0259 Rusiyan\u0131n Erm\u0259nistan\u0131 intensiv \u015f\u0259kild\u0259 silahland\u0131rmas\u0131n\u0131 yax\u015f\u0131 xat\u0131rlay\u0131r. Az\u0259rbaycan xalq\u0131 G\u0259nc\u0259, B\u0259rd\u0259 v\u0259 T\u0259rt\u0259r \u015f\u0259h\u0259rl\u0259rinin m\u0259hz Rusiyan\u0131n Erm\u0259nistana verdiyi yeni silahlarla raket at\u0259\u015fin\u0259 tutuldu\u011funu da yax\u015f\u0131 bilir.<\/p>\n\n\n\n<p>Rusiyada m\u00fc\u0259yy\u0259n q\u00fcvv\u0259l\u0259r&nbsp;<strong>G\u00fcrc\u00fcstan, Ukrayna, Moldova, Belarus<\/strong>&nbsp;v\u0259 dig\u0259r \u00f6lk\u0259l\u0259rd\u0259 realla\u015fd\u0131rd\u0131qlar\u0131 planlar\u0131 Az\u0259rbaycanda t\u0259krarlama\u011fa c\u0259hd g\u00f6st\u0259rm\u0259m\u0259lidirl\u0259r.<\/p>\n\n\n\n<p>G\u00f6r\u00fcn\u00fcr Rusiyada m\u00fc\u0259yy\u0259n dair\u0259l\u0259r dekabr\u0131n 10-da Bak\u0131da ke\u00e7irilmi\u015f Q\u0259l\u0259b\u0259 parad\u0131nda Rusiyan\u0131n Erm\u0259nistana h\u0259diyy\u0259 etdiyi, amma Az\u0259rbaycan Ordusu t\u0259r\u0259find\u0259n g\u00f6t\u00fcr\u00fclm\u00fc\u015f v\u0259 ya m\u0259hv edilmi\u015f texnikan\u0131n n\u00fcmayi\u015fini h\u0259zm ed\u0259 bilmir.<\/p>\n\n\n\n<p>\u0130stisna deyil ki, h\u0259min dair\u0259l\u0259r Q\u0259l\u0259b\u0259 parad\u0131nda T\u00fcrkiy\u0259 Prezidenti R\u0259c\u0259b Tayyip \u018frdo\u011fan\u0131n i\u015ftirak\u0131ndan da b\u0259rk q\u0131c\u0131qlan\u0131blar.<\/p>\n\n\n\n<p>Rusiya ist\u0259r Da\u011fl\u0131q Qaraba\u011fda s\u00fclhm\u0259raml\u0131 missiyan\u0131n h\u0259yata ke\u00e7irilm\u0259sind\u0259, ist\u0259rs\u0259 d\u0259 bu regiondak\u0131 f\u0259aliyy\u0259tind\u0259 Az\u0259rbaycan xalq\u0131n\u0131n maraqlar\u0131n\u0131 n\u0259z\u0259r\u0259 almal\u0131d\u0131r.<\/p>\n\n\n\n<blockquote class=\"wp-block-quote is-layout-flow wp-block-quote-is-layout-flow\"><p><strong>Rusiyada b\u0259zi dair\u0259l\u0259r anlamal\u0131d\u0131rlar ki, \u0259n\u0259n\u0259vi qaydada, dig\u0259r \u00f6lk\u0259l\u0259r\u0259 qar\u015f\u0131 oldu\u011fu kimi, Az\u0259rbaycandan da ixrac edil\u0259n k\u0259nd t\u0259s\u0259rr\u00fcfat\u0131 m\u0259hsullar\u0131na m\u0259hdudiyy\u0259tl\u0259r t\u0259tbiq olunmas\u0131 v\u0259 bunun olduqca b\u0259sit \u015f\u0259kild\u0259 sanitar-epidemioloji t\u0259l\u0259bl\u0259rl\u0259 p\u0259rd\u0259l\u0259nm\u0259si s\u00fcni \u015f\u0259kild\u0259 \u0259ng\u0259l yaratmaqdan ba\u015fqa bir \u015fey deyil. Az\u0259rbaycan ictimaiyy\u0259ti bunu g\u00f6r\u00fcr v\u0259 ba\u015fa d\u00fc\u015f\u00fcr. Bu is\u0259 Az\u0259rbaycanda anti-Rusiya meyll\u0259rinin daha da g\u00fccl\u0259nm\u0259sin\u0259 s\u0259b\u0259b olur.<\/strong><\/p><\/blockquote>\n\n\n\n<p>Rusiyada m\u00fc\u0259yy\u0259n q\u00fcvv\u0259l\u0259r ba\u015fa d\u00fc\u015fm\u0259lidirl\u0259r ki, Az\u0259rbaycana qar\u015f\u0131 at\u0131lan h\u0259r bir add\u0131m\u0131n ac\u0131s\u0131n\u0131 Erm\u0259nistan \u00e7\u0259k\u0259c\u0259k.<\/p>\n\n\n\n<p><em><strong>Bu proses son n\u0259tic\u0259d\u0259 Rusiyan\u0131n Az\u0259rbaycandak\u0131 imicin\u0259 b\u00f6y\u00fck z\u0259rb\u0259 olacaq.<\/strong><\/em>(<strong>KONKRET.az<\/strong>)<\/p>\n","protected":false},"excerpt":{"rendered":"<p>Rusiya s\u00fclhm\u0259raml\u0131lar\u0131 t\u0259r\u0259find\u0259n Az\u0259rbaycan, Rusiya prezidentl\u0259ri v\u0259 Erm\u0259nistan\u0131n ba\u015f nazirinin 2020-ci il 10 noyabr tarixli birg\u0259 b\u0259yanat\u0131nda n\u0259z\u0259rd\u0259 tutulmu\u015f h\u00fcdudlar\u0131 a\u015fan yeni x\u0259rit\u0259 t\u0259qdim<\/p>\n","protected":false},"author":2,"featured_media":23320,"comment_status":"closed","ping_status":"closed","sticky":false,"template":"","format":"standard","meta":{"footnotes":""},"categories":[4],"tags":[],"class_list":["post-23317","post","type-post","status-publish","format-standard","has-post-thumbnail","hentry","category-qarabag"],"aioseo_notices":[],"_links":{"self":[{"href":"https:\/\/fedai.az\/index.php?rest_route=\/wp\/v2\/posts\/23317","targetHints":{"allow":["GET"]}}],"collection":[{"href":"https:\/\/fedai.az\/index.php?rest_route=\/wp\/v2\/posts"}],"about":[{"href":"https:\/\/fedai.az\/index.php?rest_route=\/wp\/v2\/types\/post"}],"author":[{"embeddable":true,"href":"https:\/\/fedai.az\/index.php?rest_route=\/wp\/v2\/users\/2"}],"replies":[{"embeddable":true,"href":"https:\/\/fedai.az\/index.php?rest_route=%2Fwp%2Fv2%2Fcomments&post=23317"}],"version-history":[{"count":1,"href":"https:\/\/fedai.az\/index.php?rest_route=\/wp\/v2\/posts\/23317\/revisions"}],"predecessor-version":[{"id":23321,"href":"https:\/\/fedai.az\/index.php?rest_route=\/wp\/v2\/posts\/23317\/revisions\/23321"}],"wp:featuredmedia":[{"embeddable":true,"href":"https:\/\/fedai.az\/index.php?rest_route=\/wp\/v2\/media\/23320"}],"wp:attachment":[{"href":"https:\/\/fedai.az\/index.php?rest_route=%2Fwp%2Fv2%2Fmedia&parent=23317"}],"wp:term":[{"taxonomy":"category","embeddable":true,"href":"https:\/\/fedai.az\/index.php?rest_route=%2Fwp%2Fv2%2Fcategories&post=23317"},{"taxonomy":"post_tag","embeddable":true,"href":"https:\/\/fedai.az\/index.php?rest_route=%2Fwp%2Fv2%2Ftags&post=23317"}],"curies":[{"name":"wp","href":"https:\/\/api.w.org\/{rel}","templated":true}]}}