{"id":23328,"date":"2020-12-14T02:44:12","date_gmt":"2020-12-13T22:44:12","guid":{"rendered":"https:\/\/fedai.az\/?p=23328"},"modified":"2020-12-14T02:44:13","modified_gmt":"2020-12-13T22:44:13","slug":"aleksandr-nevzorov-erm%c9%99nil%c9%99r%c9%99-bu-d%c9%99f%c9%99-basqasinin-%c9%99li-il%c9%99-qalib-g%c9%99lm%c9%99k-n%c9%99sib-olmadi","status":"publish","type":"post","link":"https:\/\/fedai.az\/?p=23328","title":{"rendered":"Aleksandr Nevzorov: \u201cErm\u0259nil\u0259r\u0259 bu d\u0259f\u0259 ba\u015fqas\u0131n\u0131n \u0259li il\u0259 qalib g\u0259lm\u0259k n\u0259sib olmad\u0131\u201d"},"content":{"rendered":"\n<blockquote class=\"wp-block-quote is-layout-flow wp-block-quote-is-layout-flow\"><p><strong>12 dekabrda Az\u0259rbaycanda\u00a0 \u00dcmummilli lider Heyd\u0259r \u018fliyevin v\u0259fat\u0131n\u0131n 17-ci ild\u00f6n\u00fcm\u00fc qeyd olundu. Heyd\u0259r \u018fliyev t\u0259kc\u0259 Az\u0259rbaycan\u0131n xilaskar\u0131 v\u0259 qurucusu deyil. Heyd\u0259r \u018fliyev vaxtil\u0259 Az\u0259rbaycanda pe\u015f\u0259kar ordunun qurulmas\u0131n\u0131n, pe\u015f\u0259kar kadrlarla t\u0259min edilm\u0259sinin v\u0259 m\u00fcasir silahlarla t\u0259chiz edilm\u0259sinin t\u0259m\u0259lini qoydu. N\u0259tic\u0259d\u0259 bu ordu ikinci Qaraba\u011f m\u00fcharib\u0259sind\u0259 qalib g\u0259ldi.<\/strong><\/p><\/blockquote>\n\n\n\n<p>2020-ci ilin pay\u0131z\u0131nda Erm\u0259nistan\u0131n \u0130kinci Qaraba\u011f m\u00fcharib\u0259sind\u0259ki m\u0259\u011flubiyy\u0259tinin \u0259sas s\u0259b\u0259bi g\u00fccl\u00fc Az\u0259rbaycan Ordusu il\u0259 \u00fczb\u0259\u00fcz qalmas\u0131 idi. He\u00e7 kim\u0259 sirr deyil ki, Birinci Qaraba\u011f m\u00fcharib\u0259si zaman\u0131 muzdlular Erm\u0259nistan t\u0259r\u0259find\u0259 vuru\u015fdular. Erm\u0259ni t\u0259r\u0259finin Da\u011fl\u0131q Qaraba\u011f \u0259traf\u0131ndak\u0131 yeddi b\u00f6lg\u0259nin i\u015f\u011fal etm\u0259sind\u0259 \u0259sas pay muzdlu \u0259sg\u0259rl\u0259r\u0259 m\u0259xsusdur. \u0130kinci Qaraba\u011f m\u00fcharib\u0259si zaman\u0131 Erm\u0259nistan r\u0259hb\u0259rliyi bu \u201c\u015f\u00fcca\u0259tl\u0259rinin\u201d t\u0259krarlanaca\u011f\u0131na \u00fcmid edirdi.&nbsp;<strong>Ancaq bu d\u0259f\u0259 erm\u0259nil\u0259r\u0259 ba\u015fqas\u0131n\u0131n \u0259li il\u0259 qazan\u0131lm\u0131\u015f sava\u015f v\u0259 sonra b\u00fct\u00fcn d\u00fcnyaya \u00f6z d\u00f6y\u00fc\u015fk\u0259nliyi v\u0259 yenilm\u0259zliyi bar\u0259d\u0259 dan\u0131\u015fmaq n\u0259sib olmad\u0131.<\/strong>&nbsp;Erm\u0259ni mill\u0259t\u00e7il\u0259ri \u00f6lk\u0259l\u0259rin\u0259, xalqlar\u0131na, m\u00fctt\u0259fiql\u0259rin\u0259 x\u0259yan\u0259t etdikd\u0259n sonra m\u0259lum oldu ki, \u00f6lk\u0259d\u0259 m\u00fcbariz\u0259 aparacaq he\u00e7 kim yoxdur. Bu pay\u0131z Erm\u0259nistan r\u0259hb\u0259rliyinin Rusiyan\u0131 m\u00fcharib\u0259y\u0259 c\u0259lb etm\u0259k \u00fc\u00e7\u00fcn b\u00fct\u00fcn c\u0259hdl\u0259rin\u0259 baxmayaraq, erm\u0259nil\u0259r Moskvan\u0131n \u0259dal\u0259tli m\u00f6vqeyi il\u0259 \u00fcz-\u00fcz\u0259 qald\u0131lar.<\/p>\n\n\n\n<figure class=\"wp-block-image size-large is-resized\"><img loading=\"lazy\" decoding=\"async\" src=\"https:\/\/fedai.az\/wp-content\/uploads\/2020\/12\/nvzr.jpg\" alt=\"\" class=\"wp-image-23329\" width=\"1009\" height=\"473\" srcset=\"https:\/\/fedai.az\/wp-content\/uploads\/2020\/12\/nvzr.jpg 836w, https:\/\/fedai.az\/wp-content\/uploads\/2020\/12\/nvzr-300x141.jpg 300w, https:\/\/fedai.az\/wp-content\/uploads\/2020\/12\/nvzr-150x70.jpg 150w, https:\/\/fedai.az\/wp-content\/uploads\/2020\/12\/nvzr-768x360.jpg 768w\" sizes=\"auto, (max-width: 1009px) 100vw, 1009px\" \/><\/figure>\n\n\n\n<p>Ancaq ilk Qaraba\u011f m\u00fcharib\u0259sini unutmamal\u0131y\u0131q. M\u0259n o zaman Rusiya televiziyalar\u0131n\u0131n \u0259sas reportyorlar\u0131ndan biri kimi tez-tez qaynar n\u00f6qt\u0259l\u0259rd\u0259 olurdum. \u0130ki d\u0259f\u0259 yaraland\u0131m, \u00fc\u00e7 d\u0259f\u0259 k\u00f6n\u00fcll\u00fc girova \u00e7evrildim. Qaraba\u011f m\u0259nim \u00fc\u00e7\u00fcn ilk m\u00fcharib\u0259 idi, ancaq sonuncu deyildi. Sonradan Viln\u00fcsd\u0259, Dnestryan\u0131da v\u0259 dig\u0259r qaynar n\u00f6qt\u0259l\u0259rd\u0259 oldum. Sovet v\u0259 rus \u0259sg\u0259rl\u0259ri haqq\u0131nda bir s\u0131ra m\u0259nz\u0259r\u0259l\u0259ri m\u00fc\u015fahid\u0259 etdim.<\/p>\n\n\n\n<p><strong>Birinci Qaraba\u011f m\u00fcharib\u0259sind\u0259n yadda\u015f\u0131mda \u00e7oxlu xatir\u0259l\u0259r qal\u0131b. M\u0259s\u0259l\u0259n, yad\u0131mdad\u0131r ki, Az\u0259rbaycanda Goranboy batalyonu bar\u0259d\u0259 s\u00fcjet haz\u0131rlay\u0131rd\u0131m. Bu g\u00fcn d\u0259 o g\u00fcnl\u0259rin q\u0259hr\u0259manlar\u0131n\u0131 b\u00f6y\u00fck ehtiramla xat\u0131rlay\u0131ram. Tan\u0131\u015f oldu\u011fum \u015f\u0259xs m\u0259nim bu h\u0259yatda g\u00f6rd\u00fcy\u00fcm \u0259n c\u0259sar\u0259tli adam idi. Ad\u0131 V\u0259zir idi. \u00c7irkli, siy\u0259n\u0259k qoxulu qal\u0131n g\u00f6d\u0259k\u00e7\u0259 geyinmi\u015f, g\u00f6r\u00fcn\u00fc\u015f\u00fcn\u0259 g\u00f6r\u0259 dig\u0259rl\u0259rind\u0259n he\u00e7 bir \u015f\u0259kild\u0259 f\u0259rql\u0259nm\u0259y\u0259n ortaboylu bir adam idi. Goranboy batalyonu m\u0259\u011flub olanda \u0259hali aras\u0131nda t\u0259\u015fvi\u015f yarand\u0131. C\u0259bh\u0259 x\u0259ttind\u0259n insanlar\u0131 aparma\u011fa g\u0259l\u0259n avtobuslar az oldu\u011fundan basabas d\u00fc\u015fd\u00fc. Bu zaman V\u0259zir \u201cUAZ\u201da minib onu i\u015f\u0259 sald\u0131 v\u0259 ham\u0131n\u0131n qa\u00e7d\u0131\u011f\u0131 yer\u0259 y\u00f6nl\u0259ndi. Ora c\u0259h\u0259nn\u0259mi xat\u0131rlad\u0131rd\u0131. Erm\u0259nil\u0259rin ir\u0259lil\u0259diyi h\u0259r yerd\u0259 h\u0259r \u015fey yand\u0131r\u0131l\u0131rd\u0131, partlad\u0131l\u0131rd\u0131. \u018ftraf meyitl\u0259rl\u0259 v\u0259 yaral\u0131larla dolu idi. M\u0259n V\u0259zirin niyy\u0259tini ba\u015fa d\u00fc\u015fd\u00fcm v\u0259 h\u0259y\u0259canla soru\u015fdum: \u201cD\u0259lis\u0259n?\u201d. Cavab verdi ki, \u201cOrda yaral\u0131lar var ax\u0131\u2026\u201d. Sonra birlikd\u0259 getdik. D\u00f6y\u00fc\u015f yerin\u0259 \u00e7atanda g\u00f6rd\u00fckl\u0259rimd\u0259n d\u0259h\u015f\u0259t\u0259 g\u0259ldim. M\u0259lum oldu ki, ir\u0259lil\u0259y\u0259n erm\u0259nil\u0259r deyil, erm\u0259nil\u0259rin pulla \u201cald\u0131qlar\u201d\u0131 Pskov desant\u00e7\u0131lar\u0131d\u0131r. Onlar V\u0259zirin \u201cUAZ\u201d\u0131n\u0131 da vurdular. Rus desant\u00e7\u0131lar\u0131 bizi ma\u015f\u0131ndan yer\u0259 endirdil\u0259r. \u0130st\u0259dil\u0259r ki, bizi g\u00fcll\u0259l\u0259sinl\u0259r. Ancaq Pskov desant\u00e7\u0131lar\u0131 m\u0259ni tan\u0131yaraq dedil\u0259r ki, \u201cYax\u015f\u0131, bizim t\u0259r\u0259fimiz\u0259 g\u0259lin\u201d. Bir rus h\u0259rb\u00e7i soru\u015fdu ki, b\u0259s bu az\u0259ri il\u0259 n\u0259 ed\u0259c\u0259yik? Cavab verdim ki, \u201cBurax\u0131n, qoyun getsin!\u201d.<\/strong><\/p>\n\n\n\n<p>M\u0259niml\u0259 raz\u0131la\u015fd\u0131lar, bir az\u0259rbaycanl\u0131n\u0131n indi qa\u00e7aca\u011f\u0131n\u0131 v\u0259 ona at\u0259\u015f ed\u0259c\u0259kl\u0259rini z\u0259nn etdim. Ancaq V\u0259zir qa\u00e7mad\u0131. Uzun m\u00fcdd\u0259t xarab olmu\u015f avtomobild\u0259 \u0259ll\u0259\u015fdi. N\u0259hay\u0259t, bir \u015fey al\u0131nmayaca\u011f\u0131n\u0131 g\u00f6r\u00fcb \u0259limi s\u0131xd\u0131. V\u0259 d\u00f6n\u00fcb uzaqla\u015fd\u0131. \u015eekspirin q\u0259hr\u0259manlar\u0131n\u0131n he\u00e7 birinin ged\u0259 bilm\u0259y\u0259c\u0259yi \u015f\u0259kild\u0259 getdi. He\u00e7 vaxt d\u00fc\u015fm\u0259nin qar\u015f\u0131s\u0131ndan qa\u00e7mayaca\u011f\u0131n\u0131 g\u00f6st\u0259r\u0259r\u0259k yeriyirdi. At\u0259\u015f s\u0259sl\u0259rini e\u015fid\u0259nd\u0259 bel\u0259 add\u0131m\u0131n\u0131 s\u00fcr\u0259tl\u0259ndirm\u0259di. Bunu g\u00f6r\u0259n rus desant\u00e7\u0131lar\u0131 havaya yayl\u0131m at\u0259\u015fi a\u00e7araq ona h\u0259rbi salam verdil\u0259r. G\u00f6zd\u0259n it\u0259n\u0259 q\u0259d\u0259r ham\u0131 onu heyranl\u0131qla izl\u0259di\u2026<\/p>\n\n\n\n<p>\u2026 Orucov V\u0259zir Surxay o\u011flu 26 dekabr 1956-c\u0131 ild\u0259 Az\u0259rbaycan\u0131n Da\u011fl\u0131q Qaraba\u011fla h\u0259ms\u0259rh\u0259d T\u0259rt\u0259r b\u00f6lg\u0259sind\u0259 anadan olub. 1949-cu ild\u0259 atas\u0131gil 150 min az\u0259rbaycanl\u0131 il\u0259 birlikd\u0259 ata-baba torpaqlar\u0131ndan \u2013 o vaxtlar Erm\u0259nistan SSR \u0259razisind\u0259 olan D\u0259r\u0259l\u0259y\u0259z b\u00f6lg\u0259sind\u0259n deportasiya edilmi\u015fdil\u0259r.<\/p>\n\n\n\n<p>Bu deportasiya \u00f6z\u00fc B\u00f6y\u00fck V\u0259t\u0259n m\u00fcharib\u0259sind\u0259ki&nbsp;q\u0259l\u0259b\u0259y\u0259 b\u00f6y\u00fck t\u00f6hf\u0259 ver\u0259n Az\u0259rbaycan xalq\u0131na qar\u015f\u0131 etnik z\u0259mind\u0259 i\u015fl\u0259nmi\u015f b\u00f6y\u00fck cinay\u0259t&nbsp;idi.&nbsp;&nbsp;Az\u0259rbaycan c\u0259bh\u0259nin \u0259sas neft v\u0259 neft m\u0259hsullar\u0131 t\u0259dar\u00fck\u00e7\u00fcs\u00fc idi (o d\u00f6vrd\u0259 SSR\u0130-d\u0259 istehsal olunan&nbsp;neft m\u0259hsullar\u0131n\u0131n&nbsp;\u00fcmumi h\u0259cminin&nbsp;90% -i). Bundan \u0259lav\u0259, 700 mind\u0259n \u00e7ox Az\u0259rbaycan \u0259sg\u0259ri c\u0259bh\u0259y\u0259 getdi, bunlar\u0131n yar\u0131s\u0131 q\u0259l\u0259b\u0259 \u00fc\u00e7\u00fcn canlar\u0131ndan ke\u00e7di.<\/p>\n\n\n\n<p>O&nbsp;zaman&nbsp;etnik motivli cinay\u0259tl\u0259rin miqyas\u0131 o q\u0259d\u0259r f\u0259lak\u0259tli n\u0259tic\u0259l\u0259r\u0259 g\u0259tirib \u00e7\u0131xard\u0131 ki, h\u0259tta B\u00f6y\u00fck V\u0259t\u0259n m\u00fcharib\u0259si d\u00f6vr\u00fcnd\u0259 Az\u0259rbaycan Kommunist Partiyas\u0131 M\u0259rk\u0259zi Komit\u0259sinin birinci katibi, Stalin v\u0259 Beriyan\u0131n dostu Mirc\u0259f\u0259r Ba\u011f\u0131rov m\u0259hk\u0259m\u0259 zaman\u0131 \u201cxalq\u0131 qar\u015f\u0131s\u0131nda o q\u0259d\u0259r g\u00fcnahkar oldu\u011funu\u201d s\u00f6yl\u0259di. \u00c7\u00fcnki onun&nbsp;az\u0259rbaycanl\u0131lar\u0131n ata-baba \u0259razil\u0259rind\u0259n qovulmas\u0131nda v\u0259 erm\u0259nil\u0259rin Yax\u0131n \u015e\u0259rqd\u0259n&nbsp;Az\u0259rbaycana&nbsp;k\u00f6\u00e7\u00fcr\u00fclm\u0259sind\u0259&nbsp;x\u00fcsusi xidm\u0259tl\u0259ri olmu\u015fdu.<\/p>\n\n\n\n<p>Az\u0259rbaycanl\u0131lar\u0131n qovulmas\u0131 v\u0259 \u201csoyq\u0131r\u0131m\u0131\u201d m\u00f6vzusu erm\u0259nil\u0259rin n\u0259inki t\u00fcrkl\u0259r\u0259 qar\u015f\u0131, eyni zamanda yax\u0131n qon\u015fu olan az\u0259rbaycanl\u0131lar\u0131n timsal\u0131nda yeni bir d\u00fc\u015fm\u0259n obraz\u0131n\u0131n yarad\u0131lmas\u0131nda x\u00fcsusi rol oynad\u0131. V\u0259 erm\u0259nil\u0259rin uzun ill\u0259r davam ed\u0259c\u0259k&nbsp;nifr\u0259tl\u0259rinin \u0259sas\u0131n\u0131 qoydu.<\/p>\n\n\n\n<figure class=\"wp-block-image size-large is-resized\"><img loading=\"lazy\" decoding=\"async\" src=\"https:\/\/fedai.az\/wp-content\/uploads\/2020\/12\/hqdefault-1.jpg\" alt=\"\" class=\"wp-image-23330\" width=\"1012\" height=\"759\" srcset=\"https:\/\/fedai.az\/wp-content\/uploads\/2020\/12\/hqdefault-1.jpg 480w, https:\/\/fedai.az\/wp-content\/uploads\/2020\/12\/hqdefault-1-300x225.jpg 300w, https:\/\/fedai.az\/wp-content\/uploads\/2020\/12\/hqdefault-1-150x113.jpg 150w\" sizes=\"auto, (max-width: 1012px) 100vw, 1012px\" \/><\/figure>\n\n\n\n<blockquote class=\"wp-block-quote is-layout-flow wp-block-quote-is-layout-flow\"><p><strong>M\u0259hz bel\u0259 x\u0259st\u0259 t\u0259x\u0259yy\u00fcll\u00fc erm\u0259nil\u0259rin h\u0259m Erm\u0259nistan daxilind\u0259, h\u0259m d\u0259 bu \u00f6lk\u0259nin s\u0259rh\u0259dl\u0259ri xaricind\u0259 h\u0259r zaman az\u0259ri qon\u015fular\u0131na qar\u015f\u0131 nifr\u0259t odunu alovland\u0131rd\u0131lar. Daha do\u011frusu, b\u00f6y\u00fck geopolitik oyunun ifa\u00e7\u0131lar\u0131\u00a0oldular. SSR\u0130-nin o zamank\u0131 r\u0259hb\u0259rliyi \u2013 Stalin, Mikoyan v\u0259 dig\u0259r \u201cistedadl\u0131 m\u00fct\u0259x\u0259ssisl\u0259r\u201d erm\u0259nil\u0259rd\u0259n h\u0259r zaman m\u0259qs\u0259dy\u00f6nl\u00fc \u015f\u0259kild\u0259 istifad\u0259 etdil\u0259r.<\/strong><\/p><\/blockquote>\n\n\n\n<p>Yeri g\u0259lmi\u015fk\u0259n bir fakt\u0131 deyim ki, Az\u0259rbaycan \u0259razisind\u0259 ya\u015fayan erm\u0259nil\u0259r anti-Az\u0259rbaycan t\u0259bli\u011fat\u0131n\u0131n apar\u0131ld\u0131\u011f\u0131 Erm\u0259nistan SSR-d\u0259 ya\u015fayan erm\u0259nil\u0259rd\u0259n ruhi c\u0259h\u0259td\u0259n \u00e7ox f\u0259rqli idil\u0259r.&nbsp;Amma zaman-zaman Da\u011fl\u0131q Qaraba\u011fdak\u0131 erm\u0259nil\u0259rin d\u0259 beyni z\u0259h\u0259rl\u0259ndi. V\u0259 x\u00fcsusil\u0259 1980-ci ill\u0259rin ikinci yar\u0131s\u0131nda, Mixail Qorba\u00e7ovun hakimiyy\u0259t\u0259 g\u0259li\u015find\u0259n sonra anti-Az\u0259rbaycan t\u0259bli\u011fat\u0131 g\u00fccl\u0259ndi. Qaraba\u011f adl\u0131 ki\u00e7ik bir \u0259razid\u0259 yeni bir geopolitik oyun ba\u015flad\u0131. T\u0259\u0259ss\u00fcf ki, o \u00e7irkin oyun bu g\u00fcn\u0259 q\u0259d\u0259r davam edir. Az\u0259rbaycanl\u0131lar onlara qar\u015f\u0131 erm\u0259nil\u0259rin m\u00fcnasib\u0259tl\u0259rd\u0259ki bu q\u0259d\u0259r d\u0259yi\u015fikliyi h\u0259l\u0259 uzun ill\u0259r anlaya v\u0259 q\u0259bul ed\u0259 bilm\u0259y\u0259c\u0259kl\u0259r. \u00c7\u00fcnki 1988-1989-cu ill\u0259rd\u0259 Erm\u0259nistandan az\u0259rbaycanl\u0131lar\u0131n k\u00fctl\u0259vi \u015f\u0259kild\u0259 qovulmas\u0131na q\u0259d\u0259r erm\u0259nil\u0259rl\u0259 dost xalq kimi, yax\u0131n qon\u015fu kimi ya\u015fay\u0131rd\u0131lar \u2026<\/p>\n\n\n\n<p>\u2026 1984-c\u00fc ild\u0259n V\u0259zir Orucov Arxangelskd\u0259 ya\u015fay\u0131b i\u015fl\u0259yirdi. 1992-ci ild\u0259 Qaraba\u011f u\u011frunda m\u00fcharib\u0259 ba\u015flayanda Az\u0259rbaycana qay\u0131td\u0131 v\u0259 4 may 1992-ci ild\u0259n etibar\u0259n q\u0259hr\u0259man T\u0259rt\u0259r batalyonunun t\u0259rkibind\u0259 Az\u0259rbaycan\u0131n q\u0259lbini i\u015f\u011fal\u00e7\u0131lardan qorudu. 1 sentyabr 1992-ci ild\u0259 V\u0259zir a\u011f\u0131r yaraland\u0131, lakin iki aydan sonra yenid\u0259n c\u0259bh\u0259y\u0259 qay\u0131td\u0131. Adi \u0259sg\u0259rd\u0259n T\u0259rt\u0259r batalyonunun komandir m\u00fcavini r\u00fctb\u0259sin\u0259 y\u00fcks\u0259ldi, S\u0259rs\u0259ng, \u00c7\u0131ld\u0131ran v\u0259 Qaraba\u011f\u0131n dig\u0259r \u0259razil\u0259ri u\u011frunda d\u00f6y\u00fc\u015fl\u0259rd\u0259 i\u015ftirak etdi. 22 mart 1993-c\u00fc ild\u0259 Qaraba\u011f u\u011frunda A\u011fd\u0259r\u0259d\u0259ki d\u00f6y\u00fc\u015fl\u0259rd\u0259 q\u0259hr\u0259manl\u0131qla h\u0259lak oldu. \u201cYadda\u015f\u201d m\u0259nas\u0131n\u0131 ver\u0259n Yadigar adl\u0131 bir h\u0259yat yolda\u015f\u0131 v\u0259 bir o\u011flu qal\u0131b. V\u0259zir Orucov Bak\u0131dak\u0131&nbsp;\u015e\u0259hidl\u0259r&nbsp;Xiyaban\u0131nda d\u0259fn edildi. Az\u0259rbaycan Prezidentinin 27 mart 1993-c\u00fc il tarixli f\u0259rman\u0131 il\u0259 ona Az\u0259rbaycan\u0131n Milli Q\u0259hr\u0259man\u0131 ad\u0131 verildi.<\/p>\n\n\n\n<p>Onun v\u0259 Qaraba\u011f u\u011frunda canlar\u0131ndan ke\u00e7mi\u015f on minl\u0259rl\u0259 bu c\u00fcr q\u0259hr\u0259man\u0131n \u015f\u00fcca\u0259ti n\u0259tic\u0259d\u0259 Az\u0259rbaycan\u0131n \u0259razi b\u00fct\u00f6vl\u00fcy\u00fcn\u00fcn b\u0259rpas\u0131na g\u0259tirib \u00e7\u0131xard\u0131. Dekabr\u0131n 10-da b\u00fct\u00fcn az\u0259rbaycanl\u0131lar bunu \u201cZ\u0259f\u0259r\u201d parad\u0131 il\u0259 qeyd etdil\u0259r. Y\u0259qin h\u0259min g\u00fcn V\u0259zirin d\u0259 ruhu \u015fad oldu\u2026<\/p>\n\n\n\n<p><strong>Aleksandr Nevzorov \u2013 rejissor, senarist, prod\u00fcser, siyas\u0259t\u00e7i, d\u00f6rd \u00e7a\u011f\u0131r\u0131\u015f D\u00f6vl\u0259t Dumas\u0131n\u0131n deputat\u0131.<\/strong><\/p>\n\n\n\n<p><strong>T\u0259rc\u00fcm\u0259 etdi: Surxay Ataki\u015fiyev,<\/strong> <strong>KONKRET.az<\/strong><\/p>\n","protected":false},"excerpt":{"rendered":"<p>12 dekabrda Az\u0259rbaycanda\u00a0 \u00dcmummilli lider Heyd\u0259r \u018fliyevin v\u0259fat\u0131n\u0131n 17-ci ild\u00f6n\u00fcm\u00fc qeyd olundu. Heyd\u0259r \u018fliyev t\u0259kc\u0259 Az\u0259rbaycan\u0131n xilaskar\u0131 v\u0259 qurucusu deyil. Heyd\u0259r \u018fliyev vaxtil\u0259 Az\u0259rbaycanda<\/p>\n","protected":false},"author":2,"featured_media":23331,"comment_status":"closed","ping_status":"closed","sticky":false,"template":"","format":"standard","meta":{"footnotes":""},"categories":[4],"tags":[],"class_list":["post-23328","post","type-post","status-publish","format-standard","has-post-thumbnail","hentry","category-qarabag"],"aioseo_notices":[],"_links":{"self":[{"href":"https:\/\/fedai.az\/index.php?rest_route=\/wp\/v2\/posts\/23328","targetHints":{"allow":["GET"]}}],"collection":[{"href":"https:\/\/fedai.az\/index.php?rest_route=\/wp\/v2\/posts"}],"about":[{"href":"https:\/\/fedai.az\/index.php?rest_route=\/wp\/v2\/types\/post"}],"author":[{"embeddable":true,"href":"https:\/\/fedai.az\/index.php?rest_route=\/wp\/v2\/users\/2"}],"replies":[{"embeddable":true,"href":"https:\/\/fedai.az\/index.php?rest_route=%2Fwp%2Fv2%2Fcomments&post=23328"}],"version-history":[{"count":1,"href":"https:\/\/fedai.az\/index.php?rest_route=\/wp\/v2\/posts\/23328\/revisions"}],"predecessor-version":[{"id":23332,"href":"https:\/\/fedai.az\/index.php?rest_route=\/wp\/v2\/posts\/23328\/revisions\/23332"}],"wp:featuredmedia":[{"embeddable":true,"href":"https:\/\/fedai.az\/index.php?rest_route=\/wp\/v2\/media\/23331"}],"wp:attachment":[{"href":"https:\/\/fedai.az\/index.php?rest_route=%2Fwp%2Fv2%2Fmedia&parent=23328"}],"wp:term":[{"taxonomy":"category","embeddable":true,"href":"https:\/\/fedai.az\/index.php?rest_route=%2Fwp%2Fv2%2Fcategories&post=23328"},{"taxonomy":"post_tag","embeddable":true,"href":"https:\/\/fedai.az\/index.php?rest_route=%2Fwp%2Fv2%2Ftags&post=23328"}],"curies":[{"name":"wp","href":"https:\/\/api.w.org\/{rel}","templated":true}]}}