{"id":2426,"date":"2020-03-13T00:23:01","date_gmt":"2020-03-12T20:23:01","guid":{"rendered":"http:\/\/fedai.az\/?p=2426"},"modified":"2020-03-13T00:23:07","modified_gmt":"2020-03-12T20:23:07","slug":"az%c9%99rbaycanda-koronavirusdan-ilk-olum-51-yasli-qadin-v%c9%99fat-etdi-r%c9%99smi","status":"publish","type":"post","link":"https:\/\/fedai.az\/?p=2426","title":{"rendered":"Az\u0259rbaycanda koronavirusdan ilk \u00f6l\u00fcm &#8212; 51 ya\u015fl\u0131 qad\u0131n v\u0259fat etdi &#8212; R\u0259smi"},"content":{"rendered":"\n<p> \u0130ran \u0130slam Respublikas\u0131nda m\u00fcalic\u0259 olunduqdan sonra qay\u0131dan Az\u0259rbaycan Respublikas\u0131n\u0131n v\u0259t\u0259nda\u015f\u0131, 1969-cu il t\u0259v\u0259ll\u00fcdl\u00fc qad\u0131n\u0131n s\u0259hh\u0259tind\u0259ki xroniki probleml\u0259r davam etdiyind\u0259n x\u0259st\u0259xanaya m\u00fcraci\u0259t edib. M\u00fcayin\u0259l\u0259r zaman\u0131 onda a\u011f\u0131r autoimmun x\u0259st\u0259lik olan q\u0131rm\u0131z\u0131 qurde\u015f\u0259n\u0259yi (Sistemik Lupus Eritematozus), 4-c\u00fc sinif lupus nefriti v\u0259 xroniki b\u00f6yr\u0259k \u00e7at\u0131\u015fmazl\u0131\u011f\u0131n\u0131n son m\u0259rh\u0259l\u0259si oldu\u011fu m\u00fc\u0259yy\u0259n edilib.<\/p>\n\n\n\n<p> A\u011f\u0131r gedi\u015fli autoimmun x\u0259st\u0259lik fonunda x\u0259st\u0259d\u0259 ciddi a\u011fciy\u0259r z\u0259d\u0259l\u0259nm\u0259si v\u0259 buna ba\u011fl\u0131 t\u0259n\u0259ff\u00fcs \u00e7at\u0131\u015fmazl\u0131\u011f\u0131, h\u0259m\u00e7inin y\u00fcks\u0259k dozal\u0131 steroid v\u0259 kimy\u0259vi d\u0259rman m\u00fcalic\u0259si fonunda ciddi immun yetm\u0259zlik a\u015fkar olunub.\u00a0\u00a0<\/p>\n\n\n\n<p><strong>EDNews<\/strong>\u00a0x\u0259b\u0259r verir ki, bununla ba\u011fl\u0131 Nazirl\u0259r Kabinetinin yan\u0131nda operativ q\u0259rargah m\u0259lumat yay\u0131b.\u00a0<\/p>\n\n\n\n<p>\u00a0Eyni zamanda, h\u0259min \u015f\u0259xsin koronavirus infeksiyas\u0131na yoluxdu\u011fu m\u00fc\u0259yy\u0259n olunub. X\u0259st\u0259 x\u00fcsusi rejimli x\u0259st\u0259xanaya yerl\u0259\u015fdirilmi\u015f, onun v\u0259ziyy\u0259ti n\u0259zar\u0259t\u0259 g\u00f6t\u00fcr\u00fcl\u00fcb v\u0259 intensiv m\u00fcalic\u0259 t\u0259dbirl\u0259rinin h\u0259yata ke\u00e7irilm\u0259si davam etdirilib. B\u00fct\u00fcn s\u0259yl\u0259r\u0259 baxmayaraq h\u0259min \u015f\u0259xsin a\u011f\u0131r autoimmun x\u0259st\u0259liyin\u0259 ba\u011fl\u0131 xroniki a\u011f\u0131rla\u015fmalar\u0131 d\u0259rinl\u0259\u015fib , \u00e7oxsayl\u0131 orqan \u00e7at\u0131\u015fmazl\u0131\u011f\u0131 inki\u015faf etmi\u015f, onun h\u0259yat\u0131n\u0131 xilas etm\u0259k m\u00fcmk\u00fcn olmay\u0131b.<\/p>\n\n\n\n<p>\u00a0\u00a0X\u0259st\u0259nin \u00fcnsiyy\u0259td\u0259 oldu\u011fu ail\u0259 \u00fczvl\u0259ri v\u0259 dig\u0259r \u015f\u0259xsl\u0259r m\u00fc\u0259yy\u0259n edilib, onlar karantin\u0259 g\u00f6t\u00fcr\u00fcl\u00fcb.\u00a0\u00a0\u00a0<\/p>\n\n\n\n<p>Qeyd edilir ki, \u00dcmumd\u00fcnya S\u0259hiyy\u0259 T\u0259\u015fkilat\u0131 koronavirus (COVID-19) x\u0259st\u0259liyinin d\u00fcnyada yay\u0131lmas\u0131n\u0131n pandemiya xarakteri ald\u0131\u011f\u0131n\u0131 elan edib. 12 mart tarixin\u0259 olan m\u0259lumata g\u00f6r\u0259, d\u00fcnyada 129.185 n\u0259f\u0259r koronavirusa yoluxub v\u0259 bu x\u0259st\u0259liyin \u0259hat\u0259 dair\u0259si, yoluxma tendensiyas\u0131 geni\u015fl\u0259nm\u0259kd\u0259dir. Virusa qar\u015f\u0131 profilaktik t\u0259dbirl\u0259r \u00e7\u0259r\u00e7iv\u0259sind\u0259 bir \u00e7ox d\u00f6vl\u0259tl\u0259r risk \u00f6lk\u0259l\u0259ri il\u0259 s\u0259rh\u0259dl\u0259ri ba\u011flay\u0131r, avia reysl\u0259ri t\u0259xir\u0259 sal\u0131r.<\/p>\n\n\n\n<p>\u00a0Q\u0259rargah t\u0259r\u0259find\u0259n \u0259vv\u0259ll\u0259r d\u0259 b\u0259yan edildiyi kimi, \u00fcr\u0259k-damar, el\u0259c\u0259 d\u0259 xroniki x\u0259st\u0259likl\u0259ri olanlar, yuxar\u0131 ya\u015f kateqoriyas\u0131na aid \u015f\u0259xsl\u0259r virusa qar\u015f\u0131 profilaktik t\u0259dbirl\u0259ri daha da g\u00fccl\u0259ndirm\u0259lidir.\u00a0\u00a0<\/p>\n\n\n\n<p>Bir daha v\u0259t\u0259nda\u015flar \u00dcmumd\u00fcnya S\u0259hiyy\u0259 T\u0259\u015fkilat\u0131 v\u0259 operativ q\u0259rargah\u0131n virusa qar\u015f\u0131 profilaktik t\u0259dbirl\u0259r \u00e7\u0259r\u00e7iv\u0259sind\u0259ki t\u00f6vsiy\u0259l\u0259rin\u0259 ciddi riay\u0259t etm\u0259y\u0259, insanlar\u0131n k\u00fctl\u0259vi topla\u015fd\u0131\u011f\u0131 yerl\u0259rd\u0259n uzaq durma\u011fa,\u00a0 tibbi-profilaktik v\u0259 dezinfeksiya qaydalar\u0131na \u0259m\u0259l etm\u0259y\u0259 \u00e7a\u011f\u0131r\u0131l\u0131b.\u00a0 <\/p>\n","protected":false},"excerpt":{"rendered":"<p>\u0130ran \u0130slam Respublikas\u0131nda m\u00fcalic\u0259 olunduqdan sonra qay\u0131dan Az\u0259rbaycan Respublikas\u0131n\u0131n v\u0259t\u0259nda\u015f\u0131, 1969-cu il t\u0259v\u0259ll\u00fcdl\u00fc qad\u0131n\u0131n s\u0259hh\u0259tind\u0259ki xroniki probleml\u0259r davam etdiyind\u0259n x\u0259st\u0259xanaya m\u00fcraci\u0259t edib. M\u00fcayin\u0259l\u0259r zaman\u0131<\/p>\n","protected":false},"author":2,"featured_media":0,"comment_status":"closed","ping_status":"closed","sticky":false,"template":"","format":"standard","meta":{"footnotes":""},"categories":[3],"tags":[],"class_list":["post-2426","post","type-post","status-publish","format-standard","hentry","category-gundm"],"aioseo_notices":[],"_links":{"self":[{"href":"https:\/\/fedai.az\/index.php?rest_route=\/wp\/v2\/posts\/2426","targetHints":{"allow":["GET"]}}],"collection":[{"href":"https:\/\/fedai.az\/index.php?rest_route=\/wp\/v2\/posts"}],"about":[{"href":"https:\/\/fedai.az\/index.php?rest_route=\/wp\/v2\/types\/post"}],"author":[{"embeddable":true,"href":"https:\/\/fedai.az\/index.php?rest_route=\/wp\/v2\/users\/2"}],"replies":[{"embeddable":true,"href":"https:\/\/fedai.az\/index.php?rest_route=%2Fwp%2Fv2%2Fcomments&post=2426"}],"version-history":[{"count":1,"href":"https:\/\/fedai.az\/index.php?rest_route=\/wp\/v2\/posts\/2426\/revisions"}],"predecessor-version":[{"id":2428,"href":"https:\/\/fedai.az\/index.php?rest_route=\/wp\/v2\/posts\/2426\/revisions\/2428"}],"wp:attachment":[{"href":"https:\/\/fedai.az\/index.php?rest_route=%2Fwp%2Fv2%2Fmedia&parent=2426"}],"wp:term":[{"taxonomy":"category","embeddable":true,"href":"https:\/\/fedai.az\/index.php?rest_route=%2Fwp%2Fv2%2Fcategories&post=2426"},{"taxonomy":"post_tag","embeddable":true,"href":"https:\/\/fedai.az\/index.php?rest_route=%2Fwp%2Fv2%2Ftags&post=2426"}],"curies":[{"name":"wp","href":"https:\/\/api.w.org\/{rel}","templated":true}]}}