{"id":24386,"date":"2020-12-25T00:27:59","date_gmt":"2020-12-24T20:27:59","guid":{"rendered":"https:\/\/fedai.az\/?p=24386"},"modified":"2020-12-25T00:28:01","modified_gmt":"2020-12-24T20:28:01","slug":"190-manat-bu-tarixd%c9%99n-veril%c9%99c%c9%99k-r%c9%99smi","status":"publish","type":"post","link":"https:\/\/fedai.az\/?p=24386","title":{"rendered":"190 manat bu tarixd\u0259n veril\u0259c\u0259k &#8212; R\u018fSM\u0130"},"content":{"rendered":"\n<p><strong>Nazirl\u0259r Kabineti Az\u0259rbaycan Respublikas\u0131n\u0131n \u0259razisind\u0259 koronavirus (COVID-19) pandemiyas\u0131 d\u00f6vr\u00fcnd\u0259 x\u00fcsusi karantin rejiminin t\u0259tbiq olunmas\u0131 il\u0259 \u0259laq\u0259dar 190 manat m\u0259bl\u0259\u011find\u0259 bird\u0259f\u0259lik \u00f6d\u0259m\u0259nin verilm\u0259si haqq\u0131nda q\u0259rar q\u0259bul edib.<\/strong><\/p>\n\n\n\n<p>\u018fm\u0259k v\u0259 \u018fhalinin Sosial M\u00fcdafi\u0259si Nazirliyi v\u0259 Maliyy\u0259 Nazirliyi q\u0259rardan ir\u0259li g\u0259l\u0259n m\u0259s\u0259l\u0259l\u0259ri h\u0259ll ed\u0259c\u0259kl\u0259r.<\/p>\n\n\n\n<p>190 manat bird\u0259f\u0259lik maddi yard\u0131m\u0131n hans\u0131 zamandan \u00f6d\u0259nilm\u0259y\u0259 ba\u015flayaca\u011f\u0131 b\u00f6y\u00fck maraqla qar\u015f\u0131lan\u0131r.\u00a0Bu m\u0259qs\u0259dl\u0259 \u018fm\u0259k v\u0259 \u018fhalinin Sosial M\u00fcdafi\u0259si Nazirliyi yan\u0131nda D\u00f6vl\u0259t M\u0259\u015f\u011fulluq Xidm\u0259ti il\u0259 \u0259laq\u0259 saxlay\u0131b.<\/p>\n\n\n\n<p>Qurumun m\u0259tbuat katibi \u018fsm\u0259r N\u0259cm\u0259ddinq\u0131z\u0131 bildirib ki, art\u0131q i\u015fl\u0259r\u0259 ba\u015flan\u0131l\u0131b, haz\u0131rda qeydiyyatdan ke\u00e7\u0259n \u015f\u0259xsl\u0259rin yoxlan\u0131lmas\u0131 apar\u0131l\u0131r:<\/p>\n\n\n\n<p>&#171;Yoxlamalar sona \u00e7atd\u0131qdan sonra siyah\u0131 tam t\u0259rtib olunacaq. Daha sonra siyah\u0131 banklara g\u00f6nd\u0259ril\u0259c\u0259k ki, v\u0259t\u0259nda\u015flar\u0131n kart hesablar\u0131na h\u0259min v\u0259saitl\u0259r y\u00fckl\u0259nsin. Bu prosesin \u0259n q\u0131sa zamanda yekunla\u015fd\u0131r\u0131lmas\u0131 planla\u015fd\u0131r\u0131l\u0131r&#187;.<\/p>\n\n\n\n<p>A\u00e7\u0131qlamadan ayd\u0131n olur ki, 190 manatlar\u0131n verilm\u0259si il\u0259 ba\u011fl\u0131 Nazirl\u0259r Kabinetinin q\u0259rar\u0131ndan sonra\u00a02-3 g\u00fcn m\u00fcdd\u0259tind\u0259 yoxlamalar\u0131n apar\u0131laca\u011f\u0131\u00a0bildirmi\u015fdi. Bel\u0259 \u00e7\u0131x\u0131r ki, \u00f6d\u0259ni\u015fl\u0259r\u0259 dekabr\u0131n 27-28-d\u0259n sonra ba\u015flan\u0131lacaq.\u00a0\u00a0<\/p>\n","protected":false},"excerpt":{"rendered":"<p>Nazirl\u0259r Kabineti Az\u0259rbaycan Respublikas\u0131n\u0131n \u0259razisind\u0259 koronavirus (COVID-19) pandemiyas\u0131 d\u00f6vr\u00fcnd\u0259 x\u00fcsusi karantin rejiminin t\u0259tbiq olunmas\u0131 il\u0259 \u0259laq\u0259dar 190 manat m\u0259bl\u0259\u011find\u0259 bird\u0259f\u0259lik \u00f6d\u0259m\u0259nin verilm\u0259si haqq\u0131nda q\u0259rar<\/p>\n","protected":false},"author":2,"featured_media":24387,"comment_status":"closed","ping_status":"closed","sticky":false,"template":"","format":"standard","meta":{"footnotes":""},"categories":[12],"tags":[],"class_list":["post-24386","post","type-post","status-publish","format-standard","has-post-thumbnail","hentry","category-sosial"],"aioseo_notices":[],"_links":{"self":[{"href":"https:\/\/fedai.az\/index.php?rest_route=\/wp\/v2\/posts\/24386","targetHints":{"allow":["GET"]}}],"collection":[{"href":"https:\/\/fedai.az\/index.php?rest_route=\/wp\/v2\/posts"}],"about":[{"href":"https:\/\/fedai.az\/index.php?rest_route=\/wp\/v2\/types\/post"}],"author":[{"embeddable":true,"href":"https:\/\/fedai.az\/index.php?rest_route=\/wp\/v2\/users\/2"}],"replies":[{"embeddable":true,"href":"https:\/\/fedai.az\/index.php?rest_route=%2Fwp%2Fv2%2Fcomments&post=24386"}],"version-history":[{"count":1,"href":"https:\/\/fedai.az\/index.php?rest_route=\/wp\/v2\/posts\/24386\/revisions"}],"predecessor-version":[{"id":24388,"href":"https:\/\/fedai.az\/index.php?rest_route=\/wp\/v2\/posts\/24386\/revisions\/24388"}],"wp:featuredmedia":[{"embeddable":true,"href":"https:\/\/fedai.az\/index.php?rest_route=\/wp\/v2\/media\/24387"}],"wp:attachment":[{"href":"https:\/\/fedai.az\/index.php?rest_route=%2Fwp%2Fv2%2Fmedia&parent=24386"}],"wp:term":[{"taxonomy":"category","embeddable":true,"href":"https:\/\/fedai.az\/index.php?rest_route=%2Fwp%2Fv2%2Fcategories&post=24386"},{"taxonomy":"post_tag","embeddable":true,"href":"https:\/\/fedai.az\/index.php?rest_route=%2Fwp%2Fv2%2Ftags&post=24386"}],"curies":[{"name":"wp","href":"https:\/\/api.w.org\/{rel}","templated":true}]}}