{"id":24467,"date":"2020-12-25T14:35:01","date_gmt":"2020-12-25T10:35:01","guid":{"rendered":"https:\/\/fedai.az\/?p=24467"},"modified":"2020-12-25T14:35:18","modified_gmt":"2020-12-25T10:35:18","slug":"haaqa-m%c9%99hk%c9%99m%c9%99si-erm%c9%99nistanin-h%c9%99rbi-cinay%c9%99tl%c9%99ri-il%c9%99-bagli-m%c9%99s%c9%99l%c9%99ni-arasdirir","status":"publish","type":"post","link":"https:\/\/fedai.az\/?p=24467","title":{"rendered":"Haaqa M\u0259hk\u0259m\u0259si Erm\u0259nistan\u0131n h\u0259rbi cinay\u0259tl\u0259ri il\u0259 ba\u011fl\u0131 m\u0259s\u0259l\u0259ni ara\u015fd\u0131r\u0131r"},"content":{"rendered":"\n<p><strong>Az\u0259rbaycan Milli M\u0259clisinin \u0130nsan h\u00fcquqlar\u0131 komit\u0259sinin \u0130kinci Qaraba\u011f m\u00fcharib\u0259si d\u00f6vr\u00fcnd\u0259 Erm\u0259nistan\u0131n t\u00f6r\u0259tdiyi h\u0259rbi cinay\u0259tl\u0259rl\u0259 ba\u011fl\u0131 m\u00fcraci\u0259ti, Haaqada yerl\u0259\u015f\u0259n Beyn\u0259lxalq Cinay\u0259t M\u0259hk\u0259m\u0259sinin Prokurorluq idar\u0259si t\u0259r\u0259find\u0259n cavabland\u0131r\u0131l\u0131b.<\/strong><\/p>\n\n\n\n<p>Komit\u0259 Da\u011fl\u0131q Qaraba\u011f v\u0259 \u0259traf rayonlarda Erm\u0259nistan ordusu t\u0259r\u0259find\u0259n ba\u015flanm\u0131\u015f h\u0259rbi t\u0259xribatlara cavab olaraq, geni\u015fmiqyas\u0131 h\u0259rbi \u0259m\u0259liyyatlarla ba\u015flan\u0131lan 27 sentyabr tarixind\u0259n, d\u00fcnya \u00f6lk\u0259l\u0259rinin parlamentl\u0259rin\u0259, beyn\u0259lxalq t\u0259\u015fkilatlara v\u0259 beyn\u0259lxalq qeyri-h\u00f6kum\u0259t t\u0259\u015fkilatlar\u0131na Erm\u0259nistan\u0131n m\u00fcharib\u0259 cinay\u0259tl\u0259ri haqda d\u0259f\u0259l\u0259rl\u0259 m\u00fcraci\u0259t v\u0259 b\u0259yanatlar \u00fcnvanlay\u0131b.<\/p>\n\n\n\n<p>B\u0259yanatlarda Erm\u0259nistan\u0131n m\u00fcharib\u0259 v\u0259 insanl\u0131q \u0259leyhin\u0259 cinay\u0259tl\u0259ri, G\u0259nc\u0259 v\u0259 B\u0259rd\u0259d\u0259 m\u00fclki \u0259halinin ballistik raket h\u00fccumlar\u0131na m\u0259ruz qalmas\u0131, m\u00fclki v\u0259t\u0259nda\u015flar\u0131n h\u0259lak olmas\u0131, \u00e7oxsayl\u0131 dinc \u0259halinin yaralanmas\u0131, minl\u0259rl\u0259 evin da\u011f\u0131d\u0131lmas\u0131 v\u0259 \u0259mlaka ziyan vurulmas\u0131, Erm\u0259nistan t\u0259r\u0259find\u0259n \u0259sir g\u00f6t\u00fcr\u00fcl\u0259n Az\u0259rbaycan h\u0259rb\u00e7il\u0259ri il\u0259 qeyri-insan\u0131 r\u0259fdar, i\u015fg\u0259nc\u0259 faktlar\u0131 v\u0259 s. haqda aidiyy\u0259tli beyn\u0259lxalq t\u0259\u015fkilatlara t\u0259f\u0259rr\u00fcatl\u0131, fakt v\u0259 r\u0259q\u0259ml\u0259r\u0259 \u0259saslanan m\u0259lumatlar t\u0259qdim edilib.<\/p>\n\n\n\n<p>H\u0259min t\u0259\u015fkilatlar s\u0131ras\u0131nda &#8212; Beyn\u0259lxalq Cinay\u0259t M\u0259hk\u0259m\u0259si, BMT-nin \u0130nsan Haqlar\u0131 Komit\u0259si, Avropa \u0130nsan H\u00fcquqlar\u0131 M\u0259hk\u0259m\u0259sin\u0259, Avropa \u015euras\u0131n\u0131n \u0130nsan H\u00fcquqlar\u0131 Komit\u0259si, Beyn\u0259lxalq Q\u0131rm\u0131z\u0131 Xa\u00e7 Komit\u0259si v\u0259 s.beyn\u0259lxalq insan h\u00fcquqlar\u0131 t\u0259\u015fkilatlar\u0131 yer al\u0131b.<\/p>\n\n\n\n<p>M\u00fcraci\u0259tl\u0259rd\u0259 Erm\u0259nistan\u0131n Cenevr\u0259 Konvensiyas\u0131 v\u0259 beyn\u0259lxalq humanitar h\u00fcququn kobudcas\u0131na pozmas\u0131 faktlarla \u0259sasland\u0131r\u0131l\u0131b. Erm\u0259nil\u0259rin h\u0259rbi cinay\u0259tl\u0259rinin beyn\u0259lxalq h\u00fcquq \u0259sas\u0131nda \u0259n ciddi \u015f\u0259kild\u0259 ara\u015fd\u0131r\u0131lmas\u0131 y\u00f6n\u00fcnd\u0259 m\u00fcvafiq beyn\u0259lxalq qurumlar\u0131n b\u00fct\u00fcn s\u0259yl\u0259rini ortaya qoymas\u0131 t\u0259l\u0259b edilib.<\/p>\n\n\n\n<p>M\u00fcraci\u0259tl\u0259rd\u0259 h\u0259m\u00e7inin, Komit\u0259 t\u0259r\u0259find\u0259n Az\u0259rbaycanda m\u00fcvafiq strukturlar\u0131n, h\u00fcquq-m\u00fchafiz\u0259 orqanlar\u0131n\u0131n Erm\u0259nistan\u0131n h\u0259rbi cinay\u0259tl\u0259ri il\u0259 ba\u011fl\u0131 \u0259ld\u0259 etdiyi faktlar, s\u0259n\u0259dl\u0259r v\u0259 s\u00fcbutlar\u0131n Beyn\u0259lxalq Cinay\u0259t M\u0259hk\u0259m\u0259sin\u0259 t\u0259qdim edil\u0259c\u0259yi d\u0259 ifad\u0259 edilib.<\/p>\n\n\n\n<p><strong>Virtualaz.org<\/strong>&nbsp;bildirir ki, bu g\u00fcnl\u0259rd\u0259, m\u0259nzil q\u0259rargah\u0131 Haaqada yerl\u0259\u015f\u0259n Beyn\u0259lxalq Cinay\u0259t M\u0259hk\u0259m\u0259si (BCM) Prokurorluq idar\u0259sinin \u201cM\u0259lumat v\u0259 S\u00fcbutlar \u015e\u00f6b\u0259sinin\u201d m\u00fcdiri Mark Dilon t\u0259r\u0259find\u0259n, Milli M\u0259clisin \u0130nsan h\u00fcquqlar\u0131 komit\u0259sinin s\u0259dri Zahid Oruca cavab m\u0259ktubu g\u00f6nd\u0259rilib.<\/p>\n\n\n\n<p><strong>M\u0259ktubda Mark Dilon Az\u0259rbaycandan daxil olan s\u0259n\u0259di ald\u0131qlar\u0131n\u0131 t\u0259sdiq ed\u0259r\u0259k, onun bax\u0131lmas\u0131 \u00fc\u00e7\u00fcn Beyn\u0259lxalq Cinay\u0259t M\u0259hk\u0259m\u0259snin Prokurorluq idar\u0259sinin kommunkasiya reyestrin\u0259 daxil edildiyini bildirib. S\u0259n\u0259d\u0259, Beyn\u0259lxalq Cinay\u0259t M\u0259hk\u0259m\u0259sinin Roma Statutunun (\u018fsasnam\u0259sinin) m\u00fcdd\u0259alar\u0131na uy\u011fun olaraq, m\u00fcvafiq qaydada bax\u0131laca\u011f\u0131 vur\u011fulan\u0131b. S\u0259n\u0259d\u0259 bax\u0131l\u0131b m\u00fcvafiq q\u0259rar \u00e7\u0131xar\u0131ld\u0131\u011f\u0131 zaman, yaz\u0131l\u0131 olaraq q\u0259rarla ba\u011fl\u0131 Az\u0259rbaycan parlamentinin \u0130nsan h\u00fcquqlar\u0131 komit\u0259sinin s\u0259drinin m\u0259lumatland\u0131r\u0131laca\u011f\u0131 da qeyd edilib.<\/strong><\/p>\n","protected":false},"excerpt":{"rendered":"<p>Az\u0259rbaycan Milli M\u0259clisinin \u0130nsan h\u00fcquqlar\u0131 komit\u0259sinin \u0130kinci Qaraba\u011f m\u00fcharib\u0259si d\u00f6vr\u00fcnd\u0259 Erm\u0259nistan\u0131n t\u00f6r\u0259tdiyi h\u0259rbi cinay\u0259tl\u0259rl\u0259 ba\u011fl\u0131 m\u00fcraci\u0259ti, Haaqada yerl\u0259\u015f\u0259n Beyn\u0259lxalq Cinay\u0259t M\u0259hk\u0259m\u0259sinin Prokurorluq idar\u0259si t\u0259r\u0259find\u0259n<\/p>\n","protected":false},"author":2,"featured_media":24468,"comment_status":"closed","ping_status":"closed","sticky":false,"template":"","format":"standard","meta":{"footnotes":""},"categories":[3],"tags":[],"class_list":["post-24467","post","type-post","status-publish","format-standard","has-post-thumbnail","hentry","category-gundm"],"aioseo_notices":[],"_links":{"self":[{"href":"https:\/\/fedai.az\/index.php?rest_route=\/wp\/v2\/posts\/24467","targetHints":{"allow":["GET"]}}],"collection":[{"href":"https:\/\/fedai.az\/index.php?rest_route=\/wp\/v2\/posts"}],"about":[{"href":"https:\/\/fedai.az\/index.php?rest_route=\/wp\/v2\/types\/post"}],"author":[{"embeddable":true,"href":"https:\/\/fedai.az\/index.php?rest_route=\/wp\/v2\/users\/2"}],"replies":[{"embeddable":true,"href":"https:\/\/fedai.az\/index.php?rest_route=%2Fwp%2Fv2%2Fcomments&post=24467"}],"version-history":[{"count":2,"href":"https:\/\/fedai.az\/index.php?rest_route=\/wp\/v2\/posts\/24467\/revisions"}],"predecessor-version":[{"id":24470,"href":"https:\/\/fedai.az\/index.php?rest_route=\/wp\/v2\/posts\/24467\/revisions\/24470"}],"wp:featuredmedia":[{"embeddable":true,"href":"https:\/\/fedai.az\/index.php?rest_route=\/wp\/v2\/media\/24468"}],"wp:attachment":[{"href":"https:\/\/fedai.az\/index.php?rest_route=%2Fwp%2Fv2%2Fmedia&parent=24467"}],"wp:term":[{"taxonomy":"category","embeddable":true,"href":"https:\/\/fedai.az\/index.php?rest_route=%2Fwp%2Fv2%2Fcategories&post=24467"},{"taxonomy":"post_tag","embeddable":true,"href":"https:\/\/fedai.az\/index.php?rest_route=%2Fwp%2Fv2%2Ftags&post=24467"}],"curies":[{"name":"wp","href":"https:\/\/api.w.org\/{rel}","templated":true}]}}