{"id":24476,"date":"2020-12-25T20:17:10","date_gmt":"2020-12-25T16:17:10","guid":{"rendered":"https:\/\/fedai.az\/?p=24476"},"modified":"2020-12-25T20:23:15","modified_gmt":"2020-12-25T16:23:15","slug":"%c9%99rdogan-putin-verdiyi-soz%c9%99-%c9%99m%c9%99l-ed%c9%99n-adamdir","status":"publish","type":"post","link":"https:\/\/fedai.az\/?p=24476","title":{"rendered":"\u018frdo\u011fan: &#171;Putin verdiyi s\u00f6z\u0259 \u0259m\u0259l ed\u0259n adamd\u0131r&#187;"},"content":{"rendered":"\n<p><strong>&#171;Rusiya prezidenti Vladimir Putin il\u0259 tan\u0131\u015f olandan indiy\u0259d\u0259k m\u0259n onu verdiyi s\u00f6z\u0259 \u0259m\u0259l ed\u0259n \u015f\u0259xs kimi tan\u0131y\u0131ram. \u0130kit\u0259r\u0259fli \u0259laq\u0259l\u0259rimiz ba\u015fqa \u00f6lk\u0259l\u0259r\u0259 n\u00fcmun\u0259 olacaq s\u0259viyy\u0259d\u0259dir\u201d.<\/strong><\/p>\n\n\n\n<p><br>Bunu T\u00fcrkiy\u0259 prezidenti R\u0259c\u0259b Tayyib \u018frdo\u011fan c\u00fcm\u0259 namaz\u0131ndan sonra jurnalistl\u0259r\u0259 a\u00e7\u0131qlamas\u0131nda bildirib.<\/p>\n\n\n\n<p>&#171;\u0130ndiy\u0259d\u0259k s\u00fcrd\u00fcrd\u00fcy\u00fcm\u00fcz m\u00fcnasib\u0259tl\u0259ri bundan sonra da eyni \u015f\u0259kild\u0259 davam etdir\u0259c\u0259yik. H\u0259rbi, diplomatik, iqtisadi, m\u0259d\u0259ni sah\u0259l\u0259rd\u0259 birg\u0259 f\u0259aliyy\u0259t g\u00f6st\u0259rdik v\u0259 g\u00f6st\u0259r\u0259c\u0259yik. Ticar\u0259t h\u0259cmin\u0259 g\u0259ldikd\u0259 is\u0259 h\u0259d\u0259fl\u0259rimiz eynidir\u201d, &#8212; \u018frdo\u011fan rusiyal\u0131 h\u0259mkar\u0131 haqq\u0131nda dan\u0131\u015fark\u0259n vur\u011fulay\u0131b.<br>R.T. \u018frdo\u011fan deyib ki, <strong>V. Putin s\u00f6z\u00fcb\u00fct\u00f6v v\u0259 ki\u015fi adamd\u0131r.<\/strong><\/p>\n\n\n\n<p><br>Qeyd ed\u0259k ki, Vladimir Putin T\u00fcrkiy\u0259 prezidenti haqq\u0131nda demi\u015fdi: <strong>&#171;R\u0259c\u0259b Tayyib \u018frdo\u011fan s\u00f6z\u00fcb\u00fct\u00f6v, ki\u015fi adamd\u0131r\u201d.<\/strong><\/p>\n","protected":false},"excerpt":{"rendered":"<p>&#171;Rusiya prezidenti Vladimir Putin il\u0259 tan\u0131\u015f olandan indiy\u0259d\u0259k m\u0259n onu verdiyi s\u00f6z\u0259 \u0259m\u0259l ed\u0259n \u015f\u0259xs kimi tan\u0131y\u0131ram. \u0130kit\u0259r\u0259fli \u0259laq\u0259l\u0259rimiz ba\u015fqa \u00f6lk\u0259l\u0259r\u0259 n\u00fcmun\u0259 olacaq s\u0259viyy\u0259d\u0259dir\u201d.<\/p>\n","protected":false},"author":2,"featured_media":24479,"comment_status":"closed","ping_status":"closed","sticky":false,"template":"","format":"standard","meta":{"footnotes":""},"categories":[3],"tags":[],"class_list":["post-24476","post","type-post","status-publish","format-standard","has-post-thumbnail","hentry","category-gundm"],"aioseo_notices":[],"_links":{"self":[{"href":"https:\/\/fedai.az\/index.php?rest_route=\/wp\/v2\/posts\/24476","targetHints":{"allow":["GET"]}}],"collection":[{"href":"https:\/\/fedai.az\/index.php?rest_route=\/wp\/v2\/posts"}],"about":[{"href":"https:\/\/fedai.az\/index.php?rest_route=\/wp\/v2\/types\/post"}],"author":[{"embeddable":true,"href":"https:\/\/fedai.az\/index.php?rest_route=\/wp\/v2\/users\/2"}],"replies":[{"embeddable":true,"href":"https:\/\/fedai.az\/index.php?rest_route=%2Fwp%2Fv2%2Fcomments&post=24476"}],"version-history":[{"count":1,"href":"https:\/\/fedai.az\/index.php?rest_route=\/wp\/v2\/posts\/24476\/revisions"}],"predecessor-version":[{"id":24478,"href":"https:\/\/fedai.az\/index.php?rest_route=\/wp\/v2\/posts\/24476\/revisions\/24478"}],"wp:featuredmedia":[{"embeddable":true,"href":"https:\/\/fedai.az\/index.php?rest_route=\/wp\/v2\/media\/24479"}],"wp:attachment":[{"href":"https:\/\/fedai.az\/index.php?rest_route=%2Fwp%2Fv2%2Fmedia&parent=24476"}],"wp:term":[{"taxonomy":"category","embeddable":true,"href":"https:\/\/fedai.az\/index.php?rest_route=%2Fwp%2Fv2%2Fcategories&post=24476"},{"taxonomy":"post_tag","embeddable":true,"href":"https:\/\/fedai.az\/index.php?rest_route=%2Fwp%2Fv2%2Ftags&post=24476"}],"curies":[{"name":"wp","href":"https:\/\/api.w.org\/{rel}","templated":true}]}}