{"id":24483,"date":"2020-12-25T21:26:21","date_gmt":"2020-12-25T17:26:21","guid":{"rendered":"https:\/\/fedai.az\/?p=24483"},"modified":"2020-12-25T21:26:27","modified_gmt":"2020-12-25T17:26:27","slug":"bir-qrup-h%c9%99rbci-xocav%c9%99ndin-azad-olunmasina-gor%c9%99-medali-il%c9%99-t%c9%99ltif-edilib","status":"publish","type":"post","link":"https:\/\/fedai.az\/?p=24483","title":{"rendered":"Bir qrup h\u0259rb\u00e7i \u201cXocav\u0259ndin azad olunmas\u0131na g\u00f6r\u0259\u201d medal\u0131 il\u0259 t\u0259ltif edilib"},"content":{"rendered":"\n<p><strong>Prezident \u0130lham \u018fliyev Az\u0259rbaycan Respublikas\u0131 Silahl\u0131 Q\u00fcvv\u0259l\u0259rinin h\u0259rbi qulluq\u00e7ular\u0131n\u0131n &#171;Xocav\u0259ndin azad olunmas\u0131na g\u00f6r\u0259\u201d medal\u0131 il\u0259 t\u0259ltif edilm\u0259si haqq\u0131nda s\u0259r\u0259ncam imzalay\u0131b.<\/strong><\/p>\n\n\n\n<p><br><strong>S\u0259r\u0259ncamla <\/strong>Az\u0259rbaycan Respublikas\u0131n\u0131n Xocav\u0259nd rayonunun i\u015f\u011faldan azad edilm\u0259si u\u011frunda apar\u0131lm\u0131\u015f d\u00f6y\u00fc\u015f \u0259m\u0259liyyatlar\u0131nda i\u015ftirak ed\u0259r\u0259k \u015f\u0259xsi igidlik v\u0259 \u015f\u00fcca\u0259t n\u00fcmayi\u015f etdirmi\u015f Az\u0259rbaycan Respublikas\u0131 Silahl\u0131 Q\u00fcvv\u0259l\u0259rinin a\u015fa\u011f\u0131dak\u0131 h\u0259rbi qulluq\u00e7ular\u0131 &#171;Xocav\u0259ndin azad olunmas\u0131na g\u00f6r\u0259\u201d medal\u0131 il\u0259 t\u0259ltif edilibl\u0259r.<\/p>\n\n\n\n<p><br>T\u0259ltif edil\u0259nl\u0259rin siyah\u0131s\u0131na\u00a0<a href=\"https:\/\/azertag.az\/xeber\/Azerbaycan_Respublikasi_Silahli_Quvvelerinin_herbi_qulluqchularinin_Xocavendin_azad_olunmasina_gore_medali_ile_teltif_edilmesi_haqqinda__Azerbaycan_Respublikasi_Prezidentinin_Serencami-1675235\"><strong>BURDAN<\/strong><\/a>\u00a0baxa bil\u0259rsiz.<\/p>\n","protected":false},"excerpt":{"rendered":"<p>Prezident \u0130lham \u018fliyev Az\u0259rbaycan Respublikas\u0131 Silahl\u0131 Q\u00fcvv\u0259l\u0259rinin h\u0259rbi qulluq\u00e7ular\u0131n\u0131n &#171;Xocav\u0259ndin azad olunmas\u0131na g\u00f6r\u0259\u201d medal\u0131 il\u0259 t\u0259ltif edilm\u0259si haqq\u0131nda s\u0259r\u0259ncam imzalay\u0131b. S\u0259r\u0259ncamla Az\u0259rbaycan Respublikas\u0131n\u0131n Xocav\u0259nd<\/p>\n","protected":false},"author":2,"featured_media":24484,"comment_status":"closed","ping_status":"closed","sticky":false,"template":"","format":"standard","meta":{"footnotes":""},"categories":[3],"tags":[],"class_list":["post-24483","post","type-post","status-publish","format-standard","has-post-thumbnail","hentry","category-gundm"],"aioseo_notices":[],"_links":{"self":[{"href":"https:\/\/fedai.az\/index.php?rest_route=\/wp\/v2\/posts\/24483","targetHints":{"allow":["GET"]}}],"collection":[{"href":"https:\/\/fedai.az\/index.php?rest_route=\/wp\/v2\/posts"}],"about":[{"href":"https:\/\/fedai.az\/index.php?rest_route=\/wp\/v2\/types\/post"}],"author":[{"embeddable":true,"href":"https:\/\/fedai.az\/index.php?rest_route=\/wp\/v2\/users\/2"}],"replies":[{"embeddable":true,"href":"https:\/\/fedai.az\/index.php?rest_route=%2Fwp%2Fv2%2Fcomments&post=24483"}],"version-history":[{"count":1,"href":"https:\/\/fedai.az\/index.php?rest_route=\/wp\/v2\/posts\/24483\/revisions"}],"predecessor-version":[{"id":24485,"href":"https:\/\/fedai.az\/index.php?rest_route=\/wp\/v2\/posts\/24483\/revisions\/24485"}],"wp:featuredmedia":[{"embeddable":true,"href":"https:\/\/fedai.az\/index.php?rest_route=\/wp\/v2\/media\/24484"}],"wp:attachment":[{"href":"https:\/\/fedai.az\/index.php?rest_route=%2Fwp%2Fv2%2Fmedia&parent=24483"}],"wp:term":[{"taxonomy":"category","embeddable":true,"href":"https:\/\/fedai.az\/index.php?rest_route=%2Fwp%2Fv2%2Fcategories&post=24483"},{"taxonomy":"post_tag","embeddable":true,"href":"https:\/\/fedai.az\/index.php?rest_route=%2Fwp%2Fv2%2Ftags&post=24483"}],"curies":[{"name":"wp","href":"https:\/\/api.w.org\/{rel}","templated":true}]}}