{"id":24486,"date":"2020-12-25T22:30:43","date_gmt":"2020-12-25T18:30:43","guid":{"rendered":"https:\/\/fedai.az\/?p=24486"},"modified":"2020-12-25T22:37:26","modified_gmt":"2020-12-25T18:37:26","slug":"s%c9%99f%c9%99rb%c9%99rlik-uzr%c9%99-h%c9%99rbi-xidm%c9%99t%c9%99-cagirilmis-v%c9%99t%c9%99ndaslarin-m%c9%99rh%c9%99l%c9%99li-s%c9%99kild%c9%99-t%c9%99rxisi-bar%c9%99d%c9%99-aciqlama-mn","status":"publish","type":"post","link":"https:\/\/fedai.az\/?p=24486","title":{"rendered":"S\u0259f\u0259rb\u0259rlik \u00fczr\u0259 h\u0259rbi xidm\u0259t\u0259 \u00e7a\u011f\u0131r\u0131lm\u0131\u015f v\u0259t\u0259nda\u015flar\u0131n m\u0259rh\u0259l\u0259li \u015f\u0259kild\u0259 t\u0259rxisi bar\u0259d\u0259 a\u00e7\u0131qlama &#8212; MN"},"content":{"rendered":"\n<p><strong>S\u0259f\u0259rb\u0259rlik \u00fczr\u0259 h\u0259rbi xidm\u0259t\u0259 \u00e7a\u011f\u0131r\u0131lm\u0131\u015f v\u0259t\u0259nda\u015flar\u0131n m\u0259rh\u0259l\u0259li \u015f\u0259kild\u0259 t\u0259rxis edilm\u0259si prosesin\u0259 ba\u015flan\u0131l\u0131b.<\/strong><\/p>\n\n\n\n<p>Bu haqda M\u00fcdafi\u0259 Nazirliyi m\u0259lumat yay\u0131b:<\/p>\n\n\n\n<p>&#171;Az\u0259rbaycan Respublikas\u0131 Prezidentinin \u201cS\u0259f\u0259rb\u0259rlik \u00fczr\u0259 h\u0259rbi xidm\u0259td\u0259n t\u0259rxisetm\u0259 haqq\u0131nda\u201d s\u0259r\u0259ncam\u0131n\u0131n Az\u0259rbaycan Ordusunda icras\u0131 il\u0259 \u0259laq\u0259dar M\u00fcdafi\u0259 nazirinin m\u00fcvafiq \u0259mri imzalan\u0131b. \u018fmr\u0259 \u0259sas\u0259n, Az\u0259rbaycan Respublikas\u0131 Prezidentinin 28 sentyabr tarixli s\u0259r\u0259ncam\u0131 il\u0259 h\u0259rbi xidm\u0259t\u0259 \u00e7a\u011f\u0131r\u0131lan h\u0259rbi qulluq\u00e7ular cari ilin dekabr ay\u0131n\u0131n 25-d\u0259n 2021-ci ilin aprel ay\u0131n\u0131n 15-d\u0259k m\u0259rh\u0259l\u0259li \u015f\u0259kild\u0259 s\u0259f\u0259rb\u0259rlik \u00fczr\u0259 h\u0259rbi xidm\u0259td\u0259n t\u0259rxis edil\u0259c\u0259k.<\/p>\n\n\n\n<p>H\u0259rbi qulluq\u00e7ular onlar\u0131n<strong> ya\u015f h\u0259ddi <\/strong>n\u0259z\u0259r\u0259 al\u0131nmaqla, m\u0259rh\u0259l\u0259li \u015f\u0259kild\u0259 v\u0259 t\u0259rxisetm\u0259 d\u00f6vrl\u0259rin\u0259 uy\u011fun olaraq t\u0259rxis olunacaq.<\/p>\n\n\n\n<p><strong>Bildirilib ki, zabit v\u0259 gizirl\u0259rin pul t\u0259minat\u0131 xidm\u0259t etdikl\u0259ri h\u0259rbi hiss\u0259 \u00fc\u00e7\u00fcn m\u00fc\u0259yy\u0259n edilmi\u015f art\u0131m \u0259msallar\u0131 t\u0259tbiq edilm\u0259kl\u0259 t\u0259yin olundu\u011fu v\u0259zif\u0259l\u0259r\u0259 uy\u011fun olan v\u0259zif\u0259 maa\u015flar\u0131, h\u0259rbi r\u00fctb\u0259l\u0259rin\u0259 g\u00f6r\u0259 maa\u015flar v\u0259 dig\u0259r \u0259lav\u0259l\u0259rd\u0259n ibar\u0259tdir. \u018fsg\u0259r v\u0259 \u00e7avu\u015flara is\u0259 eyni qaydada t\u0259yin olunmu\u015f v\u0259zif\u0259 maa\u015flar\u0131na \u0259lav\u0259 olaraq 360 manat m\u0259bl\u0259\u011find\u0259 ayl\u0131q m\u00fcavin\u0259t verilir.<\/strong><\/p>\n\n\n\n<p>T\u0259rxisetm\u0259 il\u0259 ba\u011fl\u0131 ictimaiyy\u0259t\u0259 m\u00fct\u0259madi olaraq m\u0259lumat veril\u0259c\u0259k&#187;.<\/p>\n","protected":false},"excerpt":{"rendered":"<p>S\u0259f\u0259rb\u0259rlik \u00fczr\u0259 h\u0259rbi xidm\u0259t\u0259 \u00e7a\u011f\u0131r\u0131lm\u0131\u015f v\u0259t\u0259nda\u015flar\u0131n m\u0259rh\u0259l\u0259li \u015f\u0259kild\u0259 t\u0259rxis edilm\u0259si prosesin\u0259 ba\u015flan\u0131l\u0131b. Bu haqda M\u00fcdafi\u0259 Nazirliyi m\u0259lumat yay\u0131b: &#171;Az\u0259rbaycan Respublikas\u0131 Prezidentinin \u201cS\u0259f\u0259rb\u0259rlik \u00fczr\u0259 h\u0259rbi<\/p>\n","protected":false},"author":2,"featured_media":24487,"comment_status":"closed","ping_status":"closed","sticky":false,"template":"","format":"standard","meta":{"footnotes":""},"categories":[4],"tags":[],"class_list":["post-24486","post","type-post","status-publish","format-standard","has-post-thumbnail","hentry","category-qarabag"],"aioseo_notices":[],"_links":{"self":[{"href":"https:\/\/fedai.az\/index.php?rest_route=\/wp\/v2\/posts\/24486","targetHints":{"allow":["GET"]}}],"collection":[{"href":"https:\/\/fedai.az\/index.php?rest_route=\/wp\/v2\/posts"}],"about":[{"href":"https:\/\/fedai.az\/index.php?rest_route=\/wp\/v2\/types\/post"}],"author":[{"embeddable":true,"href":"https:\/\/fedai.az\/index.php?rest_route=\/wp\/v2\/users\/2"}],"replies":[{"embeddable":true,"href":"https:\/\/fedai.az\/index.php?rest_route=%2Fwp%2Fv2%2Fcomments&post=24486"}],"version-history":[{"count":2,"href":"https:\/\/fedai.az\/index.php?rest_route=\/wp\/v2\/posts\/24486\/revisions"}],"predecessor-version":[{"id":24490,"href":"https:\/\/fedai.az\/index.php?rest_route=\/wp\/v2\/posts\/24486\/revisions\/24490"}],"wp:featuredmedia":[{"embeddable":true,"href":"https:\/\/fedai.az\/index.php?rest_route=\/wp\/v2\/media\/24487"}],"wp:attachment":[{"href":"https:\/\/fedai.az\/index.php?rest_route=%2Fwp%2Fv2%2Fmedia&parent=24486"}],"wp:term":[{"taxonomy":"category","embeddable":true,"href":"https:\/\/fedai.az\/index.php?rest_route=%2Fwp%2Fv2%2Fcategories&post=24486"},{"taxonomy":"post_tag","embeddable":true,"href":"https:\/\/fedai.az\/index.php?rest_route=%2Fwp%2Fv2%2Ftags&post=24486"}],"curies":[{"name":"wp","href":"https:\/\/api.w.org\/{rel}","templated":true}]}}