{"id":24491,"date":"2020-12-26T00:05:01","date_gmt":"2020-12-25T20:05:01","guid":{"rendered":"https:\/\/fedai.az\/?p=24491"},"modified":"2020-12-26T00:05:02","modified_gmt":"2020-12-25T20:05:02","slug":"rusiyali-deputat-ilham-%c9%99liyev-atasi-heyd%c9%99r-%c9%99liyev-kimi-dahidir","status":"publish","type":"post","link":"https:\/\/fedai.az\/?p=24491","title":{"rendered":"Rusiyal\u0131 deputat: &#171;\u0130lham \u018fliyev atas\u0131 Heyd\u0259r \u018fliyev kimi dahidir&#187;"},"content":{"rendered":"\n<p><strong>\u201cAz\u0259rbaycan Prezidenti \u0130lham \u018fliyev b\u00f6y\u00fck atas\u0131, m\u00fcasir Az\u0259rbaycan d\u00f6vl\u0259t\u00e7iliyinin banisi Heyd\u0259r \u018fliyevin g\u00f6rd\u00fcy\u00fc i\u015fl\u0259ri m\u00fcv\u0259ff\u0259qiyy\u0259tl\u0259 davam etdirir\u201d.<\/strong><\/p>\n\n\n\n<p>Bunu&nbsp;<a href=\"https:\/\/report.az\/xarici-siyaset\/rusiyali-deputat-ilham-eliyev-tarixi-edaleti-berpa-etdi\/\" target=\"_blank\" rel=\"noreferrer noopener\">\u201cReport\u201d<\/a>un Rusiya b\u00fcrosuna Rusiya D\u00f6vl\u0259t Dumas\u0131n\u0131n beyn\u0259lxalq m\u0259s\u0259l\u0259l\u0259r komit\u0259sinin s\u0259dri&nbsp;<strong>Leonid Slutski<\/strong>&nbsp;bildirib.<\/p>\n\n\n\n<p>\u201c\u0130lham \u018fliyevin pay\u0131na d\u00fc\u015f\u0259n \u0259n a\u011f\u0131r m\u0259s\u0259l\u0259nin m\u0259hz Qaraba\u011f m\u00fcnaqi\u015f\u0259si oldu\u011funu bilirik. O, m\u00fcasir siyas\u0259tl\u0259, \u00f6lk\u0259 iqtisadiyyat\u0131n\u0131n dir\u00e7\u0259lm\u0259sil\u0259 ba\u011fl\u0131 bir s\u0131ra \u00e7ox \u00e7\u0259tin m\u0259s\u0259l\u0259nin \u00f6hd\u0259sind\u0259n u\u011furla g\u0259l\u0259 bilib. \u0130lham \u018fliyev say\u0259sind\u0259 m\u00fcasir Az\u0259rbaycan yanacaq sar\u0131dan, enerji sar\u0131dan m\u00fcst\u0259qil d\u00f6vl\u0259t\u0259, post-Sovet m\u0259kan\u0131n\u0131n \u0259n firavan \u00f6lk\u0259l\u0259rind\u0259n birin\u0259 \u00e7evrildi. \u0130lham \u018fliyev h\u0259m\u00e7inin Avropa Oyunlar\u0131, Bak\u0131 Beyn\u0259lxalq Humanitar Forumu v\u0259 s. kimi bir s\u0131ra n\u00fcfuzlu t\u0259dbirl\u0259rin t\u0259\u015f\u0259bb\u00fcskar\u0131 v\u0259 \u0259laq\u0259l\u0259ndiricisidir\u201d, &#8212; dey\u0259n rusiyal\u0131 deputat b\u00fct\u00fcn bu f\u0259aliyy\u0259t\u0259 Qaraba\u011f probleminin k\u00f6lg\u0259 sald\u0131\u011f\u0131n\u0131 qeyd edib: \u201c30 il\u0259 yax\u0131nd\u0131r davam ed\u0259n bu v\u0259ziyy\u0259t g\u00f6r\u00fcl\u0259n i\u015fl\u0259r\u0259 k\u00f6lg\u0259 sal\u0131rd\u0131. \u0130lham \u018fliyev bu qanl\u0131 m\u00fcnaqi\u015f\u0259ni x\u0259l\u0259fl\u0259rin\u0259 d\u0259 miras qoyub ged\u0259 bilm\u0259y\u0259c\u0259yini d\u0259rk edirdi. Bu m\u0259s\u0259l\u0259ni h\u0259ll etm\u0259li idi v\u0259 daim d\u0259 bu bar\u0259d\u0259 dan\u0131\u015f\u0131rd\u0131. Bel\u0259 d\u0259 oldu\u201d.<\/p>\n\n\n\n<p>\u201cQaraba\u011f m\u00fcnaqi\u015f\u0259si h\u0259ll olundu, b\u00fct\u00fcn d\u00fcnya az\u0259rbaycanl\u0131lar\u0131 \u00fc\u00e7\u00fcn, b\u00fct\u00fcn d\u00fcnyada C\u0259nubi Qafqazda ba\u015f ver\u0259nl\u0259ri izl\u0259y\u0259n h\u0259r k\u0259s \u00fc\u00e7\u00fcn tarixi haqq-\u0259dal\u0259t b\u0259rpa edildi. Bu, m\u00fcdriklik n\u00fcmun\u0259sidir, m\u0259rdlik n\u00fcmun\u0259sidir, insanlara qay\u011f\u0131 n\u00fcmun\u0259sidir. M\u0259hz bu m\u0259ram\u0131 Rusiya v\u0259 Az\u0259rbaycan prezidentl\u0259ri r\u0259hb\u0259r tutublar. Qaraba\u011f m\u00fcnaqi\u015f\u0259sinin h\u0259llind\u0259n sonra \u0130lham \u018fliyev SSR\u0130-nin d\u0259, Az\u0259rbaycan\u0131n da tarixin\u0259 ad\u0131 q\u0131z\u0131l h\u0259rfl\u0259rl\u0259 h\u0259kk olunmu\u015f atas\u0131 Heyd\u0259r \u018fliyevl\u0259 yana\u015f\u0131, dahi hesab edilm\u0259lidir\u201d, &#8212; dey\u0259 rusiyal\u0131 deputat fikrini tamamlay\u0131b.<\/p>\n","protected":false},"excerpt":{"rendered":"<p>\u201cAz\u0259rbaycan Prezidenti \u0130lham \u018fliyev b\u00f6y\u00fck atas\u0131, m\u00fcasir Az\u0259rbaycan d\u00f6vl\u0259t\u00e7iliyinin banisi Heyd\u0259r \u018fliyevin g\u00f6rd\u00fcy\u00fc i\u015fl\u0259ri m\u00fcv\u0259ff\u0259qiyy\u0259tl\u0259 davam etdirir\u201d. Bunu&nbsp;\u201cReport\u201dun Rusiya b\u00fcrosuna Rusiya D\u00f6vl\u0259t Dumas\u0131n\u0131n beyn\u0259lxalq<\/p>\n","protected":false},"author":2,"featured_media":24492,"comment_status":"closed","ping_status":"closed","sticky":false,"template":"","format":"standard","meta":{"footnotes":""},"categories":[1],"tags":[],"class_list":["post-24491","post","type-post","status-publish","format-standard","has-post-thumbnail","hentry","category-siyast"],"aioseo_notices":[],"_links":{"self":[{"href":"https:\/\/fedai.az\/index.php?rest_route=\/wp\/v2\/posts\/24491","targetHints":{"allow":["GET"]}}],"collection":[{"href":"https:\/\/fedai.az\/index.php?rest_route=\/wp\/v2\/posts"}],"about":[{"href":"https:\/\/fedai.az\/index.php?rest_route=\/wp\/v2\/types\/post"}],"author":[{"embeddable":true,"href":"https:\/\/fedai.az\/index.php?rest_route=\/wp\/v2\/users\/2"}],"replies":[{"embeddable":true,"href":"https:\/\/fedai.az\/index.php?rest_route=%2Fwp%2Fv2%2Fcomments&post=24491"}],"version-history":[{"count":1,"href":"https:\/\/fedai.az\/index.php?rest_route=\/wp\/v2\/posts\/24491\/revisions"}],"predecessor-version":[{"id":24493,"href":"https:\/\/fedai.az\/index.php?rest_route=\/wp\/v2\/posts\/24491\/revisions\/24493"}],"wp:featuredmedia":[{"embeddable":true,"href":"https:\/\/fedai.az\/index.php?rest_route=\/wp\/v2\/media\/24492"}],"wp:attachment":[{"href":"https:\/\/fedai.az\/index.php?rest_route=%2Fwp%2Fv2%2Fmedia&parent=24491"}],"wp:term":[{"taxonomy":"category","embeddable":true,"href":"https:\/\/fedai.az\/index.php?rest_route=%2Fwp%2Fv2%2Fcategories&post=24491"},{"taxonomy":"post_tag","embeddable":true,"href":"https:\/\/fedai.az\/index.php?rest_route=%2Fwp%2Fv2%2Ftags&post=24491"}],"curies":[{"name":"wp","href":"https:\/\/api.w.org\/{rel}","templated":true}]}}