{"id":24506,"date":"2020-12-26T00:25:55","date_gmt":"2020-12-25T20:25:55","guid":{"rendered":"https:\/\/fedai.az\/?p=24506"},"modified":"2020-12-26T00:25:56","modified_gmt":"2020-12-25T20:25:56","slug":"hikm%c9%99t-haciyev-m%c9%99rk%c9%99zi-icra-hakimiyy%c9%99ti-orqanlarinda-ictimai-suralarin-yaradilmasi-il%c9%99-bagli-gorus-kecirdi","status":"publish","type":"post","link":"https:\/\/fedai.az\/?p=24506","title":{"rendered":"Hikm\u0259t Hac\u0131yev m\u0259rk\u0259zi icra hakimiyy\u0259ti orqanlar\u0131nda ictimai \u015furalar\u0131n yarad\u0131lmas\u0131 il\u0259 ba\u011fl\u0131 g\u00f6r\u00fc\u015f ke\u00e7irdi"},"content":{"rendered":"\n<p><strong>Az\u0259rbaycan Respublikas\u0131 Prezidentinin k\u00f6m\u0259k\u00e7isi Hikm\u0259t Hac\u0131yev m\u0259rk\u0259zi icra hakimiyy\u0259ti orqanlar\u0131nda ictimai n\u0259zar\u0259tin h\u0259yata ke\u00e7irilm\u0259si, bu sah\u0259d\u0259 m\u00f6vcud olan probleml\u0259rin aradan qald\u0131r\u0131lmas\u0131, m\u00f6vcud h\u00fcquqi bazan\u0131n t\u0259kmill\u0259\u015fdirilm\u0259si m\u0259s\u0259l\u0259l\u0259ri il\u0259 ba\u011fl\u0131 h\u0259min qurumlar\u0131n r\u0259hb\u0259r \u015f\u0259xsl\u0259ri il\u0259 g\u00f6r\u00fc\u015f ke\u00e7irib.<\/strong><\/p>\n\n\n\n<p><br>AZ\u018fRTAC x\u0259b\u0259r verir ki, H. Hac\u0131yev Az\u0259rbaycan Respublikas\u0131n\u0131n Prezidenti \u0130lham \u018fliyevin \u00f6lk\u0259mizd\u0259 d\u00f6vl\u0259t orqanlar\u0131n\u0131n f\u0259aliyy\u0259tin\u0259 ictimai n\u0259zar\u0259tin h\u0259yata ke\u00e7irilm\u0259sinin vacibliyini vur\u011fulad\u0131\u011f\u0131n\u0131, m\u00fcxt\u0259lif sah\u0259l\u0259rd\u0259 m\u00f6vcud olan probleml\u0259rin ara\u015fd\u0131r\u0131lmas\u0131nda v\u0259 onlar\u0131n h\u0259lli yollar\u0131na dair t\u0259klifl\u0259r haz\u0131rlanmas\u0131nda v\u0259t\u0259nda\u015f c\u0259miyy\u0259ti t\u0259sisatlar\u0131n\u0131n f\u0259al i\u015ftirak\u0131 il\u0259 ba\u011fl\u0131 m\u00fcvafiq tap\u015f\u0131r\u0131q v\u0259 t\u00f6vsiy\u0259l\u0259r verdiyini diqq\u0259t\u0259 \u00e7atd\u0131r\u0131b.<\/p>\n","protected":false},"excerpt":{"rendered":"<p>Az\u0259rbaycan Respublikas\u0131 Prezidentinin k\u00f6m\u0259k\u00e7isi Hikm\u0259t Hac\u0131yev m\u0259rk\u0259zi icra hakimiyy\u0259ti orqanlar\u0131nda ictimai n\u0259zar\u0259tin h\u0259yata ke\u00e7irilm\u0259si, bu sah\u0259d\u0259 m\u00f6vcud olan probleml\u0259rin aradan qald\u0131r\u0131lmas\u0131, m\u00f6vcud h\u00fcquqi bazan\u0131n<\/p>\n","protected":false},"author":2,"featured_media":24507,"comment_status":"closed","ping_status":"closed","sticky":false,"template":"","format":"standard","meta":{"footnotes":""},"categories":[3],"tags":[],"class_list":["post-24506","post","type-post","status-publish","format-standard","has-post-thumbnail","hentry","category-gundm"],"aioseo_notices":[],"_links":{"self":[{"href":"https:\/\/fedai.az\/index.php?rest_route=\/wp\/v2\/posts\/24506","targetHints":{"allow":["GET"]}}],"collection":[{"href":"https:\/\/fedai.az\/index.php?rest_route=\/wp\/v2\/posts"}],"about":[{"href":"https:\/\/fedai.az\/index.php?rest_route=\/wp\/v2\/types\/post"}],"author":[{"embeddable":true,"href":"https:\/\/fedai.az\/index.php?rest_route=\/wp\/v2\/users\/2"}],"replies":[{"embeddable":true,"href":"https:\/\/fedai.az\/index.php?rest_route=%2Fwp%2Fv2%2Fcomments&post=24506"}],"version-history":[{"count":1,"href":"https:\/\/fedai.az\/index.php?rest_route=\/wp\/v2\/posts\/24506\/revisions"}],"predecessor-version":[{"id":24508,"href":"https:\/\/fedai.az\/index.php?rest_route=\/wp\/v2\/posts\/24506\/revisions\/24508"}],"wp:featuredmedia":[{"embeddable":true,"href":"https:\/\/fedai.az\/index.php?rest_route=\/wp\/v2\/media\/24507"}],"wp:attachment":[{"href":"https:\/\/fedai.az\/index.php?rest_route=%2Fwp%2Fv2%2Fmedia&parent=24506"}],"wp:term":[{"taxonomy":"category","embeddable":true,"href":"https:\/\/fedai.az\/index.php?rest_route=%2Fwp%2Fv2%2Fcategories&post=24506"},{"taxonomy":"post_tag","embeddable":true,"href":"https:\/\/fedai.az\/index.php?rest_route=%2Fwp%2Fv2%2Ftags&post=24506"}],"curies":[{"name":"wp","href":"https:\/\/api.w.org\/{rel}","templated":true}]}}