{"id":24523,"date":"2020-12-26T01:44:18","date_gmt":"2020-12-25T21:44:18","guid":{"rendered":"https:\/\/fedai.az\/?p=24523"},"modified":"2020-12-26T01:44:20","modified_gmt":"2020-12-25T21:44:20","slug":"ziyali-movqeyi-rusiya-erm%c9%99nil%c9%99ri-qorumaq-ucun-deyil-oz-isgalci-v%c9%99-qanli-siyas%c9%99tini-dayaniqli-etm%c9%99k-ucun-g%c9%99lib","status":"publish","type":"post","link":"https:\/\/fedai.az\/?p=24523","title":{"rendered":"Ziyal\u0131 m\u00f6vqeyi: Rusiya erm\u0259nil\u0259ri qorumaq \u00fc\u00e7\u00fcn deyil, \u00f6z i\u015f\u011fal\u00e7\u0131 v\u0259 qanl\u0131 siyas\u0259tini dayan\u0131ql\u0131 etm\u0259k \u00fc\u00e7\u00fcn g\u0259lib"},"content":{"rendered":"\n<figure class=\"wp-block-image size-large is-resized\"><img loading=\"lazy\" decoding=\"async\" src=\"https:\/\/fedai.az\/wp-content\/uploads\/2020\/12\/78229540_1143362042536146_6723579046266929152_n-1.jpg\" alt=\"\" class=\"wp-image-24525\" width=\"436\" height=\"436\" srcset=\"https:\/\/fedai.az\/wp-content\/uploads\/2020\/12\/78229540_1143362042536146_6723579046266929152_n-1.jpg 782w, https:\/\/fedai.az\/wp-content\/uploads\/2020\/12\/78229540_1143362042536146_6723579046266929152_n-1-300x300.jpg 300w, https:\/\/fedai.az\/wp-content\/uploads\/2020\/12\/78229540_1143362042536146_6723579046266929152_n-1-150x150.jpg 150w, https:\/\/fedai.az\/wp-content\/uploads\/2020\/12\/78229540_1143362042536146_6723579046266929152_n-1-768x768.jpg 768w, https:\/\/fedai.az\/wp-content\/uploads\/2020\/12\/78229540_1143362042536146_6723579046266929152_n-1-215x215.jpg 215w\" sizes=\"auto, (max-width: 436px) 100vw, 436px\" \/><\/figure>\n\n\n\n<p><strong>Elbariz M\u0259mm\u0259dli<\/strong><\/p>\n\n\n\n<p><em><strong>\u015eair, publisist<\/strong><\/em><\/p>\n\n\n\n<p><strong>Mill\u0259tin ba\u015f\u0131 ad g\u00fcn\u00fc ke\u00e7ir\u0259n direktorla M\u0259tan\u0259t\u0259 el\u0259 qar\u0131\u015f\u0131b ki, real d\u0259rdl\u0259rimiz yen\u0259 ortada qal\u0131b. Bel\u0259 t\u0259pkil\u0259rl\u0259 o adamlar\u0131 milli a\u011fr\u0131lara uzla\u015fd\u0131rmaq olmaz, bunu ham\u0131m\u0131z bilm\u0259liyik. <\/strong><\/p>\n\n\n\n<p>Bir ne\u00e7\u0259 il bundan \u0259vv\u0259l Xocal\u0131 soyq\u0131r\u0131m\u0131 g\u00fcn\u00fcnd\u0259 \u0130sraild\u0259 konsert ver\u0259n v\u0259 bu mill\u0259tin g\u00f6z ya\u015f\u0131na t\u00fcp\u00fcr\u0259n &#171;s\u0259n\u0259t\u00e7i&#187;l\u0259ri xat\u0131rlay\u0131rs\u0131n\u0131zm\u0131? <\/p>\n\n\n\n<p><strong>N\u0259 oldu? <\/strong><\/p>\n\n\n\n<p>Yen\u0259 h\u0259min adamlar toylar\u0131n b\u0259z\u0259yin\u0259, ekranlar\u0131n &#171;d\u0259y\u0259r&#187; in\u0259 \u00e7evrildil\u0259r. Bu g\u00fcn\u00fcn problemi bir az f\u0259rqlidir v\u0259 bel\u0259 c\u0131l\u0131z h\u0259r\u0259k\u0259tl\u0259rin q\u0131nanmas\u0131 he\u00e7 n\u0259yi d\u0259yi\u015fdirm\u0259y\u0259c\u0259k. \u00c7\u00fcnki d\u00fc\u015fm\u0259nl\u0259rimiz ayaqdad\u0131r v\u0259 ham\u0131l\u0131qla buna k\u00f6kl\u0259nm\u0259liyik. Rusiyada Lavrov- K\u0259l\u0259nt\u0259ryandan sonra Federasiya \u015euras\u0131n\u0131n s\u0259dri Valentina Matviyenko da dil\u0259 g\u0259lib, Qaraba\u011f\u0131n g\u0259l\u0259c\u0259k statusundan dan\u0131\u015fmaq v\u0259 haylara \u00fcmid verm\u0259k c\u0259sar\u0259tini ortaya at\u0131r. Zahid oruclar, q\u00fcdr\u0259tl\u0259r, rasiml\u0259r ruslar\u0131n g\u0259li\u015fin\u0259 r\u0259\u011fb\u0259tini dolay\u0131 yolla c\u0259miyy\u0259t\u0259 s\u0131r\u0131y\u0131rlar.<\/p>\n\n\n\n<p> Bilmir\u0259m n\u0259 v\u0259 ne\u00e7\u0259nci kolon olan rus v\u0259 fars , el\u0259c\u0259 d\u0259 Avropa n\u00f6k\u0259rl\u0259ri f\u0259aliyy\u0259tl\u0259rind\u0259 aktiv fazaya ke\u00e7ib xalq\u0131 b\u00f6l\u00fcnm\u0259y\u0259 s\u00fcr\u00fckl\u0259yirl\u0259r. Ba\u015fqa bir t\u0259r\u0259fd\u0259n erm\u0259ni kils\u0259si 2021 -ci ili &#171;Artsax ili&#187; elan edir. \u0130ndi g\u00f6r\u00fcrs\u00fcn\u00fczm\u00fc, n\u0259 b\u00f6y\u00fckd\u0259 bir probleml\u0259 \u00fcz-\u00fcz\u0259yik? <\/p>\n\n\n\n<p>N\u0259 10 noyabrda imzalanm\u0131\u015f at\u0259\u015fk\u0259s s\u0259n\u0259dind\u0259, n\u0259 d\u0259 ba\u015fqa siyasi m\u00fczakir\u0259l\u0259rd\u0259 Qaraba\u011f\u0131n statusu m\u00fczakir\u0259 m\u00f6vzusu olmay\u0131b. Az\u0259rbaycan d\u00f6vl\u0259tinin ba\u015f\u00e7\u0131s\u0131 h\u0259m yerli, h\u0259m d\u0259 xarici informasiya vasit\u0259l\u0259rin\u0259 m\u00fcsahib\u0259l\u0259rind\u0259 bu haqda q\u0259ti fikrini deyib ki, Qaraba\u011f\u0131n he\u00e7 bir statusundan s\u00f6hb\u0259t bel\u0259 ged\u0259 bilm\u0259z. B\u0259s, indi bu s\u00f6hb\u0259tl\u0259rin qabarmas\u0131na s\u0259b\u0259b n\u0259dir? <\/p>\n\n\n\n<p>\u015e\u0259xs\u0259n m\u0259nim d\u00fc\u015f\u00fcnc\u0259m\u0259 g\u00f6r\u0259, ruslar bu variant\u0131 T\u00fcrkiy\u0259 qo\u015funlar\u0131n\u0131n Az\u0259rbaycanda varl\u0131\u011f\u0131n\u0131 \u0259ng\u0259ll\u0259m\u0259k \u00fc\u00e7\u00fcn t\u0259sir vasit\u0259si kimi ortaya at\u0131blar. \u0130kincisi, ruslar\u0131n b\u00fct\u00fcn canf\u0259\u015fanl\u0131qlar\u0131na baxmayaraq, Xank\u0259ndi v\u0259 \u0259traflar\u0131nda ist\u0259dikl\u0259ri h\u0259l\u0259 al\u0131nm\u0131r. \u00dc\u00e7\u00fcnc\u00fcs\u00fc, <strong>Rusiya C\u0259nubi Qafqaza erm\u0259nil\u0259ri qorumaq \u00fc\u00e7\u00fcn deyil, \u00f6z i\u015f\u011fal\u00e7\u0131 v\u0259 qanl\u0131 siyas\u0259tini dayan\u0131ql\u0131 etm\u0259k \u00fc\u00e7\u00fcn g\u0259lib. Onlar he\u00e7 vaxt s\u00fclhm\u0259raml\u0131 olmad\u0131qlar\u0131n\u0131 bizd\u0259n yax\u015f\u0131 bilirl\u0259r. V\u0259 &#8230;<\/strong><\/p>\n\n\n\n<p>Bel\u0259 bir h\u0259ssas m\u0259qamda Az\u0259rbaycan parlamenti a\u011fz\u0131na su al\u0131b, susma\u011fa \u00fcst\u00fcnl\u00fck verir. Dan\u0131\u015fanlar\u0131n da nitqind\u0259n rus alka\u015f\u0131na sevginin qoxusu g\u0259lir. C\u0259llad Primakova ad v\u0259 an\u0131m g\u00fcn\u00fc ke\u00e7ir\u0259nl\u0259r, susma\u011f\u0131 q\u0131z\u0131l hesab edib, daldada dolan\u0131rlar. N\u0259 vaxta q\u0259d\u0259r?<\/p>\n\n\n\n<p>Yax\u015f\u0131, erm\u0259nil\u0259r status m\u0259s\u0259l\u0259sind\u0259 israr edirl\u0259r, bunu ba\u015fa d\u00fc\u015fd\u00fck. Bizim Allah\u015f\u00fck\u00fcrd\u0259n xeyli sava\u015fc\u0131l olan kils\u0259 r\u0259hb\u0259rini d\u0259 anlad\u0131q. El\u0259 is\u0259, bu \u015f\u0259r ma\u015f\u0131nlar\u0131n\u0131n qar\u015f\u0131s\u0131na Z\u0259ng\u0259zur v\u0259 G\u00f6yc\u0259nin m\u0259s\u0259l\u0259si niy\u0259 qoyulmur? Haylar say etibar\u0131 il\u0259 Erm\u0259nistandan k\u00f6\u00e7\u00fcr\u00fcl\u0259n soyda\u015flar\u0131m\u0131zdan xeyli az olduqlar\u0131 halda, biz\u0259 status d\u0259rsi ke\u00e7irl\u0259r. Art\u0131q bel\u0259 say\u0131qlamalara s\u0259rt reaksiya verm\u0259yin vaxt\u0131d\u0131r. Yoxsa, Rusiya Az\u0259rbaycan d\u00f6vl\u0259tinin q\u0259bul etdiyi q\u0259rarlar\u0131 g\u00f6rm\u0259zd\u0259n g\u0259l\u0259r\u0259k, Qaraba\u011fa t\u0259z\u0259 x\u0259rit\u0259 \u00e7\u0259km\u0259k fikrind\u0259dir. <\/p>\n\n\n\n<p><strong>Bunun qar\u015f\u0131s\u0131n\u0131n al\u0131nmas\u0131 yaln\u0131z xalq\u0131n birliyind\u0259n, qarda\u015f T\u00fcrkiy\u0259nin Az\u0259rbaycanda bizim ist\u0259diyimiz h\u0259rbi varl\u0131\u011f\u0131ndan ke\u00e7ir. R\u0259dd olsun imperial\u0131zm!<\/strong><\/p>\n\n\n\n<p><strong>V\u018f \u015eA\u0130RD\u018fN B\u0130R YARPAQ \u015eE\u0130R&#8230;<\/strong><\/p>\n\n\n\n<figure class=\"wp-block-image size-large is-resized\"><img loading=\"lazy\" decoding=\"async\" src=\"https:\/\/fedai.az\/wp-content\/uploads\/2020\/12\/6-09-715x400-1.jpg\" alt=\"\" class=\"wp-image-24524\" width=\"999\" height=\"559\" srcset=\"https:\/\/fedai.az\/wp-content\/uploads\/2020\/12\/6-09-715x400-1.jpg 715w, https:\/\/fedai.az\/wp-content\/uploads\/2020\/12\/6-09-715x400-1-300x168.jpg 300w, https:\/\/fedai.az\/wp-content\/uploads\/2020\/12\/6-09-715x400-1-150x84.jpg 150w\" sizes=\"auto, (max-width: 999px) 100vw, 999px\" \/><\/figure>\n\n\n\n<p><strong>*****<\/strong><\/p>\n\n\n\n<p>\u00dc\u015f\u00fcy\u0259n \u0259sg\u0259r \u00e7\u0259km\u0259l\u0259ri,<br>astars\u0131z \u0259sg\u0259r penc\u0259kl\u0259ri,<br>s\u0131rs\u0131radan ulduzlanan<br>d\u0259bilq\u0259l\u0259r,<br>soyu\u011fu can\u0131na \u00e7\u0259k\u0259n<br>g\u00fcll\u0259ke\u00e7irm\u0259z g\u00f6d\u0259k\u00e7\u0259l\u0259r,<br>qula\u011f\u0131 g\u00f6yn\u0259y\u0259n papaqlar,<br>h\u0259l\u0259 ki, at\u0259\u015fk\u0259s havas\u0131na t\u0259slim olmu\u015f daraqlar,<br>t\u0259tiyini La\u00e7\u0131n\u0131n donu vurmu\u015f silahlar,<br>bird\u0259n yuxu tutar, sizi.<br>Bax\u0131n, yolun o \u00fcz\u00fcnd\u0259<br>m\u0259tb\u0259x b\u00f6c\u0259yi kimi h\u0259r\u0259k\u0259tli<br>sar\u0131-sar\u0131 \u015feytanlar dola\u015f\u0131r,<br>b\u0259d \u0259m\u0259li d\u00fcnyaya kabus olan<br>ilanlar dola\u015f\u0131r, \u00e7\u0259kinm\u0259s\u0259, udar sizi.<br>H\u0259r g\u00fcn geri d\u00f6n\u00fcrl\u0259r,<br>ya\u011fmalanm\u0131\u015f yurdlarda can\u0131n\u0131z\u0131 isid\u0259c\u0259k<br>son oca\u011f\u0131 da\u011f\u0131danlar,<br>h\u0259r d\u00f6n\u00fc\u015f bir qan izi\u2026.<br>V\u0259 sizd\u0259n o yanda,<br>sizin olan yurdlarda yen\u0259 s\u0259ng\u0259r qaz\u0131r<br>\u015feytan\u0131n qorudu\u011fu canl\u0131lar.<br>Bird\u0259n yuxu tutar sizi,<br>cibl\u0259riniz\u0259 d\u00fcrt\u00fcb \u0259ll\u0259rinizi<br>\u00e7ox da arxay\u0131n g\u0259zm\u0259yin<br>qolu qopar\u0131lm\u0131\u015f La\u00e7\u0131n da\u011flar\u0131nda,<br>\u0259t\u0259yi k\u0259silmi\u015f Hadrut me\u015f\u0259l\u0259rind\u0259\u2026<br>Gizl\u0259nib yalan\u00e7\u0131 \u0259ndi\u015f\u0259l\u0259rind\u0259<br>nam\u0259rdl\u0259r, yen\u0259 qara d\u0259rdl\u0259r \u0259kirl\u0259r,<br>yaras\u0131 qaysaq ba\u011flamam\u0131\u015f torpa\u011fa.<br>Sizi g\u0259zdir\u0259n o \u00fcr\u0259yi qoruyun,<br>o bil\u0259yi qoruyun,<br>ya\u011f\u0131ya \u00e7evrilm\u0259y\u0259n o k\u00fcr\u0259yi qoruyun,<br>bahar g\u0259linc\u0259y\u0259 q\u0259d\u0259r\u2026<\/p>\n\n\n\n<figure class=\"wp-block-image size-large is-resized\"><img loading=\"lazy\" decoding=\"async\" src=\"https:\/\/fedai.az\/wp-content\/uploads\/2020\/12\/images-1-4.jpg\" alt=\"\" class=\"wp-image-24526\" width=\"860\" height=\"1385\" srcset=\"https:\/\/fedai.az\/wp-content\/uploads\/2020\/12\/images-1-4.jpg 177w, https:\/\/fedai.az\/wp-content\/uploads\/2020\/12\/images-1-4-93x150.jpg 93w\" sizes=\"auto, (max-width: 860px) 100vw, 860px\" \/><\/figure>\n","protected":false},"excerpt":{"rendered":"<p>Elbariz M\u0259mm\u0259dli \u015eair, publisist Mill\u0259tin ba\u015f\u0131 ad g\u00fcn\u00fc ke\u00e7ir\u0259n direktorla M\u0259tan\u0259t\u0259 el\u0259 qar\u0131\u015f\u0131b ki, real d\u0259rdl\u0259rimiz yen\u0259 ortada qal\u0131b. Bel\u0259 t\u0259pkil\u0259rl\u0259 o adamlar\u0131 milli<\/p>\n","protected":false},"author":2,"featured_media":24527,"comment_status":"closed","ping_status":"closed","sticky":false,"template":"","format":"standard","meta":{"footnotes":""},"categories":[14],"tags":[],"class_list":["post-24523","post","type-post","status-publish","format-standard","has-post-thumbnail","hentry","category-kos"],"aioseo_notices":[],"_links":{"self":[{"href":"https:\/\/fedai.az\/index.php?rest_route=\/wp\/v2\/posts\/24523","targetHints":{"allow":["GET"]}}],"collection":[{"href":"https:\/\/fedai.az\/index.php?rest_route=\/wp\/v2\/posts"}],"about":[{"href":"https:\/\/fedai.az\/index.php?rest_route=\/wp\/v2\/types\/post"}],"author":[{"embeddable":true,"href":"https:\/\/fedai.az\/index.php?rest_route=\/wp\/v2\/users\/2"}],"replies":[{"embeddable":true,"href":"https:\/\/fedai.az\/index.php?rest_route=%2Fwp%2Fv2%2Fcomments&post=24523"}],"version-history":[{"count":1,"href":"https:\/\/fedai.az\/index.php?rest_route=\/wp\/v2\/posts\/24523\/revisions"}],"predecessor-version":[{"id":24528,"href":"https:\/\/fedai.az\/index.php?rest_route=\/wp\/v2\/posts\/24523\/revisions\/24528"}],"wp:featuredmedia":[{"embeddable":true,"href":"https:\/\/fedai.az\/index.php?rest_route=\/wp\/v2\/media\/24527"}],"wp:attachment":[{"href":"https:\/\/fedai.az\/index.php?rest_route=%2Fwp%2Fv2%2Fmedia&parent=24523"}],"wp:term":[{"taxonomy":"category","embeddable":true,"href":"https:\/\/fedai.az\/index.php?rest_route=%2Fwp%2Fv2%2Fcategories&post=24523"},{"taxonomy":"post_tag","embeddable":true,"href":"https:\/\/fedai.az\/index.php?rest_route=%2Fwp%2Fv2%2Ftags&post=24523"}],"curies":[{"name":"wp","href":"https:\/\/api.w.org\/{rel}","templated":true}]}}