{"id":24540,"date":"2020-12-26T10:24:13","date_gmt":"2020-12-26T06:24:13","guid":{"rendered":"https:\/\/fedai.az\/?p=24540"},"modified":"2020-12-26T10:24:15","modified_gmt":"2020-12-26T06:24:15","slug":"bu-kurd-m%c9%99s%c9%99l%c9%99si-deyil-erm%c9%99ni-m%c9%99s%c9%99l%c9%99sidir-gokkus","status":"publish","type":"post","link":"https:\/\/fedai.az\/?p=24540","title":{"rendered":"Bu, k\u00fcrd m\u0259s\u0259l\u0259si deyil, erm\u0259ni m\u0259s\u0259l\u0259sidir &#8212; G\u00f6kku\u015f"},"content":{"rendered":"\n<p><strong>O\u011flum, hardasansa t\u0259slim ol, s\u0259nin yerin onlar\u0131n yan\u0131 deyil, ata-anan\u0131n yan\u0131d\u0131r. N\u0259 vaxt f\u00fcrs\u0259t tapsan, polis\u0259, \u0259sg\u0259r\u0259 t\u0259slim ol. S\u0259nin \u00fc\u00e7\u00fcn art\u0131q g\u00fcc\u00fcm\u00fcz qalmad\u0131.<\/strong><\/p>\n\n\n\n<p><a target=\"_blank\" href=\"https:\/\/axar.az\/\" rel=\"noreferrer noopener\">Axar.az<\/a>&nbsp;x\u0259b\u0259r verir ki, bu m\u00fcraci\u0259ti o\u011flu PKK t\u0259r\u0259find\u0259n da\u011fa qa\u00e7\u0131r\u0131lan T\u00fcrkiy\u0259 v\u0259t\u0259nda\u015f\u0131 \u018fkr\u0259m G\u00f6kku\u015f yay\u0131b.<\/p>\n\n\n\n<p>1 ild\u0259n \u00e7oxdur ki, PKK \u0259leyhin\u0259 ke\u00e7iril\u0259n aksiyalarda i\u015ftirak etdiyini dey\u0259n G\u00f6kku\u015f o\u011flu geri qay\u0131dana q\u0259d\u0259r terror\u00e7ulara qar\u015f\u0131 kampaniyalarda i\u015ftirak ed\u0259c\u0259yini s\u00f6yl\u0259yib:<\/p>\n\n\n\n<p>&#171;O\u011flum g\u0259lm\u0259d\u0259n buradan getm\u0259y\u0259c\u0259m. Bu, k\u00fcrd m\u0259s\u0259l\u0259si deyil, erm\u0259ni m\u0259s\u0259l\u0259sidir. Oradan siz\u0259 fayda yoxdur, \u00f6z\u00fcn\u00fcz\u00fc bo\u015f-bo\u015funa \u00e7\u00fcr\u00fctm\u0259yin&#187;.<\/p>\n\n\n\n<p>Qeyd ed\u0259k ki, \u00f6t\u0259n ilin sentyabr ay\u0131ndan \u00f6vladlar\u0131 PKK t\u0259r\u0259find\u0259n da\u011flara qa\u00e7\u0131r\u0131lan valideynl\u0259r \u00f6lk\u0259nin d\u00f6rd bir yan\u0131ndan Diyarb\u0259kir\u0259 g\u0259l\u0259r\u0259k HDP-nin binas\u0131 \u00f6n\u00fcnd\u0259 aksiya ke\u00e7irir.<\/p>\n","protected":false},"excerpt":{"rendered":"<p>O\u011flum, hardasansa t\u0259slim ol, s\u0259nin yerin onlar\u0131n yan\u0131 deyil, ata-anan\u0131n yan\u0131d\u0131r. N\u0259 vaxt f\u00fcrs\u0259t tapsan, polis\u0259, \u0259sg\u0259r\u0259 t\u0259slim ol. S\u0259nin \u00fc\u00e7\u00fcn art\u0131q g\u00fcc\u00fcm\u00fcz qalmad\u0131.<\/p>\n","protected":false},"author":2,"featured_media":24541,"comment_status":"closed","ping_status":"closed","sticky":false,"template":"","format":"standard","meta":{"footnotes":""},"categories":[13],"tags":[],"class_list":["post-24540","post","type-post","status-publish","format-standard","has-post-thumbnail","hentry","category-xarici"],"aioseo_notices":[],"_links":{"self":[{"href":"https:\/\/fedai.az\/index.php?rest_route=\/wp\/v2\/posts\/24540","targetHints":{"allow":["GET"]}}],"collection":[{"href":"https:\/\/fedai.az\/index.php?rest_route=\/wp\/v2\/posts"}],"about":[{"href":"https:\/\/fedai.az\/index.php?rest_route=\/wp\/v2\/types\/post"}],"author":[{"embeddable":true,"href":"https:\/\/fedai.az\/index.php?rest_route=\/wp\/v2\/users\/2"}],"replies":[{"embeddable":true,"href":"https:\/\/fedai.az\/index.php?rest_route=%2Fwp%2Fv2%2Fcomments&post=24540"}],"version-history":[{"count":1,"href":"https:\/\/fedai.az\/index.php?rest_route=\/wp\/v2\/posts\/24540\/revisions"}],"predecessor-version":[{"id":24542,"href":"https:\/\/fedai.az\/index.php?rest_route=\/wp\/v2\/posts\/24540\/revisions\/24542"}],"wp:featuredmedia":[{"embeddable":true,"href":"https:\/\/fedai.az\/index.php?rest_route=\/wp\/v2\/media\/24541"}],"wp:attachment":[{"href":"https:\/\/fedai.az\/index.php?rest_route=%2Fwp%2Fv2%2Fmedia&parent=24540"}],"wp:term":[{"taxonomy":"category","embeddable":true,"href":"https:\/\/fedai.az\/index.php?rest_route=%2Fwp%2Fv2%2Fcategories&post=24540"},{"taxonomy":"post_tag","embeddable":true,"href":"https:\/\/fedai.az\/index.php?rest_route=%2Fwp%2Fv2%2Ftags&post=24540"}],"curies":[{"name":"wp","href":"https:\/\/api.w.org\/{rel}","templated":true}]}}