{"id":24603,"date":"2020-12-27T03:19:38","date_gmt":"2020-12-26T23:19:38","guid":{"rendered":"https:\/\/fedai.az\/?p=24603"},"modified":"2020-12-27T12:35:32","modified_gmt":"2020-12-27T08:35:32","slug":"erm%c9%99nil%c9%99rin-demoqrafik-yalanlari-oz-statistikalari-il%c9%99-uz%c9%99-cixir-qarabagin-az%c9%99rbaycanli-icmasi-is%c9%99-susur","status":"publish","type":"post","link":"https:\/\/fedai.az\/?p=24603","title":{"rendered":"Erm\u0259nil\u0259rin demoqrafik yalanlar\u0131 \u00f6z statistikalar\u0131 il\u0259 \u00fcz\u0259 \u00e7\u0131x\u0131r, Qaraba\u011f\u0131n az\u0259rbaycanl\u0131 \u0130cmas\u0131 is\u0259 susur&#8230;"},"content":{"rendered":"\n<p><strong>Erm\u0259nistan\u0131n \u018fm\u0259k v\u0259 Sosial \u0130\u015fl\u0259r Nazirliyi, Qaraba\u011fda qeydiyyatdan ke\u00e7mi\u015f t\u0259xmin\u0259n 90.000 v\u0259t\u0259nda\u015fa maddi yard\u0131m edib.<\/strong><\/p>\n\n\n\n<p>Armenpress-in verdiyi m\u0259lumata g\u00f6r\u0259, bunu Erm\u0259nistan\u0131n \u0259m\u0259k v\u0259 sosial m\u0259s\u0259l\u0259l\u0259r naziri Mesrop Arakelyan m\u0259tbuat konfrans\u0131nda deyib.<\/p>\n\n\n\n<p>\u201cSon m\u00fcharib\u0259d\u0259n sonra nazirliyimizin \u0259m\u0259kda\u015flar\u0131 dem\u0259k olar ki, b\u00fct\u00fcn m\u00fcharib\u0259 n\u0259tic\u0259sind\u0259 yaranan sosial probleml\u0259rin h\u0259lli prosesind\u0259 i\u015ftirak edir. Artsaxda qeydiyyatdan ke\u00e7mi\u015f v\u0259t\u0259nda\u015flara maddi yard\u0131m g\u00f6st\u0259rdik, h\u0259r bir n\u0259f\u0259r \u00fc\u00e7\u00fcn 68.000 AMD (245 manat), \u0259mlak\u0131 olmayan \u015f\u0259xsl\u0259r \u00fc\u00e7\u00fcn 15.000 (54 manat) \u0259lav\u0259 \u00f6d\u0259ni\u015f etdik.<\/p>\n\n\n\n<p>Bu qrupda hadis\u0259d\u0259n faydalanmayan b\u0259zi istisnalar var\u201d-dey\u0259 Arakelyan bildirib.<\/p>\n\n\n\n<figure class=\"wp-block-image size-large\"><img loading=\"lazy\" decoding=\"async\" width=\"1024\" height=\"533\" src=\"https:\/\/fedai.az\/wp-content\/uploads\/2020\/12\/armpensiya-1024x533.jpg\" alt=\"\" class=\"wp-image-24604\" srcset=\"https:\/\/fedai.az\/wp-content\/uploads\/2020\/12\/armpensiya-1024x533.jpg 1024w, https:\/\/fedai.az\/wp-content\/uploads\/2020\/12\/armpensiya-300x156.jpg 300w, https:\/\/fedai.az\/wp-content\/uploads\/2020\/12\/armpensiya-150x78.jpg 150w, https:\/\/fedai.az\/wp-content\/uploads\/2020\/12\/armpensiya-768x400.jpg 768w, https:\/\/fedai.az\/wp-content\/uploads\/2020\/12\/armpensiya.jpg 1200w\" sizes=\"auto, (max-width: 1024px) 100vw, 1024px\" \/><\/figure>\n\n\n\n<p>Onun s\u00f6zl\u0259rin\u0259 g\u00f6r\u0259, haz\u0131rda <strong>90 min<\/strong> v\u0259t\u0259nda\u015fa art\u0131q 6,5 milyard dram h\u0259cmind\u0259 yard\u0131m g\u00f6st\u0259rilib.<\/p>\n\n\n\n<p>Nazir proqram\u0131 istifad\u0259 ed\u0259n v\u0259t\u0259nda\u015flar\u0131n faktiki faydalananlar\u0131n dem\u0259k olar ki, <strong>98 faizi<\/strong>ni t\u0259\u015fkil etdiyini v\u0259 bu anda m\u00fcraci\u0259t etm\u0259li v\u0259 bu proqram\u0131 istifad\u0259 etm\u0259li olan bir ne\u00e7\u0259 min v\u0259t\u0259nda\u015f\u0131n qald\u0131\u011f\u0131n\u0131 s\u00f6yl\u0259yib.<\/p>\n\n\n\n<p>Qaraba\u011fda qeydiyyatdan ke\u00e7mi\u015f v\u0259t\u0259nda\u015flara yard\u0131m proqram\u0131ndan faydalananlar Az\u0259rbaycan t\u0259r\u0259find\u0259n ba\u015flad\u0131lan m\u00fcharib\u0259 n\u0259tic\u0259sind\u0259 did\u0259rgin d\u00fc\u015fm\u00fc\u015f v\u0259 h\u0259qiq\u0259t\u0259n Erm\u0259nistanda v\u0259 ya Qaraba\u011fda qeydiyyatdan ke\u00e7mi\u015f Qaraba\u011f &#171;v\u0259t\u0259nda\u015flar\u0131d\u0131r&#187;.<\/p>\n\n\n\n<p>Rusiya MN yayd\u0131\u011f\u0131 informasiyaya g\u00f6r\u0259 is\u0259 son sutka \u0259rzind\u0259 Erm\u0259nistandan Qaraba\u011fa daha 540 erm\u0259ni g\u0259tirildiyi bildirilir. Qeyd edilib ki, bununla da Qaraba\u011fa qaytar\u0131lan erm\u0259nil\u0259rin say\u0131 <strong>44590-<\/strong>a \u00e7at\u0131b. Rusiya s\u00fclhm\u0259raml\u0131lar\u0131 erm\u0259nil\u0259rin Xank\u0259ndiy\u0259 qaytar\u0131lmas\u0131, onlar\u0131n yerl\u0259\u015fdirilm\u0259si, kommunal probleml\u0259rin h\u0259lli, humanitar yard\u0131m, t\u0259drisin b\u0259rpa olunmas\u0131, modul evl\u0259rin tikilm\u0259si v\u0259 s. kimi erm\u0259nil\u0259r\u0259 geni\u015fh\u0259cmli yard\u0131m g\u00f6st\u0259rir. Xat\u0131rladaq ki, Erm\u0259nistan t\u0259r\u0259fi 90 min qa\u00e7q\u0131n q\u0259bul etdiyini d\u0259f\u0259l\u0259rl\u0259 a\u00e7\u0131qlam\u0131\u015fd\u0131.<\/p>\n\n\n\n<p>Armenpress-in yayd\u0131\u011f\u0131 bu informasiyan\u0131n tam yaymaqda bir m\u0259qs\u0259dim var. Burada erm\u0259ni say\u0131n\u0131 d\u0259qiql\u0259\u015fdirm\u0259k m\u00fcmk\u00fcnd\u00fcr. Xat\u0131rlay\u0131rs\u0131n\u0131zsa, d\u0259f\u0259l\u0259rl\u0259 yazm\u0131\u015fam ki, n\u0259 Sovet i\u015f\u011fal\u0131 d\u00f6vr\u00fc, n\u0259 d\u0259 indi Qaraba\u011fda he\u00e7 zaman 100 min erm\u0259ni ya\u015famay\u0131b. Bu demoqrafik erm\u0259ni yalan\u0131d\u0131r v\u0259 \u0259n son 2017-ci il\u0259 aid statistik m\u0259lumatlarda erm\u0259ni say\u0131 147 min n\u0259f\u0259r g\u00f6st\u0259rilib: &#171;2017-ci il \u00fc\u00e7\u00fcn hesablamalara g\u00f6r\u0259, Da\u011fl\u0131q Qaraba\u011f\u0131n erm\u0259ni \u0259halisi <strong>147 <\/strong>min n\u0259f\u0259r idi ki, bunun da 56,7% -i \u015f\u0259h\u0259rl\u0259rd\u0259 c\u0259ml\u0259\u015fmi\u015fdi. 1 dekabr 2015-ci il tarixind\u0259 ke\u00e7irilmi\u015f \u0259hali siyah\u0131yaalmas\u0131n\u0131n n\u0259tic\u0259l\u0259rin\u0259 g\u00f6r\u0259, DQR \u0259halisi daimi \u0259halinin 145 053 n\u0259f\u0259r <strong>(\u00f6lk\u0259d\u0259 m\u00fcv\u0259qq\u0259ti olmayanlar da daxil olmaqla)<\/strong> v\u0259 ya cari \u0259halinin say\u0131 <strong>140 535<\/strong> n\u0259f\u0259ri idi (DQR \u0259razisind\u0259ki m\u00fcv\u0259qq\u0259ti \u00f6lk\u0259d\u0259n \u00e7\u0131xmadan siyah\u0131yaalmada qeyd edildi). 2005-ci il siyah\u0131yaalmas\u0131na g\u00f6r\u0259 respublikan\u0131n daimi \u0259halisi<strong> 137 737<\/strong> n\u0259f\u0259r, 1995-ci ild\u0259 <strong>126,400<\/strong> n\u0259f\u0259r olub&#187;. <\/p>\n\n\n\n<p>Amma yard\u0131m paylanan siyah\u0131da  bu r\u0259q\u0259m 90 min g\u00f6st\u0259rilir v\u0259 bu r\u0259q\u0259min 98%-i \u0259hat\u0259 etdiyi vur\u011fulan\u0131r. T\u0259qdim olunan siyah\u0131da is\u0259 \u0259n az\u0131 20 min n\u0259f\u0259r \u00f6lk\u0259mizd\u0259 qalmaqda olan qanunsuz terror d\u0259st\u0259l\u0259rinin \u00fczvl\u0259ri v\u0259 onlar\u0131n ail\u0259l\u0259ridir. Ali Ba\u015f Komandan c\u0259nab \u0130. \u018fliyev dediyi kimi b\u00f6lg\u0259d\u0259ki erm\u0259ni say\u0131 c\u0259mi 65 min n\u0259f\u0259r ola bil\u0259r. Bu fakt sad\u0259, s\u0131radan bir fakt deyil. \u015eok, maraql\u0131 v\u0259 s. bu tipli materiallar axtaran mediam\u0131z bu fakt\u0131 d\u00fcnya informasiya m\u0259kan\u0131na \u00e7\u0131xarma\u011fa \u00e7al\u0131\u015fmal\u0131d\u0131r. D\u00f6vl\u0259td\u0259n qrant al\u0131b bo\u015f-bo\u015f \u015feyl\u0259r\u0259 x\u0259rcl\u0259y\u0259nl\u0259r d\u0259 bu m\u0259s\u0259l\u0259y\u0259 diqq\u0259t ay\u0131rmal\u0131d\u0131rlar.  Susqunluqda v\u0259 yar\u0131tmazl\u0131qda Bayram S\u0259f\u0259rovu b\u00fct\u00fcn \u00f6l\u0259nl\u0259rin\u0259 r\u0259hm\u0259t oxudan Qaraba\u011f\u0131n az\u0259rbaycanl\u0131 icmas\u0131n\u0131n r\u0259hb\u0259ri Tural G\u0259nc\u0259liyev, erm\u0259ni dili \u00f6yr\u0259nm\u0259kd\u0259ns\u0259, demoqrafik c\u0259h\u0259td\u0259n etnik \u00e7oxlu\u011fa malik icman\u0131n s\u0259sini d\u00fcnyaya \u00e7atd\u0131rmal\u0131d\u0131r. <\/p>\n\n\n\n<p>T\u0259krar\u0259n t\u0259xmin olunan az\u0259rbaycanl\u0131 icmas\u0131n\u0131n siyah\u0131s\u0131n\u0131 diqq\u0259tiniz\u0259 \u00e7atd\u0131r\u0131ram:<\/p>\n\n\n\n<p><strong>Xank\u0259ndi \u2014&nbsp;17 000<br>Xocal\u0131 \u2014&nbsp;27500<br>\u015eu\u015fa \u2014&nbsp;34200<br>Xocav\u0259nd \u2014&nbsp;12216<br>A\u011fd\u0259r\u0259 \u2014&nbsp;14800<\/strong><\/p>\n\n\n\n<hr class=\"wp-block-separator\"\/>\n\n\n\n<p><strong>C\u0259mi: 105716<\/strong><\/p>\n\n\n\n<p><strong>Bu bilirsiniz n\u0259 dem\u0259kdir?<\/strong> 30 il \u0259rzind\u0259 Rusiya imperiyas\u0131 &#171;etnik erm\u0259ni \u00e7oxlu\u011fu&#187;, m\u00fcq\u0259dd\u0259rat\u0131 t\u0259yin etm\u0259 v\u0259 s. saxtakarl\u0131\u011f\u0131 il\u0259 d\u00fcnyan\u0131 aldatmaqla m\u0259\u015f\u011ful olub v\u0259 bu g\u00fcn d\u0259 Matviyenkonun a\u011fz\u0131yla statusdan d\u0259m vurur. Rusiya yax\u015f\u0131 bilir ki, &#171;pi\u015fik a\u011fz\u0131nda balas\u0131n\u0131 da\u015f\u0131yan kimi b\u00f6lg\u0259y\u0259 erm\u0259ni da\u015f\u0131masa&#187; bu m\u0259nfur kart\u0131n\u0131 da art\u0131q itirib. <strong>El\u0259 ona g\u00f6r\u0259 d\u0259 \u00f6nc\u0259 qanunsuz h\u0259rbi birl\u0259\u015fm\u0259l\u0259rin \u00e7\u0131xar\u0131lmas\u0131 qrafikini t\u0259l\u0259b etm\u0259li v\u0259 karidor \u00fcz\u0259rind\u0259 aidiyyatl\u0131 (SQ, K\u00f6mr\u00fck v\u0259 s.) punktlar\u0131n\u0131 yaratmal\u0131y\u0131q. Rusiyan\u0131n b\u00f6lg\u0259d\u0259ki f\u0259aliyy\u0259ti tam n\u0259zar\u0259t\u0259 al\u0131nmas\u0131 \u00fc\u00e7\u00fcn parlament komissiyas\u0131 yarad\u0131lmal\u0131 v\u0259 pasport rejiminin ard\u0131c\u0131l olaraq yoxlanmas\u0131na ba\u015flanmal\u0131d\u0131r. Q\u0259ti q\u0259l\u0259b\u0259y\u0259 ged\u0259n yol bunlar\u0131 etm\u0259yimizd\u0259n as\u0131l\u0131d\u0131r. <\/strong><\/p>\n\n\n\n<p>\u0130ndi 30 illik m\u0259cburi k\u00f6\u00e7k\u00fcnl\u0259rl\u0259 maraqlanmayan Rusiya s\u00fclh m\u0259rams\u0131zlar\u0131, b\u0259lk\u0259 erm\u0259ni haykanu\u015flar\u0131n\u0131 gec\u0259l\u0259r qorxmas\u0131nlar dey\u0259 tualetl\u0259r\u0259 aparmaq \u00fc\u00e7\u00fcn g\u0259libl\u0259r? Az\u0259rbaycanl\u0131 icmas\u0131 art\u0131q qay\u0131d\u0131\u015f\u0131 u\u011frunda m\u00fcraci\u0259tl\u0259r\u0259 ba\u015flamal\u0131d\u0131r.<\/p>\n\n\n\n<p><strong>Xaqani \u018fd\u0259bo\u011flu<\/strong><\/p>\n\n\n\n<p><strong><em>AVMV\u0130B M\u0259tbuat Xidm\u0259tinin r\u0259hb\u0259ri<\/em><\/strong><\/p>\n","protected":false},"excerpt":{"rendered":"<p>Erm\u0259nistan\u0131n \u018fm\u0259k v\u0259 Sosial \u0130\u015fl\u0259r Nazirliyi, Qaraba\u011fda qeydiyyatdan ke\u00e7mi\u015f t\u0259xmin\u0259n 90.000 v\u0259t\u0259nda\u015fa maddi yard\u0131m edib. Armenpress-in verdiyi m\u0259lumata g\u00f6r\u0259, bunu Erm\u0259nistan\u0131n \u0259m\u0259k v\u0259 sosial<\/p>\n","protected":false},"author":2,"featured_media":24605,"comment_status":"closed","ping_status":"closed","sticky":false,"template":"","format":"standard","meta":{"footnotes":""},"categories":[14],"tags":[],"class_list":["post-24603","post","type-post","status-publish","format-standard","has-post-thumbnail","hentry","category-kos"],"aioseo_notices":[],"_links":{"self":[{"href":"https:\/\/fedai.az\/index.php?rest_route=\/wp\/v2\/posts\/24603","targetHints":{"allow":["GET"]}}],"collection":[{"href":"https:\/\/fedai.az\/index.php?rest_route=\/wp\/v2\/posts"}],"about":[{"href":"https:\/\/fedai.az\/index.php?rest_route=\/wp\/v2\/types\/post"}],"author":[{"embeddable":true,"href":"https:\/\/fedai.az\/index.php?rest_route=\/wp\/v2\/users\/2"}],"replies":[{"embeddable":true,"href":"https:\/\/fedai.az\/index.php?rest_route=%2Fwp%2Fv2%2Fcomments&post=24603"}],"version-history":[{"count":3,"href":"https:\/\/fedai.az\/index.php?rest_route=\/wp\/v2\/posts\/24603\/revisions"}],"predecessor-version":[{"id":24634,"href":"https:\/\/fedai.az\/index.php?rest_route=\/wp\/v2\/posts\/24603\/revisions\/24634"}],"wp:featuredmedia":[{"embeddable":true,"href":"https:\/\/fedai.az\/index.php?rest_route=\/wp\/v2\/media\/24605"}],"wp:attachment":[{"href":"https:\/\/fedai.az\/index.php?rest_route=%2Fwp%2Fv2%2Fmedia&parent=24603"}],"wp:term":[{"taxonomy":"category","embeddable":true,"href":"https:\/\/fedai.az\/index.php?rest_route=%2Fwp%2Fv2%2Fcategories&post=24603"},{"taxonomy":"post_tag","embeddable":true,"href":"https:\/\/fedai.az\/index.php?rest_route=%2Fwp%2Fv2%2Ftags&post=24603"}],"curies":[{"name":"wp","href":"https:\/\/api.w.org\/{rel}","templated":true}]}}