{"id":24607,"date":"2020-12-27T03:41:00","date_gmt":"2020-12-26T23:41:00","guid":{"rendered":"https:\/\/fedai.az\/?p=24607"},"modified":"2020-12-27T03:41:02","modified_gmt":"2020-12-26T23:41:02","slug":"le-monde-t%c9%99crub%c9%99li-erm%c9%99ni-ordusu-c%c9%99mi-bir-nec%c9%99-gun-sonra-qacmaga-basladi","status":"publish","type":"post","link":"https:\/\/fedai.az\/?p=24607","title":{"rendered":"\u201cLe Monde\u201d: \u201cT\u0259cr\u00fcb\u0259li erm\u0259ni ordusu c\u0259mi bir ne\u00e7\u0259 g\u00fcn sonra qa\u00e7ma\u011fa ba\u015flad\u0131&#8230;\u201d"},"content":{"rendered":"\n<p><strong>Erm\u0259nistanla Az\u0259rbaycan aras\u0131nda m\u00fcharib\u0259y\u0259 s\u0259b\u0259b olmu\u015f ki\u00e7ik Da\u011fl\u0131q Qaraba\u011f regionu son vaxtlara q\u0259d\u0259r ancaq bir ovuc ekspertin diqq\u0259tini c\u0259lb edirdi v\u0259 sonda geosiyas\u0259t radarlar\u0131ndan itdi. \u00c7\u00fcnki onu SSR\u0130-nin da\u011f\u0131lmas\u0131ndan sonra meydana \u00e7\u0131xan v\u0259 dondurulmu\u015f m\u00fcnaqi\u015f\u0259l\u0259r siyah\u0131s\u0131na daxil etmi\u015fdil\u0259r. Lakin 1994-c\u00fc ild\u0259 \u0259ld\u0259 edilmi\u015f at\u0259\u015fk\u0259sd\u0259n 26 il sonra &nbsp;bu da\u011fl\u0131q regionda yenid\u0259n m\u00fcnaqi\u015f\u0259 alovland\u0131, bu m\u00fcharib\u0259nin &nbsp;intensivliyi v\u0259 xarakteristikas\u0131 h\u0259rbi ekspertl\u0259ri d\u00fc\u015f\u00fcnm\u0259y\u0259 m\u0259cbur edir.<\/strong><\/p>\n\n\n\n<p><strong>Fedai.az\u00a0<\/strong>\u00a0x\u0259b\u0259r verir ki, bu c\u00fcml\u0259l\u0259r Fransan\u0131n n\u00fcfuzlu \u201cLe Monde\u201d q\u0259zetinin Qaraba\u011fda Az\u0259rbaycan ordusunun \u015fanl\u0131 q\u0259l\u0259b\u0259si il\u0259 yekunla\u015fan 44 g\u00fcnl\u00fck m\u00fcharib\u0259 v\u0259 bu m\u00fcharib\u0259d\u0259 ilk d\u0259f\u0259 pilotsuz aparatlar\u0131n misli g\u00f6r\u00fcnm\u0259mi\u015f miqyasda t\u0259tbiqi haqda m\u0259qal\u0259sind\u0259n g\u00f6t\u00fcr\u00fcl\u00fcb.<\/p>\n\n\n\n<p>\u201cC\u0259mi 6 h\u0259ft\u0259d\u0259n d\u0259 az m\u00fcdd\u0259td\u0259 h\u0259r \u015fey d\u0259yi\u015fdi. Sentyabr\u0131n 27-d\u0259 ba\u015flayan d\u00f6y\u00fc\u015f \u0259m\u0259liyyatlar\u0131 erm\u0259ni q\u00fcvv\u0259l\u0259rinin m\u0259\u011flubiyy\u0259ti v\u0259 10 noyabr Moskva raz\u0131la\u015fmas\u0131n\u0131n imzalanmas\u0131 il\u0259 yekunla\u015fd\u0131. Da\u011fl\u0131q Qaraba\u011f \u0259traf\u0131nda yerl\u0259\u015f\u0259n v\u0259 1994-c\u00fc il at\u0259\u015fk\u0259sin\u0259 q\u0259d\u0259r Erm\u0259nistan t\u0259r\u0259find\u0259n i\u015f\u011fal olunan \u0259razil\u0259r Az\u0259rbaycan\u0131n n\u0259zar\u0259ti alt\u0131na qay\u0131td\u0131, \u00fcst\u0259lik \u00f6z\u00fcn\u00fc m\u00fcst\u0259qil elan ed\u0259n erm\u0259ni anklav\u0131 da az qala eyni aqib\u0259ti ya\u015fayacaqd\u0131. Bu ssenarini ancaq Rusiya q\u00fcvv\u0259l\u0259rinin m\u00fcdaxil\u0259si dayand\u0131rd\u0131\u201d,-q\u0259zet yaz\u0131r.<\/p>\n\n\n\n<figure class=\"wp-block-image size-large is-resized\"><img loading=\"lazy\" decoding=\"async\" src=\"https:\/\/fedai.az\/wp-content\/uploads\/2020\/12\/348678_src.jpg\" alt=\"\" class=\"wp-image-24608\" width=\"1023\" height=\"681\" srcset=\"https:\/\/fedai.az\/wp-content\/uploads\/2020\/12\/348678_src.jpg 620w, https:\/\/fedai.az\/wp-content\/uploads\/2020\/12\/348678_src-300x200.jpg 300w, https:\/\/fedai.az\/wp-content\/uploads\/2020\/12\/348678_src-150x100.jpg 150w\" sizes=\"auto, (max-width: 1023px) 100vw, 1023px\" \/><\/figure>\n\n\n\n<p>\u201cLe Monde\u201d q\u0259zetinin yazd\u0131\u011f\u0131na g\u00f6r\u0259, \u00a0bu vaxta q\u0259d\u0259r hesab edilirdi ki, erm\u0259ni ordusu effektivdir v\u0259 motivasiyal\u0131d\u0131r, \u0259raziy\u0259 daha yax\u015f\u0131 b\u0259l\u0259ddir, daha \u0259lveri\u015fli m\u00f6vqel\u0259rd\u0259 m\u00f6hk\u0259ml\u0259nib.<strong>\u00a0\u201cBununla bel\u0259 Az\u0259rbaycan son ill\u0259rd\u0259 heyr\u0259tamiz h\u0259rbi arsenal c\u0259ml\u0259di v\u0259 m\u00fcnaqi\u015f\u0259y\u0259 birba\u015fa m\u00fcdaxil\u0259nin h\u0259nd\u0259v\u0259rind\u0259 olan \u00f6lk\u0259nin-T\u00fcrkiy\u0259nin d\u0259st\u0259yi il\u0259 diqq\u0259tl\u0259 \u0259m\u0259liyyata haz\u0131rla\u015fd\u0131. M\u00fcharib\u0259nin ba\u015flamas\u0131ndan \u0259vv\u0259lki 11 ay \u0259rzind\u0259 Bak\u0131 Ankaradan 256 milyon dollarl\u0131q silah, o c\u00fcml\u0259d\u0259n alt\u0131 \u201cBayraktar TB2\u201d d\u00f6y\u00fc\u015f pilotsuz t\u0259yyar\u0259si ald\u0131. N\u0259tic\u0259d\u0259 o, T\u00fcrkiy\u0259nin o c\u00fcml\u0259d\u0259n Suriyada t\u0259tbiq etdiyi texnoloji nailiyy\u0259tl\u0259rd\u0259n v\u0259 t\u0259cr\u00fcb\u0259d\u0259n istifad\u0259 ed\u0259 bildi\u201d<\/strong>,- m\u0259qal\u0259 m\u00fc\u0259llifl\u0259ri \u0130zabel Mandro v\u0259 Maced Zarruki yaz\u0131r.<\/p>\n\n\n\n<p>Bildirilir ki, 2016-2020-ci ill\u0259r \u0259rzind\u0259 T\u00fcrkiy\u0259 \u201cBahar qalxan\u0131\u201d \u00fcmumi ad\u0131 alt\u0131nda &nbsp;bir ne\u00e7\u0259 transs\u0259rh\u0259d \u0259m\u0259liyyatlar\u0131na on minl\u0259rl\u0259 canl\u0131 q\u00fcvv\u0259 (AB\u015e istisna olmaqla NATo \u00fczv\u00fc \u00f6lk\u0259l\u0259r aras\u0131nda g\u00f6r\u00fcnm\u0259mi\u015f miqyas) c\u0259lb etdi v\u0259 n\u0259tic\u0259d\u0259 Suriya ordusu il\u0259 birba\u015fa toqqu\u015fma riski d\u0259 yarand\u0131.<\/p>\n\n\n\n<p><strong>D\u00f6y\u00fc\u015f dronlar\u0131<\/strong><\/p>\n\n\n\n<p>Q\u0259zet daha sonra yaz\u0131r ki, 2020-ci ilin mart\u0131nda apar\u0131lan sonuncu bel\u0259 \u0259m\u0259liyyat zaman\u0131 d\u00f6y\u00fc\u015f dronlar\u0131, artilleriya, radioelektron m\u00fcbariz\u0259 vasit\u0259l\u0259ri v\u0259 x\u00fcsusi t\u0259yinatl\u0131lar il d\u0259f\u0259 k\u00fctl\u0259vi \u015f\u0259kild\u0259 nizami orduya, onun zirehli texnikas\u0131na, artilleriyas\u0131na v\u0259 hava h\u00fccumundan m\u00fcdafi\u0259 q\u00fcvv\u0259l\u0259rin\u0259 qar\u015f\u0131 t\u0259tbiq edildi. C\u0259mi \u00fc\u00e7 gec\u0259 \u0259rzind\u0259 D\u0259m\u0259\u015fq 124 tank v\u0259 zirehli texnika itirdi. \u018fs\u0259d ordusunun q\u0259rargahlar\u0131, anbarlar\u0131 v\u0259 t\u0259chizat x\u0259tl\u0259ri da\u011f\u0131d\u0131ld\u0131.<\/p>\n\n\n\n<p><strong>\u201cH\u0259r\u00e7\u0259nd \u018fs\u0259din g\u00fccd\u0259n d\u00fc\u015fm\u00fc\u015f ordusu Qaraba\u011fdak\u0131 Erm\u0259nistan q\u00fcvv\u0259l\u0259ri il\u0259 m\u00fcqayis\u0259y\u0259 g\u0259lmir, amma\u00a0 o da eynil\u0259 bu c\u00fcr texnoloji gerilikd\u0259n v\u0259 b\u0259lalardan \u0259ziyy\u0259t \u00e7\u0259kir: h\u0259l\u0259 sovet d\u00f6vr\u00fcnd\u0259 istehsal olunmu\u015f texnika, havadan d\u0259st\u0259yin olmamas\u0131, onu \u201ckor ed\u0259n\u201d dronlara v\u0259 radioelektron m\u00fcbariz\u0259 vasit\u0259l\u0259rin\u0259 qar\u015f\u0131 m\u00fcbariz\u0259 apara bilm\u0259m\u0259k. Da\u011fl\u0131q Qaraba\u011fda c\u0259mi bir ne\u00e7\u0259 g\u00fcn laz\u0131m g\u0259ldi ki, t\u0259cr\u00fcb\u0259li erm\u0259ni ordusu qa\u00e7ma\u011fa \u00fcz tutsun. T\u00fcrkiy\u0259 v\u0259 \u0130srailin istehsal etdiyi dronlar praktiki olaraq d\u00f6y\u00fc\u015f aviasiyas\u0131n\u0131n yerin yetirdiyi v\u0259zif\u0259ni yerin\u0259 yetirdi. Onlar \u0259hali aras\u0131nda xof yaratd\u0131, b\u00f6y\u00fck canl\u0131 q\u00fcvv\u0259 v\u0259 texnika itkisin\u0259 s\u0259b\u0259b oldu\u201d,<\/strong> &#8212; m\u00fc\u0259llifl\u0259r yaz\u0131rlar.<\/p>\n\n\n\n<p>\u201cLe Monde\u201d xat\u0131rlad\u0131r ki, dronlar Az\u0259rbaycan ordusuna erm\u0259ni q\u00fcvv\u0259l\u0259rinin m\u00f6vqel\u0259rin\u0259 artilleriya z\u0259rb\u0259l\u0259ri endirm\u0259k v\u0259 onlar\u0131n t\u0259chizat kanallar\u0131n\u0131 k\u0259sm\u0259k \u00fc\u00e7\u00fcn k\u0259\u015ffiyyat m\u0259qs\u0259di il\u0259 istifad\u0259 edilirdi.\u00a0<strong>Suriya v\u0259 Liviyada oldu\u011fu kimi, Rusiya Hava H\u00fccumundan M\u00fcdafi\u0259 sisteml\u0259ri bu c\u00fcr nisb\u0259t\u0259n ki\u00e7ik v\u0259 yava\u015f u\u00e7an aparatlara qar\u015f\u0131 qeyri-effektiv oldu.<\/strong>\u00a0Erm\u0259nistan\u0131n Rusiyadan ald\u0131\u011f\u0131 radioelektron m\u00fcbariz\u0259 vasit\u0259l\u0259ri d\u0259 dronlar\u0131n idar\u0259etm\u0259sini pozmaqda i\u015f\u0259 yaramad\u0131, Erm\u0259nistan Su-30 q\u0131r\u0131c\u0131lar\u0131n\u0131 da i\u015f\u0259 salma\u011fa c\u0259sar\u0259t etm\u0259di. Bir t\u0259r\u0259fd\u0259n \u00e7ox bahad\u0131r v\u0259 onunla m\u00fcqayis\u0259d\u0259 d\u00fc\u015fm\u0259nin dron itirm\u0259si el\u0259 d\u0259 b\u00f6y\u00fck rol oynam\u0131r. Dig\u0259r t\u0259r\u0259fd\u0259n Erm\u0259nistan h\u0259l\u0259 Su-30 q\u0131r\u0131c\u0131lar\u0131 \u00fc\u00e7\u00fcn raketl\u0259r alma\u011fa f\u00fcrs\u0259t tapa bilm\u0259mi\u015fdi.<\/p>\n\n\n\n<figure class=\"wp-block-image size-large is-resized\"><img loading=\"lazy\" decoding=\"async\" src=\"https:\/\/fedai.az\/wp-content\/uploads\/2020\/12\/348679_src.jpg\" alt=\"\" class=\"wp-image-24609\" width=\"1042\" height=\"587\" srcset=\"https:\/\/fedai.az\/wp-content\/uploads\/2020\/12\/348679_src.jpg 620w, https:\/\/fedai.az\/wp-content\/uploads\/2020\/12\/348679_src-300x169.jpg 300w, https:\/\/fedai.az\/wp-content\/uploads\/2020\/12\/348679_src-150x84.jpg 150w\" sizes=\"auto, (max-width: 1042px) 100vw, 1042px\" \/><\/figure>\n\n\n\n<p>\u201cAvropa bu m\u00fcnaqi\u015f\u0259nin d\u0259rsl\u0259rini diqq\u0259tl\u0259 \u00f6yr\u0259m\u0259lidir v\u0259 onu iki kas\u0131b \u00f6lk\u0259 aras\u0131nda balaca m\u00fcharib\u0259 kimi d\u0259y\u0259rl\u0259ndirm\u0259m\u0259lidir. Avropada ancaq Fransa v\u0259 Almaniyan\u0131n dronlara qar\u015f\u0131 kifay\u0259t q\u0259d\u0259r radioelektron m\u00fcbariz\u0259 sisteml\u0259ri (ki\u00e7ik radiuslu) var, Avropa \u0130ttifaq\u0131n\u0131n ordular\u0131n\u0131n \u0259ks\u0259riyy\u0259ti is\u0259 m\u00fcasir m\u00fcharib\u0259d\u0259 erm\u0259ni ordusunun g\u00fcn\u00fcn\u0259 d\u00fc\u015f\u0259rdi\u201d,-Beyn\u0259lxalq M\u00fcnasib\u0259tl\u0259r \u00fczr\u0259 Avropa \u015euras\u0131ndan Qustav Qressel deyir.<\/p>\n\n\n\n<p>Fransal\u0131 h\u0259rbi ekspert Mi\u015fel Qoyya is\u0259 \u00f6z n\u00f6vb\u0259sind\u0259 Qaraba\u011f m\u00fcharib\u0259sind\u0259 dronlar\u0131n k\u00fctl\u0259vi istifad\u0259sin\u0259 diqq\u0259ti c\u0259lb edir. Deyir ki, indiy\u0259 q\u0259d\u0259r he\u00e7 bir h\u0259rbi kampaniyada dronlar bu c\u00fcr b\u00f6y\u00fck da\u011f\u0131nt\u0131lar t\u00f6r\u0259tm\u0259mi\u015fdi.&nbsp;<strong>\u201cQ\u0259rb ordular\u0131nda bu u\u00e7an q\u0259rib\u0259 texnikalara laqeyd yana\u015fmaq \u0259n\u0259n\u0259si vard\u0131, hesab edirdil\u0259r ki, dronlar y\u00fcks\u0259k intensivlikli d\u00f6y\u00fc\u015f \u015f\u0259rtl\u0259rind\u0259 \u00e7ox davam g\u0259tir\u0259 bilm\u0259z v\u0259 d\u00f6y\u00fc\u015f t\u0259yyar\u0259l\u0259ri s\u0259malar\u0131n h\u00f6kmdarlar\u0131 kimi qalacaqlar. \u018fslind\u0259 is\u0259 tamamil\u0259 \u0259ks m\u0259nz\u0259r\u0259 ortaya \u00e7\u0131xd\u0131\u201d,<\/strong>\u2013 o bildirir.<\/p>\n\n\n\n<p>Xat\u0131rladaq ki, Az\u0259rbaycan ordusunun m\u00fcharib\u0259 t\u0259cr\u00fcb\u0259sini, onun m\u00fcxt\u0259lif tipli dronlar\u0131 k\u00fctl\u0259vi t\u0259tbiq etm\u0259sini ba\u015fda AB\u015e ordusu olmaqla bir s\u0131ra \u00f6lk\u0259l\u0259rin, o c\u00fcml\u0259d\u0259n Rusiyan\u0131n M\u00fcdafi\u0259 Nazirliyi v\u0259 h\u0259rbi m\u00fct\u0259x\u0259ssisl\u0259ri t\u0259hlil etm\u0259kd\u0259dir. <strong>(virtualaz.org)<\/strong><\/p>\n\n\n\n<figure class=\"wp-block-image size-large is-resized\"><img loading=\"lazy\" decoding=\"async\" src=\"https:\/\/fedai.az\/wp-content\/uploads\/2020\/12\/348681_src.jpg\" alt=\"\" class=\"wp-image-24611\" width=\"1021\" height=\"678\" srcset=\"https:\/\/fedai.az\/wp-content\/uploads\/2020\/12\/348681_src.jpg 620w, https:\/\/fedai.az\/wp-content\/uploads\/2020\/12\/348681_src-300x199.jpg 300w, https:\/\/fedai.az\/wp-content\/uploads\/2020\/12\/348681_src-150x100.jpg 150w\" sizes=\"auto, (max-width: 1021px) 100vw, 1021px\" \/><\/figure>\n","protected":false},"excerpt":{"rendered":"<p>Erm\u0259nistanla Az\u0259rbaycan aras\u0131nda m\u00fcharib\u0259y\u0259 s\u0259b\u0259b olmu\u015f ki\u00e7ik Da\u011fl\u0131q Qaraba\u011f regionu son vaxtlara q\u0259d\u0259r ancaq bir ovuc ekspertin diqq\u0259tini c\u0259lb edirdi v\u0259 sonda geosiyas\u0259t radarlar\u0131ndan<\/p>\n","protected":false},"author":2,"featured_media":24610,"comment_status":"closed","ping_status":"closed","sticky":false,"template":"","format":"standard","meta":{"footnotes":""},"categories":[3],"tags":[],"class_list":["post-24607","post","type-post","status-publish","format-standard","has-post-thumbnail","hentry","category-gundm"],"aioseo_notices":[],"_links":{"self":[{"href":"https:\/\/fedai.az\/index.php?rest_route=\/wp\/v2\/posts\/24607","targetHints":{"allow":["GET"]}}],"collection":[{"href":"https:\/\/fedai.az\/index.php?rest_route=\/wp\/v2\/posts"}],"about":[{"href":"https:\/\/fedai.az\/index.php?rest_route=\/wp\/v2\/types\/post"}],"author":[{"embeddable":true,"href":"https:\/\/fedai.az\/index.php?rest_route=\/wp\/v2\/users\/2"}],"replies":[{"embeddable":true,"href":"https:\/\/fedai.az\/index.php?rest_route=%2Fwp%2Fv2%2Fcomments&post=24607"}],"version-history":[{"count":1,"href":"https:\/\/fedai.az\/index.php?rest_route=\/wp\/v2\/posts\/24607\/revisions"}],"predecessor-version":[{"id":24612,"href":"https:\/\/fedai.az\/index.php?rest_route=\/wp\/v2\/posts\/24607\/revisions\/24612"}],"wp:featuredmedia":[{"embeddable":true,"href":"https:\/\/fedai.az\/index.php?rest_route=\/wp\/v2\/media\/24610"}],"wp:attachment":[{"href":"https:\/\/fedai.az\/index.php?rest_route=%2Fwp%2Fv2%2Fmedia&parent=24607"}],"wp:term":[{"taxonomy":"category","embeddable":true,"href":"https:\/\/fedai.az\/index.php?rest_route=%2Fwp%2Fv2%2Fcategories&post=24607"},{"taxonomy":"post_tag","embeddable":true,"href":"https:\/\/fedai.az\/index.php?rest_route=%2Fwp%2Fv2%2Ftags&post=24607"}],"curies":[{"name":"wp","href":"https:\/\/api.w.org\/{rel}","templated":true}]}}