{"id":24613,"date":"2020-12-27T03:50:06","date_gmt":"2020-12-26T23:50:06","guid":{"rendered":"https:\/\/fedai.az\/?p=24613"},"modified":"2020-12-27T03:50:07","modified_gmt":"2020-12-26T23:50:07","slug":"xocali-qatili-balasanyan-artsax-r%c9%99hb%c9%99rliyi-isgal-olunmus-%c9%99razil%c9%99ri-geri-qaytarmaq-niyy%c9%99tind%c9%99dir","status":"publish","type":"post","link":"https:\/\/fedai.az\/?p=24613","title":{"rendered":"Xocal\u0131 qatili Balasanyan: \u201cArtsax r\u0259hb\u0259rliyi i\u015f\u011fal olunmu\u015f \u0259razil\u0259ri geri qaytarmaq niyy\u0259tind\u0259dir\u201d"},"content":{"rendered":"\n<p><strong>Bu g\u00fcn Xocal\u0131 qatili, cinay\u0259tkar Araik rejiminin t\u0259hl\u00fck\u0259sizlik \u015furas\u0131n\u0131n katibi, general Vitali Balasanyan\u0131n Erm\u0259nistan \u0130ctimai televiziyas\u0131na m\u00fcsahib\u0259sind\u0259n b\u0259zi fraqmentl\u0259r t\u0259qdim olunub.\u00a0<\/strong><\/p>\n\n\n\n<p>M\u0259lumatda deyilir ki, qatil general\u0131n tam m\u00fcsahib\u0259si 28 dekabrda n\u00fcmayi\u015f etdiril\u0259c\u0259k. Bu g\u00fcn yay\u0131mlanan hiss\u0259d\u0259 Balasanyan Da\u011fl\u0131q Qaraba\u011f\u0131n \u0259razi b\u00fct\u00f6vl\u00fcy\u00fcn\u00fc t\u0259min ed\u0259c\u0259kl\u0259rini deyib:<\/p>\n\n\n\n<p>\u201dXalq\u0131m\u0131z\u0131 \u0259min etm\u0259k ist\u0259yir\u0259m ki, s\u0259rh\u0259dl\u0259r d\u0259qiql\u0259\u015fdiril\u0259c\u0259k, Artsax\u0131n statusu m\u00fc\u0259yy\u0259n olunacaq v\u0259 \u018fsg\u0259ran, Hadrut&nbsp; rayonlar\u0131 v\u0259 dig\u0259r \u0259razil\u0259r Az\u0259rbaycan Silahl\u0131 Q\u00fcvv\u0259l\u0259rinin n\u0259zar\u0259ti alt\u0131nda qalmayacaq. Biz&nbsp; bu \u0259razil\u0259ri qaytaraca\u011f\u0131q. Xalq\u0131m\u0131z\u0131 bu i\u015fi g\u00f6r\u0259c\u0259yimiz\u0259 inand\u0131rmaq ist\u0259yir\u0259m. \u018flb\u0259tt\u0259 ki, h\u0259rbi \u0259m\u0259liyyatlar zaman\u0131 q\u0259l\u0259b\u0259l\u0259r v\u0259 m\u0259\u011flubiyy\u0259tl\u0259r olur. Biz uduzmam\u0131\u015f\u0131q, diz \u00e7\u00f6km\u0259mi\u015fik. Az\u0259rbaycan indi hans\u0131 v\u0259ziyy\u0259td\u0259dir v\u0259 hans\u0131 v\u0259ziyy\u0259td\u0259 olaca\u011f\u0131n\u0131 indid\u0259n dem\u0259k ist\u0259mir\u0259m, biz ki, \u00f6z t\u0259r\u0259fimizd\u0259n bunu m\u00fc\u015fahid\u0259 edirik\u201d.<\/p>\n\n\n\n<p>M\u0259\u011flub erm\u0259ni general\u0131n\u0131n t\u0259s\u0259lli xatirin\u0259, t\u0259bli\u011fat bax\u0131m\u0131ndan \u00e7\u0131x\u0131\u015f etdiyi ayd\u0131n m\u0259s\u0259l\u0259dir. Amma, burda b\u0259zi m\u0259qamlardan, x\u00fcsusil\u0259 statusdan,\u00a0 erm\u0259ni t\u0259r\u0259fin tez-tez dan\u0131\u015fmas\u0131na s\u0259b\u0259b bizim he\u00e7 bir r\u0259smi reaksiyan\u0131n indiy\u0259d\u0259k olmamas\u0131 il\u0259 ba\u011fl\u0131d\u0131r. Erm\u0259nini \u00fcr\u0259kl\u0259ndir\u0259n Rusiya Silahl\u0131 Q\u00fcvv\u0259l\u0259rinin Qaraba\u011fda cinay\u0259tkar rejiml\u0259 dostluq m\u00fcnasib\u0259tl\u0259ri v\u0259\u00a0 Qaraba\u011fda ba\u015f ver\u0259n anti Az\u0259rbaycan h\u0259r\u0259k\u0259t v\u0259 hadisl\u0259r\u0259 bizim r\u0259smi v\u0259 ciddi reaksiyan\u0131n olmamas\u0131 il\u0259 ba\u011fl\u0131d\u0131r. G\u00fcman edirik ki, cinay\u0259tkar general\u0131n cavab\u0131 uy\u011fun strukturlar t\u0259r\u0259find\u0259n veril\u0259c\u0259k. (Moderator.az)<\/p>\n","protected":false},"excerpt":{"rendered":"<p>Bu g\u00fcn Xocal\u0131 qatili, cinay\u0259tkar Araik rejiminin t\u0259hl\u00fck\u0259sizlik \u015furas\u0131n\u0131n katibi, general Vitali Balasanyan\u0131n Erm\u0259nistan \u0130ctimai televiziyas\u0131na m\u00fcsahib\u0259sind\u0259n b\u0259zi fraqmentl\u0259r t\u0259qdim olunub.\u00a0 M\u0259lumatda deyilir ki,<\/p>\n","protected":false},"author":2,"featured_media":24614,"comment_status":"closed","ping_status":"closed","sticky":false,"template":"","format":"standard","meta":{"footnotes":""},"categories":[4],"tags":[],"class_list":["post-24613","post","type-post","status-publish","format-standard","has-post-thumbnail","hentry","category-qarabag"],"aioseo_notices":[],"_links":{"self":[{"href":"https:\/\/fedai.az\/index.php?rest_route=\/wp\/v2\/posts\/24613","targetHints":{"allow":["GET"]}}],"collection":[{"href":"https:\/\/fedai.az\/index.php?rest_route=\/wp\/v2\/posts"}],"about":[{"href":"https:\/\/fedai.az\/index.php?rest_route=\/wp\/v2\/types\/post"}],"author":[{"embeddable":true,"href":"https:\/\/fedai.az\/index.php?rest_route=\/wp\/v2\/users\/2"}],"replies":[{"embeddable":true,"href":"https:\/\/fedai.az\/index.php?rest_route=%2Fwp%2Fv2%2Fcomments&post=24613"}],"version-history":[{"count":1,"href":"https:\/\/fedai.az\/index.php?rest_route=\/wp\/v2\/posts\/24613\/revisions"}],"predecessor-version":[{"id":24615,"href":"https:\/\/fedai.az\/index.php?rest_route=\/wp\/v2\/posts\/24613\/revisions\/24615"}],"wp:featuredmedia":[{"embeddable":true,"href":"https:\/\/fedai.az\/index.php?rest_route=\/wp\/v2\/media\/24614"}],"wp:attachment":[{"href":"https:\/\/fedai.az\/index.php?rest_route=%2Fwp%2Fv2%2Fmedia&parent=24613"}],"wp:term":[{"taxonomy":"category","embeddable":true,"href":"https:\/\/fedai.az\/index.php?rest_route=%2Fwp%2Fv2%2Fcategories&post=24613"},{"taxonomy":"post_tag","embeddable":true,"href":"https:\/\/fedai.az\/index.php?rest_route=%2Fwp%2Fv2%2Ftags&post=24613"}],"curies":[{"name":"wp","href":"https:\/\/api.w.org\/{rel}","templated":true}]}}