{"id":24616,"date":"2020-12-27T10:15:50","date_gmt":"2020-12-27T06:15:50","guid":{"rendered":"https:\/\/fedai.az\/?p=24616"},"modified":"2020-12-28T10:55:23","modified_gmt":"2020-12-28T06:55:23","slug":"qarabagin-azad-edilm%c9%99si-erm%c9%99nistanda-enerji-bohrani-yaratdi","status":"publish","type":"post","link":"https:\/\/fedai.az\/?p=24616","title":{"rendered":"Qaraba\u011f\u0131n azad edilm\u0259si Erm\u0259nistanda enerji b\u00f6hran\u0131 yaratd\u0131"},"content":{"rendered":"\n<p><strong>\u0130\u015f\u011fal alt\u0131ndak\u0131 \u0259razil\u0259rin azad edilm\u0259si il\u0259 Erm\u0259nistan elektrik b\u00f6hran\u0131 il\u0259 d\u0259 \u00fczl\u0259\u015fib. I\u015f\u011fal d\u00f6vr\u00fcnd\u0259 Qaraba\u011fda 30 Su Elektrik Stansiyas\u0131 in\u015fa edilib v\u0259 istehsal olunan enerjinin b\u00f6y\u00fck hiss\u0259si Erm\u0259nistan\u0131n t\u0259minat\u0131na y\u00f6nl\u0259ndirilib.<\/strong><\/p>\n\n\n\n<p>\u0130ndi Erm\u0259nistan Az\u0259rbaycan torpaqlar\u0131ndan m\u0259nims\u0259diyi elektrik enerjisind\u0259n d\u0259 m\u0259hrum oldu.<\/p>\n\n\n\n<p>Erm\u0259ni ekoloq-m\u00fch\u0259ndis Ayk Akarmazyan deyir ki, bu itki Erm\u0259nistanda elektrik enerjisinin qiym\u0259tl\u0259rin\u0259 ciddi t\u0259sir ed\u0259c\u0259k.<\/p>\n\n\n\n<p>\u201cMisal \u00fc\u00e7\u00fcn, indiy\u0259 q\u0259d\u0259r parnikl\u0259r elektrik enerjisi il\u0259 isidilirdis\u0259, indi yanacaqla isidil\u0259c\u0259k v\u0259 bu bahad\u0131r. Bu bahal\u0131q m\u0259hsullar\u0131n da qiym\u0259tinin artmas\u0131na t\u0259sir ed\u0259c\u0259k. Dig\u0259r t\u0259r\u0259fd\u0259n, Erm\u0259nistan yaranm\u0131\u015f ehtiyac\u0131 \u00f6d\u0259m\u0259k \u00fc\u00e7\u00fcn elektrik enerjisi istehlak\u00e7\u0131lara daha baha qiym\u0259t\u0259 satacaq ki, \u0259lav\u0259 enerji \u0259ld\u0259 etm\u0259y\u0259 maliyy\u0259 olsun. Bel\u0259likl\u0259, bizi daha a\u011f\u0131r g\u00fcnl\u0259r g\u00f6zl\u0259yir\u201d, \u2013 erm\u0259ni ekoloq bildirib.<\/p>\n\n\n\n<p>Qeyd ed\u0259k ki, Erm\u0259nistan Az\u0259rbaycan\u0131n i\u015f\u011fal etdiyi \u0259razil\u0259rd\u0259 36 SES in\u015fa etmi\u015fdi. Bunun 30-u faktiki olaraq Ordumuzun n\u0259zar\u0259t etdiyi \u0259razil\u0259rd\u0259, 6-s\u0131 is\u0259 s\u00fclhm\u0259raml\u0131lar\u0131n oldu\u011fu b\u00f6lg\u0259d\u0259dir.<\/p>\n","protected":false},"excerpt":{"rendered":"<p>\u0130\u015f\u011fal alt\u0131ndak\u0131 \u0259razil\u0259rin azad edilm\u0259si il\u0259 Erm\u0259nistan elektrik b\u00f6hran\u0131 il\u0259 d\u0259 \u00fczl\u0259\u015fib. I\u015f\u011fal d\u00f6vr\u00fcnd\u0259 Qaraba\u011fda 30 Su Elektrik Stansiyas\u0131 in\u015fa edilib v\u0259 istehsal olunan<\/p>\n","protected":false},"author":2,"featured_media":24617,"comment_status":"closed","ping_status":"closed","sticky":false,"template":"","format":"standard","meta":{"footnotes":""},"categories":[3],"tags":[],"class_list":["post-24616","post","type-post","status-publish","format-standard","has-post-thumbnail","hentry","category-gundm"],"aioseo_notices":[],"_links":{"self":[{"href":"https:\/\/fedai.az\/index.php?rest_route=\/wp\/v2\/posts\/24616","targetHints":{"allow":["GET"]}}],"collection":[{"href":"https:\/\/fedai.az\/index.php?rest_route=\/wp\/v2\/posts"}],"about":[{"href":"https:\/\/fedai.az\/index.php?rest_route=\/wp\/v2\/types\/post"}],"author":[{"embeddable":true,"href":"https:\/\/fedai.az\/index.php?rest_route=\/wp\/v2\/users\/2"}],"replies":[{"embeddable":true,"href":"https:\/\/fedai.az\/index.php?rest_route=%2Fwp%2Fv2%2Fcomments&post=24616"}],"version-history":[{"count":2,"href":"https:\/\/fedai.az\/index.php?rest_route=\/wp\/v2\/posts\/24616\/revisions"}],"predecessor-version":[{"id":24624,"href":"https:\/\/fedai.az\/index.php?rest_route=\/wp\/v2\/posts\/24616\/revisions\/24624"}],"wp:featuredmedia":[{"embeddable":true,"href":"https:\/\/fedai.az\/index.php?rest_route=\/wp\/v2\/media\/24617"}],"wp:attachment":[{"href":"https:\/\/fedai.az\/index.php?rest_route=%2Fwp%2Fv2%2Fmedia&parent=24616"}],"wp:term":[{"taxonomy":"category","embeddable":true,"href":"https:\/\/fedai.az\/index.php?rest_route=%2Fwp%2Fv2%2Fcategories&post=24616"},{"taxonomy":"post_tag","embeddable":true,"href":"https:\/\/fedai.az\/index.php?rest_route=%2Fwp%2Fv2%2Ftags&post=24616"}],"curies":[{"name":"wp","href":"https:\/\/api.w.org\/{rel}","templated":true}]}}