{"id":24625,"date":"2020-12-27T11:39:46","date_gmt":"2020-12-27T07:39:46","guid":{"rendered":"https:\/\/fedai.az\/?p=24625"},"modified":"2020-12-27T11:39:47","modified_gmt":"2020-12-27T07:39:47","slug":"ilham-%c9%99liyev-qaxariyani-t%c9%99brik-etdi","status":"publish","type":"post","link":"https:\/\/fedai.az\/?p=24625","title":{"rendered":"\u0130lham \u018fliyev Qaxariyan\u0131 t\u0259brik etdi"},"content":{"rendered":"\n<p><strong>Az\u0259rbaycan Respublikas\u0131n\u0131n Prezidenti \u0130lham \u018fliyev Giorgi Qaxariyan\u0131 G\u00fcrc\u00fcstan\u0131n Ba\u015f naziri v\u0259zif\u0259sin\u0259 t\u0259yin olunmas\u0131 m\u00fcnasib\u0259til\u0259 t\u0259brik edib.<\/strong><\/p>\n\n\n\n<p>T\u0259brikd\u0259 deyilir:<\/p>\n\n\n\n<p>G\u00fcrc\u00fcstan\u0131n Ba\u015f naziri v\u0259zif\u0259sin\u0259 yenid\u0259n t\u0259yin olunma\u011f\u0131n\u0131z m\u00fcnasib\u0259til\u0259 Sizi \u00fcr\u0259kd\u0259n t\u0259brik edir\u0259m.<\/p>\n\n\n\n<p>Bu g\u00fcn Az\u0259rbaycan-G\u00fcrc\u00fcstan m\u00fcnasib\u0259tl\u0259ri tarix\u0259n m\u00f6hk\u0259m dostluq v\u0259 mehriban qon\u015fuluq tell\u0259ri il\u0259 bir-birin\u0259 ba\u011fl\u0131 olan xalqlar\u0131m\u0131z\u0131n irad\u0259sin\u0259 uy\u011fun olaraq dinamik v\u0259 h\u0259rt\u0259r\u0259fli inki\u015faf etm\u0259kd\u0259dir.<\/p>\n\n\n\n<p>\u0130nan\u0131ram ki, siyasi, iqtisadi v\u0259 humanitar sah\u0259l\u0259rd\u0259 daim geni\u015fl\u0259n\u0259n \u0259laq\u0259l\u0259rimiz, qar\u015f\u0131l\u0131ql\u0131 faydal\u0131 \u0259m\u0259kda\u015fl\u0131\u011f\u0131m\u0131z bundan sonra da xalqlar\u0131m\u0131z\u0131n rifah\u0131na, \u00f6lk\u0259l\u0259rimiz aras\u0131ndak\u0131 strateji t\u0259r\u0259fda\u015fl\u0131\u011f\u0131n m\u00f6hk\u0259ml\u0259nm\u0259sin\u0259 t\u00f6hf\u0259l\u0259r ver\u0259c\u0259kdir.<\/p>\n\n\n\n<p>Siz\u0259 m\u00f6hk\u0259m cansa\u011fl\u0131\u011f\u0131, xo\u015fb\u0259xtlik, qar\u015f\u0131dak\u0131 m\u0259sul f\u0259aliyy\u0259tinizd\u0259 u\u011furlar dil\u0259yir\u0259m.<\/p>\n","protected":false},"excerpt":{"rendered":"<p>Az\u0259rbaycan Respublikas\u0131n\u0131n Prezidenti \u0130lham \u018fliyev Giorgi Qaxariyan\u0131 G\u00fcrc\u00fcstan\u0131n Ba\u015f naziri v\u0259zif\u0259sin\u0259 t\u0259yin olunmas\u0131 m\u00fcnasib\u0259til\u0259 t\u0259brik edib. T\u0259brikd\u0259 deyilir: G\u00fcrc\u00fcstan\u0131n Ba\u015f naziri v\u0259zif\u0259sin\u0259 yenid\u0259n t\u0259yin<\/p>\n","protected":false},"author":2,"featured_media":24626,"comment_status":"closed","ping_status":"closed","sticky":false,"template":"","format":"standard","meta":{"footnotes":""},"categories":[3],"tags":[],"class_list":["post-24625","post","type-post","status-publish","format-standard","has-post-thumbnail","hentry","category-gundm"],"aioseo_notices":[],"_links":{"self":[{"href":"https:\/\/fedai.az\/index.php?rest_route=\/wp\/v2\/posts\/24625","targetHints":{"allow":["GET"]}}],"collection":[{"href":"https:\/\/fedai.az\/index.php?rest_route=\/wp\/v2\/posts"}],"about":[{"href":"https:\/\/fedai.az\/index.php?rest_route=\/wp\/v2\/types\/post"}],"author":[{"embeddable":true,"href":"https:\/\/fedai.az\/index.php?rest_route=\/wp\/v2\/users\/2"}],"replies":[{"embeddable":true,"href":"https:\/\/fedai.az\/index.php?rest_route=%2Fwp%2Fv2%2Fcomments&post=24625"}],"version-history":[{"count":1,"href":"https:\/\/fedai.az\/index.php?rest_route=\/wp\/v2\/posts\/24625\/revisions"}],"predecessor-version":[{"id":24627,"href":"https:\/\/fedai.az\/index.php?rest_route=\/wp\/v2\/posts\/24625\/revisions\/24627"}],"wp:featuredmedia":[{"embeddable":true,"href":"https:\/\/fedai.az\/index.php?rest_route=\/wp\/v2\/media\/24626"}],"wp:attachment":[{"href":"https:\/\/fedai.az\/index.php?rest_route=%2Fwp%2Fv2%2Fmedia&parent=24625"}],"wp:term":[{"taxonomy":"category","embeddable":true,"href":"https:\/\/fedai.az\/index.php?rest_route=%2Fwp%2Fv2%2Fcategories&post=24625"},{"taxonomy":"post_tag","embeddable":true,"href":"https:\/\/fedai.az\/index.php?rest_route=%2Fwp%2Fv2%2Ftags&post=24625"}],"curies":[{"name":"wp","href":"https:\/\/api.w.org\/{rel}","templated":true}]}}