{"id":24628,"date":"2020-12-27T11:50:18","date_gmt":"2020-12-27T07:50:18","guid":{"rendered":"https:\/\/fedai.az\/?p=24628"},"modified":"2020-12-27T11:55:51","modified_gmt":"2020-12-27T07:55:51","slug":"makron-da-pasinyandan-inciyib","status":"publish","type":"post","link":"https:\/\/fedai.az\/?p=24628","title":{"rendered":"Makron da Pa\u015finyandan inciyib&#8230;"},"content":{"rendered":"\n<p><strong>Noyabr\u0131n 9-da kapitulyasiya bar\u0259d\u0259 m\u0259lum s\u0259n\u0259d imzaland\u0131qdan bir ne\u00e7\u0259 g\u00fcn sonra Fransa prezidenti Emmanuel Makron erm\u0259ni icmas\u0131n\u0131n n\u00fcmay\u0259nd\u0259l\u0259ri il\u0259 naharda i\u015ftirak edib.<\/strong><\/p>\n\n\n\n<p><strong>Fedai.az<\/strong> <strong><a target=\"_blank\" href=\"https:\/\/publika.az\/\" rel=\"noreferrer noopener\">Publika.az<\/a>-a istinad\u0259n&nbsp;<\/strong>x\u0259b\u0259r verir ki, bu bar\u0259d\u0259 Erm\u0259nistan\u0131n &#171;Qraparak&#187; n\u0259\u015fri yaz\u0131b.<\/p>\n\n\n\n<p>N\u0259\u015frin yazd\u0131\u011f\u0131na g\u00f6r\u0259, Makron Fransa erm\u0259nil\u0259rinin Nikol Pa\u015finyan haqq\u0131nda fikirl\u0259ri il\u0259 maraqlan\u0131b, onlar\u0131 diqq\u0259tl\u0259 dinl\u0259yib, sonra is\u0259 erm\u0259ni ba\u015f nazirinin \u015f\u0259xsiyy\u0259ti v\u0259 davran\u0131\u015f\u0131 il\u0259 ba\u011fl\u0131 \u015f\u00fcbh\u0259l\u0259rini gizl\u0259tm\u0259yib. O, m\u00fcharib\u0259 zaman\u0131 d\u0259f\u0259l\u0259rl\u0259 onunla \u0259laq\u0259 saxlad\u0131\u011f\u0131n\u0131, \u00f6z d\u0259st\u0259yini t\u0259klif etdiyini, h\u0259tta SMS yazd\u0131\u011f\u0131n\u0131 bildirib. Deyib ki, do\u011frudur, Pa\u015finyan\u0131n tez cavab verirdi, lakin he\u00e7 vaxt \u00f6z t\u0259\u015f\u0259bb\u00fcs\u00fc il\u0259 Makronla \u0259laq\u0259 saxlamay\u0131b v\u0259 he\u00e7 n\u0259 xahi\u015f etm\u0259yib.<\/p>\n\n\n\n<p>Bundan ba\u015fqa, Makronu x\u00fcsusil\u0259 t\u0259\u0259cc\u00fcbl\u0259ndirib ki, Pa\u015finyan n\u0259 noyabr\u0131n 9-da s\u0259n\u0259d imzalanana q\u0259d\u0259r, n\u0259 d\u0259 sonra onunla \u0259laq\u0259 saxlamay\u0131b v\u0259 ona bel\u0259 bir s\u0259n\u0259di q\u0259bul etdirdikl\u0259rini bildirm\u0259yib v\u0259 ya n\u0259tic\u0259l\u0259rini yum\u015faltmaq \u00fc\u00e7\u00fcn imzalanmadan sonra n\u0259 etm\u0259k m\u00fcmk\u00fcn oldu\u011funu soru\u015fmay\u0131b.<\/p>\n\n\n\n<p>Makron deyib: &#171;Ax\u0131 m\u0259n AT\u018fT-in Minsk qrupunun h\u0259ms\u0259dr \u00f6lk\u0259sinin prezidentiy\u0259m. N\u0259 \u00fc\u00e7\u00fcn o, imzalanmadan \u0259vv\u0259l v\u0259 ya ondan sonra m\u0259lumat verm\u0259yib, yaxud xahi\u015f etm\u0259yib?&#187;.<\/p>\n\n\n\n<p>O, h\u0259m\u00e7inin Fransan\u0131n nec\u0259 davranmal\u0131 oldu\u011fu il\u0259 maraqlan\u0131b.<\/p>\n\n\n\n<p>&#171;Qraparak&#187; is\u0259 yaz\u0131r ki,&#187;bu m\u0259s\u0259l\u0259l\u0259r erm\u0259ni icmas\u0131 il\u0259 yox, d\u00f6vl\u0259t diplomatiyas\u0131 yolu il\u0259 h\u0259ll edilm\u0259li idi&#187;.&nbsp;<\/p>\n","protected":false},"excerpt":{"rendered":"<p>Noyabr\u0131n 9-da kapitulyasiya bar\u0259d\u0259 m\u0259lum s\u0259n\u0259d imzaland\u0131qdan bir ne\u00e7\u0259 g\u00fcn sonra Fransa prezidenti Emmanuel Makron erm\u0259ni icmas\u0131n\u0131n n\u00fcmay\u0259nd\u0259l\u0259ri il\u0259 naharda i\u015ftirak edib. Fedai.az Publika.az-a<\/p>\n","protected":false},"author":2,"featured_media":24631,"comment_status":"closed","ping_status":"closed","sticky":false,"template":"","format":"standard","meta":{"footnotes":""},"categories":[1],"tags":[],"class_list":["post-24628","post","type-post","status-publish","format-standard","has-post-thumbnail","hentry","category-siyast"],"aioseo_notices":[],"_links":{"self":[{"href":"https:\/\/fedai.az\/index.php?rest_route=\/wp\/v2\/posts\/24628","targetHints":{"allow":["GET"]}}],"collection":[{"href":"https:\/\/fedai.az\/index.php?rest_route=\/wp\/v2\/posts"}],"about":[{"href":"https:\/\/fedai.az\/index.php?rest_route=\/wp\/v2\/types\/post"}],"author":[{"embeddable":true,"href":"https:\/\/fedai.az\/index.php?rest_route=\/wp\/v2\/users\/2"}],"replies":[{"embeddable":true,"href":"https:\/\/fedai.az\/index.php?rest_route=%2Fwp%2Fv2%2Fcomments&post=24628"}],"version-history":[{"count":2,"href":"https:\/\/fedai.az\/index.php?rest_route=\/wp\/v2\/posts\/24628\/revisions"}],"predecessor-version":[{"id":24632,"href":"https:\/\/fedai.az\/index.php?rest_route=\/wp\/v2\/posts\/24628\/revisions\/24632"}],"wp:featuredmedia":[{"embeddable":true,"href":"https:\/\/fedai.az\/index.php?rest_route=\/wp\/v2\/media\/24631"}],"wp:attachment":[{"href":"https:\/\/fedai.az\/index.php?rest_route=%2Fwp%2Fv2%2Fmedia&parent=24628"}],"wp:term":[{"taxonomy":"category","embeddable":true,"href":"https:\/\/fedai.az\/index.php?rest_route=%2Fwp%2Fv2%2Fcategories&post=24628"},{"taxonomy":"post_tag","embeddable":true,"href":"https:\/\/fedai.az\/index.php?rest_route=%2Fwp%2Fv2%2Ftags&post=24628"}],"curies":[{"name":"wp","href":"https:\/\/api.w.org\/{rel}","templated":true}]}}