{"id":24644,"date":"2020-12-28T00:19:37","date_gmt":"2020-12-27T20:19:37","guid":{"rendered":"https:\/\/fedai.az\/?p=24644"},"modified":"2020-12-28T00:57:53","modified_gmt":"2020-12-27T20:57:53","slug":"dmitri-peskov-prezident-bununla-s%c9%99xs%c9%99n-ozu-m%c9%99sgul-olurdu","status":"publish","type":"post","link":"https:\/\/fedai.az\/?p=24644","title":{"rendered":"Dmitri Peskov: &#171;Prezident bununla \u015f\u0259xs\u0259n \u00f6z\u00fc m\u0259\u015f\u011ful olurdu\u201d"},"content":{"rendered":"\n<p><strong>Rusiya qan t\u00f6k\u00fclm\u0259sinin dayand\u0131r\u0131lmas\u0131nda \u0259sas rol oynad\u0131.<\/strong><\/p>\n\n\n\n<p><strong>Fedai.az<\/strong> x\u0259b\u0259r verir ki, bunu Kremlin m\u0259tbuat katibi Dmitri Peskov Prezident Vladimir Putinin Qaraba\u011fda h\u0259rbi \u0259m\u0259liyyatlar\u0131n dayand\u0131r\u0131lmas\u0131ndak\u0131 rolu il\u0259 ba\u011fl\u0131 a\u00e7\u0131qlamas\u0131nda bildirib.<\/p>\n\n\n\n<p>\u201cBu v\u0259ziyy\u0259td\u0259 Putinin m\u0259suliyy\u0259tli m\u00f6vqeyi, onu dayand\u0131rmaq \u00fc\u00e7\u00fcn g\u00f6st\u0259rdiyi s\u0259yl\u0259r, \u0259lb\u0259tt\u0259 ki, bahal\u0131d\u0131r, bunlar\u0131 qiym\u0259tl\u0259ndirm\u0259k \u00e7ox \u00e7\u0259tindir. Prezident bununla \u015f\u0259xs\u0259n \u00f6z\u00fc m\u0259\u015f\u011ful olurdu\u201d, &#8212; Peskov qeyd edib.<\/p>\n\n\n\n<p>Peskovun s\u00f6zl\u0259rin\u0259 g\u00f6r\u0259, Putin Qaraba\u011fda d\u00f6y\u00fc\u015fl\u0259ri dayand\u0131rmaq \u00fc\u00e7\u00fcn T\u00fcrkiy\u0259 Prezidenti R\u0259c\u0259b Tayyib \u018frdo\u011fanla da tez-tez t\u0259masda olub.<\/p>\n\n\n\n<p>\u201cPutinin v\u0259 \u018frdo\u011fan\u0131n \u015f\u0259xsi m\u00fcnasib\u0259tl\u0259ri v\u0259 konstruktivlik ruhu m\u00fcbahis\u0259li v\u0259ziyy\u0259tl\u0259rin harmonik h\u0259llini tapma\u011fa imkan verir\u201d,\u00a0\u2013 Dmitri Peskov deyib.<\/p>\n\n\n\n<p>\u201c\u018flb\u0259tt\u0259 ki, ikit\u0259r\u0259fli \u0259laq\u0259l\u0259rimiz \u00e7oxdur (Rusiya il\u0259 T\u00fcrkiy\u0259 aras\u0131nda). V\u0259 bu \u00e7\u0259r\u00e7iv\u0259d\u0259 fikir ayr\u0131l\u0131\u011f\u0131, maraq toqqu\u015fmas\u0131 ba\u015f ver\u0259rs\u0259, liderl\u0259rin konstruktiv m\u00fcnasib\u0259ti v\u0259ziyy\u0259td\u0259n harmoniya \u0259sas\u0131nda \u00e7\u0131x\u0131\u015f yolu tapma\u011fa imkan ver\u0259c\u0259k,\u201d \u2013 dey\u0259 Rusiya prezidentinin m\u0259tbuat katibi \u0259lav\u0259 edib.<\/p>\n","protected":false},"excerpt":{"rendered":"<p>Rusiya qan t\u00f6k\u00fclm\u0259sinin dayand\u0131r\u0131lmas\u0131nda \u0259sas rol oynad\u0131. Fedai.az x\u0259b\u0259r verir ki, bunu Kremlin m\u0259tbuat katibi Dmitri Peskov Prezident Vladimir Putinin Qaraba\u011fda h\u0259rbi \u0259m\u0259liyyatlar\u0131n dayand\u0131r\u0131lmas\u0131ndak\u0131<\/p>\n","protected":false},"author":2,"featured_media":24646,"comment_status":"closed","ping_status":"closed","sticky":false,"template":"","format":"standard","meta":{"footnotes":""},"categories":[3],"tags":[],"class_list":["post-24644","post","type-post","status-publish","format-standard","has-post-thumbnail","hentry","category-gundm"],"aioseo_notices":[],"_links":{"self":[{"href":"https:\/\/fedai.az\/index.php?rest_route=\/wp\/v2\/posts\/24644","targetHints":{"allow":["GET"]}}],"collection":[{"href":"https:\/\/fedai.az\/index.php?rest_route=\/wp\/v2\/posts"}],"about":[{"href":"https:\/\/fedai.az\/index.php?rest_route=\/wp\/v2\/types\/post"}],"author":[{"embeddable":true,"href":"https:\/\/fedai.az\/index.php?rest_route=\/wp\/v2\/users\/2"}],"replies":[{"embeddable":true,"href":"https:\/\/fedai.az\/index.php?rest_route=%2Fwp%2Fv2%2Fcomments&post=24644"}],"version-history":[{"count":2,"href":"https:\/\/fedai.az\/index.php?rest_route=\/wp\/v2\/posts\/24644\/revisions"}],"predecessor-version":[{"id":24665,"href":"https:\/\/fedai.az\/index.php?rest_route=\/wp\/v2\/posts\/24644\/revisions\/24665"}],"wp:featuredmedia":[{"embeddable":true,"href":"https:\/\/fedai.az\/index.php?rest_route=\/wp\/v2\/media\/24646"}],"wp:attachment":[{"href":"https:\/\/fedai.az\/index.php?rest_route=%2Fwp%2Fv2%2Fmedia&parent=24644"}],"wp:term":[{"taxonomy":"category","embeddable":true,"href":"https:\/\/fedai.az\/index.php?rest_route=%2Fwp%2Fv2%2Fcategories&post=24644"},{"taxonomy":"post_tag","embeddable":true,"href":"https:\/\/fedai.az\/index.php?rest_route=%2Fwp%2Fv2%2Ftags&post=24644"}],"curies":[{"name":"wp","href":"https:\/\/api.w.org\/{rel}","templated":true}]}}