{"id":24652,"date":"2020-12-28T00:29:56","date_gmt":"2020-12-27T20:29:56","guid":{"rendered":"https:\/\/fedai.az\/?p=24652"},"modified":"2020-12-28T00:29:57","modified_gmt":"2020-12-27T20:29:57","slug":"hulusi-akardan-h%c9%99ftara-x%c9%99b%c9%99rdarliq-az%c9%99rbaycana-d%c9%99st%c9%99k","status":"publish","type":"post","link":"https:\/\/fedai.az\/?p=24652","title":{"rendered":"Hulusi Akardan H\u0259ftara x\u0259b\u0259rdarl\u0131q, Az\u0259rbaycana d\u0259st\u0259k"},"content":{"rendered":"\n<p><strong>Cinay\u0259tkar X\u0259lif\u0259 H\u0259ftar v\u0259 onun t\u0259r\u0259fdarlar\u0131 bilm\u0259lidirl\u0259r ki, t\u00fcrk h\u0259rb\u00e7il\u0259rin\u0259 qar\u015f\u0131 h\u0259r hans\u0131 h\u00fccum ba\u015f ver\u0259rs\u0259, onlar legitim h\u0259rbi m\u0259qs\u0259d\u0259 \u00e7evril\u0259c\u0259kl\u0259r.<\/strong><\/p>\n\n\n\n<p><br>Bu bar\u0259d\u0259 T\u00fcrkiy\u0259nin milli m\u00fcdafi\u0259 naziri Hulusi Akar Liviyan\u0131n \u015f\u0259rqind\u0259ki qanunsuz silahl\u0131 q\u00fcvv\u0259l\u0259rin lideri X\u0259lif\u0259 H\u0259ftar\u0131n T\u00fcrkiy\u0259y\u0259 \u00fcnvanlad\u0131\u011f\u0131 b\u0259yanatlar\u0131 \u015f\u0259rh ed\u0259rk\u0259n deyib.<\/p>\n\n\n\n<p><br>&#171;H\u0259ftar &#8212; h\u0259rbi cinay\u0259tkard\u0131r, qatildir. O v\u0259 onun t\u0259r\u0259fdarlar\u0131 bilm\u0259lidirl\u0259r ki, h\u0259r hans\u0131 bir t\u00fcrk h\u0259rb\u00e7isin\u0259 h\u00fccum edil\u0259rs\u0259, legitim h\u0259rbi m\u0259qs\u0259d\u0259 \u00e7evril\u0259c\u0259k. A\u011f\u0131llar\u0131n\u0131 ba\u015flar\u0131na y\u0131\u011fma\u011f\u0131 m\u0259sl\u0259h\u0259t g\u00f6r\u00fcr\u0259m\u201d, &#8212; dey\u0259 nazir bildirib.\u00a0\u00a0<\/p>\n\n\n\n<p><br>Akar Az\u0259rbaycan, Liviya v\u0259 \u015eimali Kipr kimi dost v\u0259 qarda\u015f \u00f6lk\u0259l\u0259rin t\u0259hl\u00fck\u0259sizliyinin t\u0259minin\u0259 \u00f6z t\u00f6hf\u0259sini verm\u0259k \u00fc\u00e7\u00fcn T\u00fcrkiy\u0259 Silahl\u0131 Q\u00fcvv\u0259l\u0259rinin h\u0259r c\u00fcr s\u0259y g\u00f6st\u0259rdiyini xat\u0131rlad\u0131b. Nazir bildirib ki, T\u00fcrkiy\u0259 \u00f6lk\u0259l\u0259rin, x\u00fcsusil\u0259 d\u0259 \u00f6z qon\u015fular\u0131n\u0131n siyasi birliyin\u0259 v\u0259 \u0259razi b\u00fct\u00f6vl\u00fcy\u00fcn\u0259 h\u00f6rm\u0259t edir.<br>&#171;Milli raz\u0131l\u0131q h\u00f6kum\u0259ti Liviyada BMT t\u0259r\u0259find\u0259n tan\u0131nan yegan\u0259 legitim h\u00f6kum\u0259tdir. H\u0259ftar v\u0259 onun m\u00fctt\u0259fiql\u0259rinin qanunsuz silahl\u0131 birl\u0259\u015fm\u0259l\u0259ri Liviyada \u0259sas problem olaraq qal\u0131r\u201d, &#8212; dey\u0259 Akar bildirib.\u00a0\u00a0<\/p>\n\n\n\n<p><br>Akar\u0131n s\u00f6zl\u0259rin\u0259 g\u00f6r\u0259, H\u0259ftar\u0131n h\u0259rbi cinay\u0259tl\u0259rinin \u0259n bariz s\u00fcbutu Liviyan\u0131n Tarhun \u015f\u0259h\u0259rind\u0259 a\u015fkar edilmi\u015f 21 k\u00fctl\u0259vi m\u0259zarl\u0131qd\u0131r. &#171;T\u0259\u0259ss\u00fcf ki, d\u00fcnya ictimaiyy\u0259ti bu cinay\u0259tl\u0259rin qar\u015f\u0131s\u0131nda susmaqda davam edir\u201d, &#8212; dey\u0259 Akar bildirib.\u00a0\u00a0<\/p>\n\n\n\n<p><br>Nazir xat\u0131rlad\u0131b ki, T\u00fcrkiy\u0259 h\u0259rb\u00e7il\u0259ri iki \u00f6lk\u0259 aras\u0131nda imzalanm\u0131\u015f m\u00fcdafi\u0259 \u0259m\u0259kda\u015fl\u0131\u011f\u0131 sazi\u015fi \u00e7\u0259r\u00e7iv\u0259sind\u0259 Liviyadad\u0131rlar. Akar deyib ki, bu g\u00fcn\u0259 q\u0259d\u0259r \u00fc\u00e7 min\u0259 yax\u0131n liviyal\u0131 h\u0259rb\u00e7inin t\u0259hsili ba\u015fa \u00e7at\u0131b.<\/p>\n\n\n\n<p><br>&#171;T\u00fcrkiy\u0259 birliyi, \u00f6lk\u0259nin \u0259razi b\u00fct\u00f6vl\u00fcy\u00fcn\u00fc t\u0259min etm\u0259k \u00fc\u00e7\u00fcn Liviyan\u0131n legitim h\u00f6kum\u0259tini d\u0259st\u0259kl\u0259m\u0259kd\u0259 davam ed\u0259c\u0259k\u201d, &#8212; dey\u0259 Akar bildirib.<br>Nazir, h\u0259m\u00e7inin \u015e\u0259rqi Aral\u0131q d\u0259nizi regionundak\u0131 v\u0259ziyy\u0259t\u0259 toxunub: &#171;T\u00fcrkiy\u0259 b\u00fct\u00fcn m\u00fcnaqi\u015f\u0259l\u0259rin mehriban qon\u015fuluq v\u0259 beyn\u0259lxalq h\u00fcquq prinsipl\u0259ri \u0259sas\u0131nda siyasi yolla h\u0259llin\u0259 t\u0259r\u0259fdard\u0131r\u201d.<\/p>\n\n\n\n<p><br>&#171;Kipr m\u00fcnaqi\u015f\u0259sinin h\u0259lli \u00fc\u00e7\u00fcn Yunan\u0131stan t\u0259r\u0259fi inadkar m\u00f6vqeyind\u0259n imtina etm\u0259li v\u0259 Kipr t\u00fcrkl\u0259rinin h\u00fcquqlar\u0131n\u0131 tan\u0131mal\u0131d\u0131r\u201d, &#8212; dey\u0259 o bildirib.(Qafqazinfo.az)<\/p>\n","protected":false},"excerpt":{"rendered":"<p>Cinay\u0259tkar X\u0259lif\u0259 H\u0259ftar v\u0259 onun t\u0259r\u0259fdarlar\u0131 bilm\u0259lidirl\u0259r ki, t\u00fcrk h\u0259rb\u00e7il\u0259rin\u0259 qar\u015f\u0131 h\u0259r hans\u0131 h\u00fccum ba\u015f ver\u0259rs\u0259, onlar legitim h\u0259rbi m\u0259qs\u0259d\u0259 \u00e7evril\u0259c\u0259kl\u0259r. Bu bar\u0259d\u0259 T\u00fcrkiy\u0259nin<\/p>\n","protected":false},"author":2,"featured_media":24653,"comment_status":"closed","ping_status":"closed","sticky":false,"template":"","format":"standard","meta":{"footnotes":""},"categories":[1],"tags":[],"class_list":["post-24652","post","type-post","status-publish","format-standard","has-post-thumbnail","hentry","category-siyast"],"aioseo_notices":[],"_links":{"self":[{"href":"https:\/\/fedai.az\/index.php?rest_route=\/wp\/v2\/posts\/24652","targetHints":{"allow":["GET"]}}],"collection":[{"href":"https:\/\/fedai.az\/index.php?rest_route=\/wp\/v2\/posts"}],"about":[{"href":"https:\/\/fedai.az\/index.php?rest_route=\/wp\/v2\/types\/post"}],"author":[{"embeddable":true,"href":"https:\/\/fedai.az\/index.php?rest_route=\/wp\/v2\/users\/2"}],"replies":[{"embeddable":true,"href":"https:\/\/fedai.az\/index.php?rest_route=%2Fwp%2Fv2%2Fcomments&post=24652"}],"version-history":[{"count":1,"href":"https:\/\/fedai.az\/index.php?rest_route=\/wp\/v2\/posts\/24652\/revisions"}],"predecessor-version":[{"id":24654,"href":"https:\/\/fedai.az\/index.php?rest_route=\/wp\/v2\/posts\/24652\/revisions\/24654"}],"wp:featuredmedia":[{"embeddable":true,"href":"https:\/\/fedai.az\/index.php?rest_route=\/wp\/v2\/media\/24653"}],"wp:attachment":[{"href":"https:\/\/fedai.az\/index.php?rest_route=%2Fwp%2Fv2%2Fmedia&parent=24652"}],"wp:term":[{"taxonomy":"category","embeddable":true,"href":"https:\/\/fedai.az\/index.php?rest_route=%2Fwp%2Fv2%2Fcategories&post=24652"},{"taxonomy":"post_tag","embeddable":true,"href":"https:\/\/fedai.az\/index.php?rest_route=%2Fwp%2Fv2%2Ftags&post=24652"}],"curies":[{"name":"wp","href":"https:\/\/api.w.org\/{rel}","templated":true}]}}