{"id":24670,"date":"2020-12-28T01:19:07","date_gmt":"2020-12-27T21:19:07","guid":{"rendered":"https:\/\/fedai.az\/?p=24670"},"modified":"2020-12-28T01:19:37","modified_gmt":"2020-12-27T21:19:37","slug":"bir-%c9%99sg%c9%99rimiz-s%c9%99hid-oldu-6-erm%c9%99ni-m%c9%99hv-edildi","status":"publish","type":"post","link":"https:\/\/fedai.az\/?p=24670","title":{"rendered":"Bir \u0259sg\u0259rimiz \u015f\u0259hid oldu, 6 erm\u0259ni m\u0259hv edildi"},"content":{"rendered":"\n<p><strong>Bu g\u00fcn Xocav\u0259ndin Tu\u011f k\u0259ndind\u0259 erm\u0259ni silahl\u0131lar\u0131n t\u0259xribat t\u00f6r\u0259tdiyi haqda sosial \u015f\u0259b\u0259k\u0259l\u0259rd\u0259 m\u0259lumat yay\u0131l\u0131b.<\/strong><\/p>\n\n\n\n<p>Fedai.az <a target=\"_blank\" href=\"https:\/\/axar.az\/\" rel=\"noreferrer noopener\">Axar.az<\/a>-a istinad\u0259n\u00a0x\u0259b\u0259r verir ki, erm\u0259nil\u0259rin t\u0259xribat\u0131 n\u0259tic\u0259sind\u0259 Beyl\u0259qan\u0131n Q\u0259hr\u0259manl\u0131 q\u0259s\u0259b\u0259 sakini, 1982-ci il t\u0259v\u0259ll\u00fcdl\u00fc, \u00e7avu\u015f Elmir Rayil o\u011flu Q\u0259mb\u0259rovun \u015f\u0259hid oldu\u011fu, daha bir \u0259sg\u0259rimizin is\u0259 yaraland\u0131\u011f\u0131 iddia edilir.<\/p>\n\n\n\n<p>Buna cavab olaraq Ordumuzun x\u00fcsusi t\u0259yinatl\u0131lar\u0131 d\u0259rhal anti-terror \u0259m\u0259liyyat\u0131na ba\u015flay\u0131b v\u0259 Tu\u011f k\u0259ndind\u0259 m\u0259kt\u0259bd\u0259 gizl\u0259n\u0259n 6 erm\u0259ni silahl\u0131s\u0131 m\u0259hv edilib. \u018fm\u0259liyyat\u0131n haz\u0131rda da davam etdiyi bar\u0259d\u0259 sosial \u015f\u0259b\u0259k\u0259l\u0259rd\u0259 iddialar var.<\/p>\n\n\n\n<p>Sosial \u015f\u0259b\u0259k\u0259l\u0259rd\u0259 yay\u0131lan m\u0259lumatlarla ba\u011fl\u0131 r\u0259smi a\u00e7\u0131qlama h\u0259l\u0259lik yoxdur.<\/p>\n","protected":false},"excerpt":{"rendered":"<p>Bu g\u00fcn Xocav\u0259ndin Tu\u011f k\u0259ndind\u0259 erm\u0259ni silahl\u0131lar\u0131n t\u0259xribat t\u00f6r\u0259tdiyi haqda sosial \u015f\u0259b\u0259k\u0259l\u0259rd\u0259 m\u0259lumat yay\u0131l\u0131b. Fedai.az Axar.az-a istinad\u0259n\u00a0x\u0259b\u0259r verir ki, erm\u0259nil\u0259rin t\u0259xribat\u0131 n\u0259tic\u0259sind\u0259 Beyl\u0259qan\u0131n Q\u0259hr\u0259manl\u0131<\/p>\n","protected":false},"author":2,"featured_media":24671,"comment_status":"closed","ping_status":"closed","sticky":false,"template":"","format":"standard","meta":{"footnotes":""},"categories":[4],"tags":[],"class_list":["post-24670","post","type-post","status-publish","format-standard","has-post-thumbnail","hentry","category-qarabag"],"aioseo_notices":[],"_links":{"self":[{"href":"https:\/\/fedai.az\/index.php?rest_route=\/wp\/v2\/posts\/24670","targetHints":{"allow":["GET"]}}],"collection":[{"href":"https:\/\/fedai.az\/index.php?rest_route=\/wp\/v2\/posts"}],"about":[{"href":"https:\/\/fedai.az\/index.php?rest_route=\/wp\/v2\/types\/post"}],"author":[{"embeddable":true,"href":"https:\/\/fedai.az\/index.php?rest_route=\/wp\/v2\/users\/2"}],"replies":[{"embeddable":true,"href":"https:\/\/fedai.az\/index.php?rest_route=%2Fwp%2Fv2%2Fcomments&post=24670"}],"version-history":[{"count":1,"href":"https:\/\/fedai.az\/index.php?rest_route=\/wp\/v2\/posts\/24670\/revisions"}],"predecessor-version":[{"id":24672,"href":"https:\/\/fedai.az\/index.php?rest_route=\/wp\/v2\/posts\/24670\/revisions\/24672"}],"wp:featuredmedia":[{"embeddable":true,"href":"https:\/\/fedai.az\/index.php?rest_route=\/wp\/v2\/media\/24671"}],"wp:attachment":[{"href":"https:\/\/fedai.az\/index.php?rest_route=%2Fwp%2Fv2%2Fmedia&parent=24670"}],"wp:term":[{"taxonomy":"category","embeddable":true,"href":"https:\/\/fedai.az\/index.php?rest_route=%2Fwp%2Fv2%2Fcategories&post=24670"},{"taxonomy":"post_tag","embeddable":true,"href":"https:\/\/fedai.az\/index.php?rest_route=%2Fwp%2Fv2%2Ftags&post=24670"}],"curies":[{"name":"wp","href":"https:\/\/api.w.org\/{rel}","templated":true}]}}