{"id":24673,"date":"2020-12-28T01:30:17","date_gmt":"2020-12-27T21:30:17","guid":{"rendered":"https:\/\/fedai.az\/?p=24673"},"modified":"2020-12-28T01:30:19","modified_gmt":"2020-12-27T21:30:19","slug":"maksim-sevcenko-az%c9%99rbaycanla-bagli-film-hazirladi-video","status":"publish","type":"post","link":"https:\/\/fedai.az\/?p=24673","title":{"rendered":"Maksim \u015eev\u00e7enko Az\u0259rbaycanla ba\u011fl\u0131 film haz\u0131rlad\u0131 \u2013 V\u0130DEO"},"content":{"rendered":"\n<p><strong>Rusiyal\u0131 siyas\u0259t\u00e7i, jurnalist, televiziya apar\u0131c\u0131s\u0131 v\u0259 ictimai xadim Maksim \u015eev\u00e7enko Az\u0259rbaycana s\u0259f\u0259ri zaman\u0131 \u201cRuslar Az\u0259rbaycanda nec\u0259 ya\u015fay\u0131r? \u201d adl\u0131 s\u0259n\u0259dli film haz\u0131rlay\u0131b.<\/strong><\/p>\n\n\n\n<p>Fedai.az <strong><a href=\"https:\/\/nocomment.az\/\" target=\"_blank\" rel=\"noreferrer noopener\">NOCOMMENT.az<\/a><\/strong>-a istinad\u0259n\u00a0x\u0259b\u0259r verir ki, bu g\u00fcnl\u0259rd\u0259 Az\u0259rbaycanda s\u0259f\u0259rd\u0259 olan M. \u015eev\u00e7enko ruslar\u0131n ya\u015fad\u0131\u011f\u0131 \u0130vanovka k\u0259ndind\u0259 d\u0259 olub. Ordak\u0131 rus v\u0259t\u0259nda\u015flarla dan\u0131\u015fan, dolan\u0131\u015f\u0131qlar\u0131, maddi durumlar\u0131, onlara yerli \u0259hali v\u0259 r\u0259hb\u0259rlik t\u0259r\u0259find\u0259n olan m\u00fcnasib\u0259tl\u0259 maraqlanan \u015eev\u00e7enko eyni zamanda m\u00fcsahibl\u0259rinin t\u0259qdimat\u0131nda bir \u00e7ox reall\u0131qlar\u0131 tama\u015fa\u00e7\u0131lara \u00e7atd\u0131r\u0131b.<\/p>\n\n\n\n<p>Qeyd ed\u0259k ki, M.\u015eev\u00e7enko dekabr\u0131n 15-d\u0259 G\u0259nc\u0259y\u0259 s\u0259f\u0259r edib. M. \u015eev\u00e7enko c\u0259bh\u0259 zonas\u0131ndan k\u0259narda yerl\u0259\u015f\u0259n, Az\u0259rbaycan\u0131n ikinci b\u00f6y\u00fck \u015f\u0259h\u0259ri G\u0259nc\u0259nin m\u0259rk\u0259zi hiss\u0259sind\u0259 Erm\u0259nistan silahl\u0131 q\u00fcvv\u0259l\u0259rinin raket atd\u0131\u011f\u0131 \u0259razil\u0259r\u0259 ba\u015f \u00e7\u0259kib.<\/p>\n\n\n\n<figure class=\"wp-block-embed is-type-video is-provider-youtube wp-block-embed-youtube wp-embed-aspect-16-9 wp-has-aspect-ratio\"><div class=\"wp-block-embed__wrapper\">\n<iframe loading=\"lazy\" title=\"\u041a\u0430\u043a \u0440\u0443\u0441\u0441\u043a\u0438\u0435 \u0436\u0438\u0432\u0443\u0442 \u0432 \u0410\u0437\u0435\u0440\u0431\u0430\u0439\u0434\u0436\u0430\u043d\u0435 \u0438 \u043f\u043e\u0447\u0435\u043c\u0443 \u0432 \u0420\u043e\u0441\u0441\u0438\u0438 \u043d\u0435 \u0442\u0430\u043a?\" width=\"715\" height=\"402\" src=\"https:\/\/www.youtube.com\/embed\/gP7hIQNE1e4?feature=oembed\" frameborder=\"0\" allow=\"accelerometer; autoplay; clipboard-write; encrypted-media; gyroscope; picture-in-picture\" allowfullscreen><\/iframe>\n<\/div><\/figure>\n","protected":false},"excerpt":{"rendered":"<p>Rusiyal\u0131 siyas\u0259t\u00e7i, jurnalist, televiziya apar\u0131c\u0131s\u0131 v\u0259 ictimai xadim Maksim \u015eev\u00e7enko Az\u0259rbaycana s\u0259f\u0259ri zaman\u0131 \u201cRuslar Az\u0259rbaycanda nec\u0259 ya\u015fay\u0131r? \u201d adl\u0131 s\u0259n\u0259dli film haz\u0131rlay\u0131b. Fedai.az NOCOMMENT.az-a<\/p>\n","protected":false},"author":2,"featured_media":24674,"comment_status":"closed","ping_status":"closed","sticky":false,"template":"","format":"standard","meta":{"footnotes":""},"categories":[3],"tags":[],"class_list":["post-24673","post","type-post","status-publish","format-standard","has-post-thumbnail","hentry","category-gundm"],"aioseo_notices":[],"_links":{"self":[{"href":"https:\/\/fedai.az\/index.php?rest_route=\/wp\/v2\/posts\/24673","targetHints":{"allow":["GET"]}}],"collection":[{"href":"https:\/\/fedai.az\/index.php?rest_route=\/wp\/v2\/posts"}],"about":[{"href":"https:\/\/fedai.az\/index.php?rest_route=\/wp\/v2\/types\/post"}],"author":[{"embeddable":true,"href":"https:\/\/fedai.az\/index.php?rest_route=\/wp\/v2\/users\/2"}],"replies":[{"embeddable":true,"href":"https:\/\/fedai.az\/index.php?rest_route=%2Fwp%2Fv2%2Fcomments&post=24673"}],"version-history":[{"count":1,"href":"https:\/\/fedai.az\/index.php?rest_route=\/wp\/v2\/posts\/24673\/revisions"}],"predecessor-version":[{"id":24675,"href":"https:\/\/fedai.az\/index.php?rest_route=\/wp\/v2\/posts\/24673\/revisions\/24675"}],"wp:featuredmedia":[{"embeddable":true,"href":"https:\/\/fedai.az\/index.php?rest_route=\/wp\/v2\/media\/24674"}],"wp:attachment":[{"href":"https:\/\/fedai.az\/index.php?rest_route=%2Fwp%2Fv2%2Fmedia&parent=24673"}],"wp:term":[{"taxonomy":"category","embeddable":true,"href":"https:\/\/fedai.az\/index.php?rest_route=%2Fwp%2Fv2%2Fcategories&post=24673"},{"taxonomy":"post_tag","embeddable":true,"href":"https:\/\/fedai.az\/index.php?rest_route=%2Fwp%2Fv2%2Ftags&post=24673"}],"curies":[{"name":"wp","href":"https:\/\/api.w.org\/{rel}","templated":true}]}}