{"id":24676,"date":"2020-12-28T01:51:00","date_gmt":"2020-12-27T21:51:00","guid":{"rendered":"https:\/\/fedai.az\/?p=24676"},"modified":"2020-12-28T01:51:02","modified_gmt":"2020-12-27T21:51:02","slug":"atalarin-izi-il%c9%99-ged%c9%99n-igidl%c9%99rimiz-qarayev-as%c9%99f-%c9%99nv%c9%99r-oglu","status":"publish","type":"post","link":"https:\/\/fedai.az\/?p=24676","title":{"rendered":"Atalar\u0131n izi il\u0259 ged\u0259n igidl\u0259rimiz: Qarayev As\u0259f \u018fnv\u0259r o\u011flu"},"content":{"rendered":"\n<p><strong>Bu g\u00fcn AVMV\u0130B Z\u0259ngilan rayon \u015f\u00f6b\u0259sinin s\u0259dri Azad Musayev, s\u0259dr m\u00fcavini Zakif Abbasov v\u0259 \u00fczvl\u0259rimiz Nur\u0259ddin Quliyev, H\u00fcseyn Ba\u011f\u0131rov V\u0259t\u0259n m\u00fcharib\u0259sind\u0259 \u015eu\u015fa u\u011frunda ged\u0259n d\u00f6y\u00fc\u015fd\u0259 \u00fcz nahiy\u0259sind\u0259n v\u0259 aya\u011f\u0131ndan a\u011f\u0131r q\u0259lp\u0259 yaras\u0131 alan, hospitalda m\u00fcalic\u0259 ald\u0131qdan sonra m\u0259zuniyy\u0259td\u0259 burax\u0131lan Nax\u00e7\u0131van XTQ-nin mayoru Qarayev As\u0259f \u018fnv\u0259r o\u011flunu ziyar\u0259t etdik. <\/strong><\/p>\n\n\n\n<p>G\u00f6r\u00fc\u015fd\u0259 qazimiz ke\u00e7diyi d\u00f6y\u00fc\u015f yolundan s\u00f6hb\u0259t a\u00e7d\u0131. <\/p>\n\n\n\n<p>Sonra AVMV\u0130B s\u0259dri F\u00fczuli Rzaquliyevin \u0259mri il\u0259 imzalanm\u0131\u015f &#171;M\u00fcharib\u0259 Veteran\u0131&#187; Xatir\u0259 medal\u0131n\u0131 v\u0259 Birliyin \u00fczvl\u00fck v\u0259siq\u0259sini As\u0259f Qarayev\u0259 t\u0259qdim etdik.<\/p>\n\n\n\n<figure class=\"wp-block-gallery columns-2 is-cropped wp-block-gallery-1 is-layout-flex wp-block-gallery-is-layout-flex\"><ul class=\"blocks-gallery-grid\"><li class=\"blocks-gallery-item\"><figure><img loading=\"lazy\" decoding=\"async\" width=\"665\" height=\"960\" src=\"https:\/\/fedai.az\/wp-content\/uploads\/2020\/12\/133839082_3789410537787550_5177690556046622893_n.jpg\" alt=\"\" data-id=\"24677\" data-link=\"https:\/\/fedai.az\/?attachment_id=24677\" class=\"wp-image-24677\" srcset=\"https:\/\/fedai.az\/wp-content\/uploads\/2020\/12\/133839082_3789410537787550_5177690556046622893_n.jpg 665w, https:\/\/fedai.az\/wp-content\/uploads\/2020\/12\/133839082_3789410537787550_5177690556046622893_n-208x300.jpg 208w, https:\/\/fedai.az\/wp-content\/uploads\/2020\/12\/133839082_3789410537787550_5177690556046622893_n-104x150.jpg 104w\" sizes=\"auto, (max-width: 665px) 100vw, 665px\" \/><\/figure><\/li><li class=\"blocks-gallery-item\"><figure><img loading=\"lazy\" decoding=\"async\" width=\"306\" height=\"826\" src=\"https:\/\/fedai.az\/wp-content\/uploads\/2020\/12\/133809406_3789410687787535_1194809912007816727_n.jpg\" alt=\"\" data-id=\"24678\" data-full-url=\"https:\/\/fedai.az\/wp-content\/uploads\/2020\/12\/133809406_3789410687787535_1194809912007816727_n.jpg\" data-link=\"https:\/\/fedai.az\/?attachment_id=24678\" class=\"wp-image-24678\" srcset=\"https:\/\/fedai.az\/wp-content\/uploads\/2020\/12\/133809406_3789410687787535_1194809912007816727_n.jpg 306w, https:\/\/fedai.az\/wp-content\/uploads\/2020\/12\/133809406_3789410687787535_1194809912007816727_n-111x300.jpg 111w, https:\/\/fedai.az\/wp-content\/uploads\/2020\/12\/133809406_3789410687787535_1194809912007816727_n-56x150.jpg 56w\" sizes=\"auto, (max-width: 306px) 100vw, 306px\" \/><\/figure><\/li><\/ul><\/figure>\n\n\n\n<p>\u0130n\u015fallah As\u0259f m\u0259zuniyy\u0259tini qurtar\u0131b tezlikl\u0259 ordu s\u0131ralar\u0131nda xidm\u0259tini davam etdir\u0259c\u0259k.<\/p>\n\n\n\n<p>Qeyd ed\u0259k ki, As\u0259f Qarayevd\u00f6y\u00fc\u015fl\u0259rd\u0259 g\u00f6st\u0259rdiyi \u015f\u00fcca\u0259t\u0259 g\u00f6r\u0259 Prezident t\u0259r\u0259find\u0259n &#171;Az\u0259rbaycan Bayra\u011f\u0131&#187; Ordeni il\u0259 t\u0259ltif olunub. Qazimiz atas\u0131 m\u00fcharib\u0259 veteran\u0131, AVMV\u0130B Z\u0259ngilan rayon \u015f\u00f6b\u0259si s\u0259drinin m\u00fcavini \u018fnv\u0259r Qarayevin o\u011fludur.<\/p>\n\n\n\n<p>Qazimizi t\u0259brik edir, uzun \u00f6m\u00fcr v\u0259 can sa\u011fl\u0131\u011f\u0131 arzulay\u0131r\u0131q.<\/p>\n\n\n\n<p><strong>Azad Musayev<\/strong><\/p>\n\n\n\n<p><em><strong>AVMV\u0130B Z\u0259ngilan rayon \u015f\u00f6b\u0259sinin s\u0259dri <\/strong><\/em><\/p>\n\n\n\n<figure class=\"wp-block-gallery columns-1 is-cropped wp-block-gallery-2 is-layout-flex wp-block-gallery-is-layout-flex\"><ul class=\"blocks-gallery-grid\"><li class=\"blocks-gallery-item\"><figure><img loading=\"lazy\" decoding=\"async\" width=\"720\" height=\"960\" src=\"https:\/\/fedai.az\/wp-content\/uploads\/2020\/12\/133693390_3789410984454172_1955361020218457410_n.jpg\" alt=\"\" data-id=\"24679\" data-link=\"https:\/\/fedai.az\/?attachment_id=24679\" class=\"wp-image-24679\" srcset=\"https:\/\/fedai.az\/wp-content\/uploads\/2020\/12\/133693390_3789410984454172_1955361020218457410_n.jpg 720w, https:\/\/fedai.az\/wp-content\/uploads\/2020\/12\/133693390_3789410984454172_1955361020218457410_n-225x300.jpg 225w, https:\/\/fedai.az\/wp-content\/uploads\/2020\/12\/133693390_3789410984454172_1955361020218457410_n-113x150.jpg 113w\" sizes=\"auto, (max-width: 720px) 100vw, 720px\" \/><\/figure><\/li><\/ul><\/figure>\n","protected":false},"excerpt":{"rendered":"<p>Bu g\u00fcn AVMV\u0130B Z\u0259ngilan rayon \u015f\u00f6b\u0259sinin s\u0259dri Azad Musayev, s\u0259dr m\u00fcavini Zakif Abbasov v\u0259 \u00fczvl\u0259rimiz Nur\u0259ddin Quliyev, H\u00fcseyn Ba\u011f\u0131rov V\u0259t\u0259n m\u00fcharib\u0259sind\u0259 \u015eu\u015fa u\u011frunda ged\u0259n<\/p>\n","protected":false},"author":2,"featured_media":24681,"comment_status":"closed","ping_status":"closed","sticky":false,"template":"","format":"standard","meta":{"footnotes":""},"categories":[5],"tags":[],"class_list":["post-24676","post","type-post","status-publish","format-standard","has-post-thumbnail","hentry","category-veteran"],"aioseo_notices":[],"_links":{"self":[{"href":"https:\/\/fedai.az\/index.php?rest_route=\/wp\/v2\/posts\/24676","targetHints":{"allow":["GET"]}}],"collection":[{"href":"https:\/\/fedai.az\/index.php?rest_route=\/wp\/v2\/posts"}],"about":[{"href":"https:\/\/fedai.az\/index.php?rest_route=\/wp\/v2\/types\/post"}],"author":[{"embeddable":true,"href":"https:\/\/fedai.az\/index.php?rest_route=\/wp\/v2\/users\/2"}],"replies":[{"embeddable":true,"href":"https:\/\/fedai.az\/index.php?rest_route=%2Fwp%2Fv2%2Fcomments&post=24676"}],"version-history":[{"count":1,"href":"https:\/\/fedai.az\/index.php?rest_route=\/wp\/v2\/posts\/24676\/revisions"}],"predecessor-version":[{"id":24682,"href":"https:\/\/fedai.az\/index.php?rest_route=\/wp\/v2\/posts\/24676\/revisions\/24682"}],"wp:featuredmedia":[{"embeddable":true,"href":"https:\/\/fedai.az\/index.php?rest_route=\/wp\/v2\/media\/24681"}],"wp:attachment":[{"href":"https:\/\/fedai.az\/index.php?rest_route=%2Fwp%2Fv2%2Fmedia&parent=24676"}],"wp:term":[{"taxonomy":"category","embeddable":true,"href":"https:\/\/fedai.az\/index.php?rest_route=%2Fwp%2Fv2%2Fcategories&post=24676"},{"taxonomy":"post_tag","embeddable":true,"href":"https:\/\/fedai.az\/index.php?rest_route=%2Fwp%2Fv2%2Ftags&post=24676"}],"curies":[{"name":"wp","href":"https:\/\/api.w.org\/{rel}","templated":true}]}}