{"id":24683,"date":"2020-12-28T01:58:06","date_gmt":"2020-12-27T21:58:06","guid":{"rendered":"https:\/\/fedai.az\/?p=24683"},"modified":"2020-12-28T12:19:14","modified_gmt":"2020-12-28T08:19:14","slug":"atalarin-iz%c9%99-il%c9%99-ged%c9%99n-igidl%c9%99rimiz-nagiyev-ism%c9%99t-talib-oglu","status":"publish","type":"post","link":"https:\/\/fedai.az\/?p=24683","title":{"rendered":"Atalar\u0131n izi il\u0259 ged\u0259n igidl\u0259rimiz: Na\u011f\u0131yev \u0130sm\u0259t Tal\u0131b o\u011flu"},"content":{"rendered":"\n<p><strong>Qaraba\u011f Qazisi Na\u011f\u0131yev \u0130sm\u0259t Tal\u0131b o\u011flu.<\/strong><\/p>\n\n\n\n<p>Tovuz rayonu \u018fsrik-C\u0131rdaxan k\u0259ndind\u0259 anadan olub. Bu h\u0259min \u0130sm\u0259tdir ki, ilk \u00f6nc\u0259 onun \u015f\u0259hidlik x\u0259b\u0259ri h\u0259r birimii m\u0259yus etmi\u015fdi, sorada yas ma\u011far\u0131na \u0130sm\u0259tin \u00f6z\u00fcnd\u0259n z\u0259ng g\u0259ldi. \u015e\u00fck\u00fcr Allah\u0131 b\u00f6y\u00fckl\u00fcy\u00fcn\u0259. <\/p>\n\n\n\n<p>\u0130sm\u0259t son d\u00f6y\u00fc\u015fd\u0259 ag\u0131r yaralansa da, hal- haz\u0131rda m\u00fcalic\u0259si davam edir. Q\u0259hr\u0259man Qazimiz g\u00f6st\u0259rdiyi \u0130gidliy\u0259 g\u00f6r\u0259 &#171;V\u0259t\u0259n U\u011frunda &#171;v\u0259 &#171;C\u0259bray\u0131l\u0131n azad olunmas\u0131na g\u00f6r\u0259&#187; medal\u0131 il\u0259 t\u0259ltif olunub. S\u0259ninl\u0259 f\u0259xr edirik, \u0130sm\u0259t.<\/p>\n\n\n\n<p>Xat\u0131rlad\u0131m ki, \u0130sm\u0259tin atas\u0131 Tal\u0131b Na\u011f\u0131yev d\u0259 Qaraba\u011f Qazisidir. 1992 -1995-ci ill\u0259rd\u0259 Tovuz rayonunun m\u00fcdafi\u0259sind\u0259 q\u0259hr\u0259mancas\u0131na d\u00f6y\u00fc\u015f\u00fcb. Tal\u0131b Na\u011f\u0131yev Tovuz &#171;Boz qurd &#187; batalyonunun q\u0259hr\u0259man d\u00f6y\u00fc\u015f\u00e7\u00fcl\u0259rind\u0259ndir.\u0130sm\u0259tin bir qarda\u015f\u0131 Taleh \u0130brahimov da hal haz\u0131rda Ordumuzun s\u0131ralar\u0131nda V\u0259t\u0259nin m\u00fcdafi\u0259sind\u0259dir.<\/p>\n\n\n\n<p><strong>Allah s\u0259n\u0259 \u015f\u0259fa versin, \u0130sm\u0259t!<\/strong><\/p>\n\n\n\n<p><strong>Novruz F\u0259xr\u0259ddin o\u011flu<\/strong><\/p>\n\n\n\n<p><strong>AVMV\u0130B Tovuz rayon \u015f\u00f6b\u0259si<\/strong><\/p>\n\n\n\n<figure class=\"wp-block-image size-large\"><img loading=\"lazy\" decoding=\"async\" width=\"960\" height=\"952\" src=\"https:\/\/fedai.az\/wp-content\/uploads\/2020\/12\/133423257_840635203336527_1843121295119777790_n.jpg\" alt=\"\" class=\"wp-image-24689\" srcset=\"https:\/\/fedai.az\/wp-content\/uploads\/2020\/12\/133423257_840635203336527_1843121295119777790_n.jpg 960w, https:\/\/fedai.az\/wp-content\/uploads\/2020\/12\/133423257_840635203336527_1843121295119777790_n-300x298.jpg 300w, https:\/\/fedai.az\/wp-content\/uploads\/2020\/12\/133423257_840635203336527_1843121295119777790_n-150x150.jpg 150w, https:\/\/fedai.az\/wp-content\/uploads\/2020\/12\/133423257_840635203336527_1843121295119777790_n-768x762.jpg 768w\" sizes=\"auto, (max-width: 960px) 100vw, 960px\" \/><\/figure>\n","protected":false},"excerpt":{"rendered":"<p>Qaraba\u011f Qazisi Na\u011f\u0131yev \u0130sm\u0259t Tal\u0131b o\u011flu. Tovuz rayonu \u018fsrik-C\u0131rdaxan k\u0259ndind\u0259 anadan olub. Bu h\u0259min \u0130sm\u0259tdir ki, ilk \u00f6nc\u0259 onun \u015f\u0259hidlik x\u0259b\u0259ri h\u0259r birimii m\u0259yus<\/p>\n","protected":false},"author":2,"featured_media":24691,"comment_status":"closed","ping_status":"closed","sticky":false,"template":"","format":"standard","meta":{"footnotes":""},"categories":[5],"tags":[],"class_list":["post-24683","post","type-post","status-publish","format-standard","has-post-thumbnail","hentry","category-veteran"],"aioseo_notices":[],"_links":{"self":[{"href":"https:\/\/fedai.az\/index.php?rest_route=\/wp\/v2\/posts\/24683","targetHints":{"allow":["GET"]}}],"collection":[{"href":"https:\/\/fedai.az\/index.php?rest_route=\/wp\/v2\/posts"}],"about":[{"href":"https:\/\/fedai.az\/index.php?rest_route=\/wp\/v2\/types\/post"}],"author":[{"embeddable":true,"href":"https:\/\/fedai.az\/index.php?rest_route=\/wp\/v2\/users\/2"}],"replies":[{"embeddable":true,"href":"https:\/\/fedai.az\/index.php?rest_route=%2Fwp%2Fv2%2Fcomments&post=24683"}],"version-history":[{"count":3,"href":"https:\/\/fedai.az\/index.php?rest_route=\/wp\/v2\/posts\/24683\/revisions"}],"predecessor-version":[{"id":24715,"href":"https:\/\/fedai.az\/index.php?rest_route=\/wp\/v2\/posts\/24683\/revisions\/24715"}],"wp:featuredmedia":[{"embeddable":true,"href":"https:\/\/fedai.az\/index.php?rest_route=\/wp\/v2\/media\/24691"}],"wp:attachment":[{"href":"https:\/\/fedai.az\/index.php?rest_route=%2Fwp%2Fv2%2Fmedia&parent=24683"}],"wp:term":[{"taxonomy":"category","embeddable":true,"href":"https:\/\/fedai.az\/index.php?rest_route=%2Fwp%2Fv2%2Fcategories&post=24683"},{"taxonomy":"post_tag","embeddable":true,"href":"https:\/\/fedai.az\/index.php?rest_route=%2Fwp%2Fv2%2Ftags&post=24683"}],"curies":[{"name":"wp","href":"https:\/\/api.w.org\/{rel}","templated":true}]}}