{"id":24692,"date":"2020-12-28T02:50:16","date_gmt":"2020-12-27T22:50:16","guid":{"rendered":"https:\/\/fedai.az\/?p=24692"},"modified":"2020-12-28T10:57:13","modified_gmt":"2020-12-28T06:57:13","slug":"hadrutda-n%c9%99-bas-verir-rusiya-sulh-m%c9%99ramlilari-bolg%c9%99d%c9%99-terror-ocaqlari-yaratmaga-kokl%c9%99nib","status":"publish","type":"post","link":"https:\/\/fedai.az\/?p=24692","title":{"rendered":"Hadrutda n\u0259 ba\u015f verir? Rusiya s\u00fclh m\u0259raml\u0131lar\u0131 b\u00f6lg\u0259d\u0259 terror ocaqlar\u0131 yaratma\u011fa k\u00f6kl\u0259nib"},"content":{"rendered":"\n<p><strong>Hadrutda erm\u0259ni terror\u00e7ular\u0131 il\u0259 toqqu\u015fma ba\u015f verm\u0259si, n\u0259tic\u0259d\u0259 Az\u0259rbaycan h\u0259rb\u00e7isinin \u015f\u0259hid olmas\u0131 bar\u0259d\u0259 x\u0259b\u0259ri yay\u0131l\u0131b.<\/strong><\/p>\n\n\n\n<p><br>Bu bar\u0259d\u0259 Teleqramda m\u0259lumatlar yay\u0131l\u0131b. M\u0259lumata g\u00f6r\u0259, Hadrut istiqam\u0259tind\u0259 erm\u0259ni diversantlar\u0131n h\u00fccumu n\u0259tic\u0259sind\u0259 Beyl\u0259qan\u0131n Q\u0259hr\u0259manl\u0131 q\u0259s\u0259b\u0259 sakini, 1982-ci il t\u0259v\u0259ll\u00fcdl\u00fc \u00e7avu\u015f Q\u0259mb\u0259rov Elmir Rail o\u011flu \u015f\u0259hid olub.<\/p>\n\n\n\n<figure class=\"wp-block-image size-large is-resized\"><img loading=\"lazy\" decoding=\"async\" src=\"https:\/\/fedai.az\/wp-content\/uploads\/2020\/12\/herb7.jpg\" alt=\"\" class=\"wp-image-24693\" width=\"962\" height=\"962\" srcset=\"https:\/\/fedai.az\/wp-content\/uploads\/2020\/12\/herb7.jpg 550w, https:\/\/fedai.az\/wp-content\/uploads\/2020\/12\/herb7-300x300.jpg 300w, https:\/\/fedai.az\/wp-content\/uploads\/2020\/12\/herb7-150x150.jpg 150w, https:\/\/fedai.az\/wp-content\/uploads\/2020\/12\/herb7-215x215.jpg 215w\" sizes=\"auto, (max-width: 962px) 100vw, 962px\" \/><\/figure>\n\n\n\n<p>Teleqram kanallar\u0131nda yay\u0131lan m\u0259lumatlarda deyilir:<\/p>\n\n\n\n<p>&#8212; Haz\u0131rda Az\u0259rbaycan X\u00fcsusi T\u0259yinatl\u0131 Q\u00fcvv\u0259l\u0259ri b\u00f6lg\u0259d\u0259 anti-terror \u0259m\u0259liyyat\u0131 ke\u00e7irir;<\/p>\n\n\n\n<p>&#8212; Erm\u0259ni terror\u00e7ular\u0131ndan \u0259sir g\u00f6t\u00fcr\u00fcl\u0259nl\u0259r var, Ordumuzun \u015f\u0259hid verdiyi haqda da x\u0259b\u0259rl\u0259r yay\u0131l\u0131b;<\/p>\n\n\n\n<p>Terror\u00e7u qurumun \u201ct\u0259hl\u00fck\u0259sizlik \u015furas\u0131n\u0131n katibi\u201d Vitali Balasanyan\u0131n d\u00fcn\u0259n yayd\u0131\u011f\u0131 a\u00e7\u0131qlamada erm\u0259ni terror\u00e7ular\u0131n\u0131n h\u00fccumlar\u0131n\u0131n anonsu verilmi\u015fdi. H\u0259m\u00e7inin Pa\u015finyanla g\u00f6r\u00fc\u015fd\u0259 d\u0259 Qaraba\u011fdak\u0131 v\u0259ziyy\u0259t m\u00fczakir\u0259 edilib.<\/p>\n\n\n\n<p>A\u00e7\u0131qlanm\u0131\u015f bilgil\u0259r\u0259 g\u00f6r\u0259, \u201cBildirm\u0259k ist\u0259yir\u0259m ki, biz Hadrutu, \u018fsg\u0259ran\u0131 qaytaraca\u011f\u0131q\u201d, &#8212; Balasanyan demi\u015fdi. Bu a\u00e7\u0131qlamalardan bir g\u00fcn sonra Hadrutda edil\u0259n terror h\u00fccumu erm\u0259nil\u0259rin plan\u0131n\u0131n \u0259razini yenid\u0259n \u201cn\u0259zar\u0259t alt\u0131na almaq\u201d oldu\u011funu t\u0259sdiql\u0259yir.<\/p>\n\n\n\n<p>\u00d6t\u0259n d\u0259f\u0259 ke\u00e7iril\u0259n anti-terror \u0259m\u0259liyyat\u0131nda 160-a q\u0259d\u0259r erm\u0259ni terror\u00e7u \u0259sir g\u00f6t\u00fcr\u00fclm\u00fc\u015fd\u00fc. Qeyri r\u0259smi m\u0259nb\u0259l\u0259rd\u0259n al\u0131nan m\u0259lumatlara g\u00f6r\u0259, Az\u0259rbaycan t\u0259r\u0259find\u0259n 1 \u015f\u0259hid, 5 yaral\u0131 v\u0259 1 \u0259sir olmas\u0131 bildirilir. Qar\u015f\u0131 t\u0259r\u0259fd\u0259n is\u0259 6 n\u0259f\u0259r \u00f6ld\u00fcr\u00fclm\u0259si, 6 n\u0259f\u0259r is\u0259 \u0259sir g\u00f6t\u00fcr\u00fcld\u00fcy\u00fc deyilir. Deyil\u0259nl\u0259r\u0259 g\u00f6r\u0259, erm\u0259nil\u0259rin \u0259razid\u0259 qazd\u0131qlar\u0131 tunel vasit\u0259siyl\u0259 diversiya h\u00fccumu t\u0259\u015fkil edirl\u0259r, m\u0259lumatda antiterror \u0259m\u0259liyyat\u0131 ba\u015flad\u0131lmas\u0131 deyilir.<\/p>\n\n\n\n<p>Az\u0259rbaycan M\u00fcdafi\u0259 nazirliyi olayla ba\u011fl\u0131 he\u00e7 bir a\u00e7\u0131qlama verm\u0259yib. D\u00fc\u015fm\u0259n v\u0259 onun m\u00f6vcud oldu\u011fu \u0259razil\u0259r\u0259 n\u0259zar\u0259t g\u00fccl\u0259ndirilm\u0259lidir.<\/p>\n\n\n\n<p><strong>Elnur S\u0259lim<\/strong><\/p>\n","protected":false},"excerpt":{"rendered":"<p>Hadrutda erm\u0259ni terror\u00e7ular\u0131 il\u0259 toqqu\u015fma ba\u015f verm\u0259si, n\u0259tic\u0259d\u0259 Az\u0259rbaycan h\u0259rb\u00e7isinin \u015f\u0259hid olmas\u0131 bar\u0259d\u0259 x\u0259b\u0259ri yay\u0131l\u0131b. Bu bar\u0259d\u0259 Teleqramda m\u0259lumatlar yay\u0131l\u0131b. M\u0259lumata g\u00f6r\u0259, Hadrut istiqam\u0259tind\u0259<\/p>\n","protected":false},"author":2,"featured_media":24694,"comment_status":"closed","ping_status":"closed","sticky":false,"template":"","format":"standard","meta":{"footnotes":""},"categories":[4],"tags":[],"class_list":["post-24692","post","type-post","status-publish","format-standard","has-post-thumbnail","hentry","category-qarabag"],"aioseo_notices":[],"_links":{"self":[{"href":"https:\/\/fedai.az\/index.php?rest_route=\/wp\/v2\/posts\/24692","targetHints":{"allow":["GET"]}}],"collection":[{"href":"https:\/\/fedai.az\/index.php?rest_route=\/wp\/v2\/posts"}],"about":[{"href":"https:\/\/fedai.az\/index.php?rest_route=\/wp\/v2\/types\/post"}],"author":[{"embeddable":true,"href":"https:\/\/fedai.az\/index.php?rest_route=\/wp\/v2\/users\/2"}],"replies":[{"embeddable":true,"href":"https:\/\/fedai.az\/index.php?rest_route=%2Fwp%2Fv2%2Fcomments&post=24692"}],"version-history":[{"count":3,"href":"https:\/\/fedai.az\/index.php?rest_route=\/wp\/v2\/posts\/24692\/revisions"}],"predecessor-version":[{"id":24705,"href":"https:\/\/fedai.az\/index.php?rest_route=\/wp\/v2\/posts\/24692\/revisions\/24705"}],"wp:featuredmedia":[{"embeddable":true,"href":"https:\/\/fedai.az\/index.php?rest_route=\/wp\/v2\/media\/24694"}],"wp:attachment":[{"href":"https:\/\/fedai.az\/index.php?rest_route=%2Fwp%2Fv2%2Fmedia&parent=24692"}],"wp:term":[{"taxonomy":"category","embeddable":true,"href":"https:\/\/fedai.az\/index.php?rest_route=%2Fwp%2Fv2%2Fcategories&post=24692"},{"taxonomy":"post_tag","embeddable":true,"href":"https:\/\/fedai.az\/index.php?rest_route=%2Fwp%2Fv2%2Ftags&post=24692"}],"curies":[{"name":"wp","href":"https:\/\/api.w.org\/{rel}","templated":true}]}}