{"id":24701,"date":"2020-12-28T03:31:21","date_gmt":"2020-12-27T23:31:21","guid":{"rendered":"https:\/\/fedai.az\/?p=24701"},"modified":"2020-12-28T16:33:51","modified_gmt":"2020-12-28T12:33:51","slug":"anar-x%c9%99lilov-t%c9%99k-dovl%c9%99timizin-deyil-c%c9%99miyy%c9%99tin-d%c9%99-s%c9%99hid-v%c9%99-qzil%c9%99rimiz%c9%99-munasib%c9%99ti-on-planda-olmalidir","status":"publish","type":"post","link":"https:\/\/fedai.az\/?p=24701","title":{"rendered":"Anar X\u0259lilov: T\u0259k d\u00f6vl\u0259timizin deyil, c\u0259miyy\u0259tin d\u0259 \u015f\u0259hid v\u0259 qazil\u0259rimiz\u0259 m\u00fcnasib\u0259ti \u00f6n planda olmal\u0131d\u0131r"},"content":{"rendered":"\n<p><strong>\u201c\u00dcmummilli lider Heyd\u0259r \u018fliyev zaman\u0131nda Birinci Qaraba\u011f m\u00fcharib\u0259sind\u0259 \u015f\u0259hid olmu\u015f \u0259sg\u0259rl\u0259rimizin ail\u0259l\u0259rin\u0259 v\u0259 qazil\u0259rimiz\u0259 d\u00f6vl\u0259t qay\u011f\u0131s\u0131 daim diqq\u0259td\u0259 saxlan\u0131l\u0131b. \u00d6lk\u0259 ba\u015f\u00e7\u0131s\u0131 \u0130lham \u018fliyevin 17 illik prezidentliyi d\u00f6vr\u00fcnd\u0259 d\u0259 bu siyas\u0259t davam etdirilib\u201d.<\/strong><\/p>\n\n\n\n<p><strong>&nbsp;<\/strong><br><strong>Bunu \u201cSherg.az\u201da a\u00e7\u0131qlamas\u0131nda Prezident yan\u0131nda Qeyri-H\u00f6kum\u0259t T\u0259\u015fkilatlar\u0131na D\u00f6vl\u0259t D\u0259st\u0259yi \u015euras\u0131n\u0131n \u00fczv\u00fc, \u201cSa\u011flam \u0130nki\u015faf v\u0259 Maarifl\u0259ndirm\u0259 \u0130ctimai\u201d birliyinin s\u0259dri Anar X\u0259lilov deyib.<\/strong><\/p>\n\n\n\n<p><br><em>QHT r\u0259hb\u0259ri bildirib ki, \u00f6t\u0259n ill\u0259r \u0259rzind\u0259 \u015f\u0259hid ail\u0259l\u0259ri, qazil\u0259rimiz\u0259 d\u00f6vl\u0259tin maddi v\u0259 m\u0259n\u0259vi d\u0259st\u0259yi daha da art\u0131r\u0131l\u0131b:&nbsp;<\/em><\/p>\n\n\n\n<p><br>\u201cDem\u0259k olar ki, b\u00fct\u00fcn \u015f\u0259hid ail\u0259l\u0259ri evl\u0259 t\u0259min olunub, ayl\u0131q m\u00fcavin\u0259t t\u0259yin edil\u0259r\u0259k ail\u0259 \u00fczvl\u0259rin\u0259 verilib. Qazil\u0259rimiz ev, avtomobil, torpaq sah\u0259l\u0259ri, m\u00fcavin\u0259tl\u0259 t\u0259min olunub. \u015e\u0259hid ail\u0259l\u0259rinin \u00f6vladlar\u0131n\u0131n d\u00f6vl\u0259t hesab\u0131na t\u0259hsil almas\u0131na imkan yarad\u0131l\u0131b. 11 min manat bird\u0259f\u0259lik m\u00fcavin\u0259t \u015f\u0259hid ail\u0259l\u0259rin\u0259 \u00f6d\u0259nilib. Hesab edir\u0259m ki, 44 g\u00fcnl\u00fck V\u0259t\u0259n m\u00fcharib\u0259sinin i\u015ftirak\u00e7\u0131lar\u0131, \u015f\u0259hid v\u0259 qazil\u0259rimiz d\u0259 haz\u0131rda qanunvericilikd\u0259 n\u0259z\u0259rd\u0259 tutulan b\u00fct\u00fcn g\u00fcz\u0259\u015ftl\u0259rd\u0259n istifad\u0259 h\u00fcququndan yararlanacaq. Bundan \u0259lav\u0259 art\u0131q yeni t\u0259klifl\u0259r d\u0259 aidiyy\u0259ti orqanlar t\u0259r\u0259find\u0259n haz\u0131rlan\u0131r. Yax\u0131n g\u0259l\u0259c\u0259kd\u0259 bu qanunlar\u0131n t\u0259sdiqinin \u015fahidi olaca\u011f\u0131q. B\u00fct\u00fcn \u015f\u0259hid ail\u0259l\u0259ri v\u0259 qazil\u0259rimiz \u00fc\u00e7\u00fcn n\u0259z\u0259rd\u0259 tutulan m\u00fcavin\u0259t v\u0259 pensiyalar\u0131n miqdar\u0131 bir ne\u00e7\u0259 d\u0259f\u0259 art\u0131r\u0131lacaq. \u015e\u0259hid v\u0259 qazil\u0259rimizin \u00f6vladlar\u0131n\u0131n ali t\u0259hsil almas\u0131 v\u0259 d\u00f6vl\u0259t hesab\u0131na maliyy\u0259l\u0259\u015fm\u0259si istiqam\u0259tind\u0259 d\u0259 yenilikl\u0259r olacaq. Eyni zamanda \u015f\u0259hid ail\u0259l\u0259rinin v\u0259 qazil\u0259rimizin m\u0259nzil \u015f\u0259raitinin yax\u015f\u0131la\u015fd\u0131r\u0131lmas\u0131 il\u0259 ba\u011fl\u0131 d\u00f6vl\u0259t proqram\u0131nda d\u0259yi\u015fiklik edil\u0259c\u0259k\u201d.&nbsp;<\/p>\n\n\n\n<p><br><strong>A.X\u0259lilov vur\u011fulay\u0131b ki, t\u0259k d\u00f6vl\u0259timizin deyil, c\u0259miyy\u0259tin d\u0259 \u015f\u0259hid v\u0259 qzil\u0259rimiz\u0259 m\u00fcnasib\u0259ti \u00f6n planda olmal\u0131d\u0131r:&nbsp;<\/strong><\/p>\n\n\n\n<p>\u201c\u0130\u015f adamlar\u0131m\u0131z\u0131n n\u00fcmun\u0259vi add\u0131mlar\u0131n\u0131n \u015fahidi oluruq. Eyni zamanda b\u0259l\u0259diyy\u0259 orqanlar\u0131 da bu m\u0259s\u0259l\u0259d\u0259 \u00e7ox aktiv olmal\u0131d\u0131r. D\u00fcnya praktikas\u0131nda b\u0259l\u0259diyy\u0259l\u0259rin bu sah\u0259d\u0259 daha f\u0259al i\u015f apard\u0131\u011f\u0131 m\u0259lumdur. Prezident t\u0259r\u0259find\u0259n yarad\u0131lan YA\u015eAT Fondunun yarad\u0131lmas\u0131 da m\u00fcsb\u0259t add\u0131md\u0131r. Sahibkarlar, adi v\u0259t\u0259nda\u015flar\u0131m\u0131z h\u0259v\u0259sl\u0259 Fonda pul k\u00f6\u00e7\u00fcr\u00fcr. Art\u0131q Fond q\u0131sa zamanda \u015f\u0259hid ail\u0259l\u0259rinin probleml\u0259rinin h\u0259llin\u0259 ba\u015flay\u0131b. Bundan sonra da qay\u011f\u0131 v\u0259 diqq\u0259t siyas\u0259ti davam ed\u0259c\u0259k. Bu kateqoriyadan olan v\u0259t\u0259nda\u015flar\u0131m\u0131z\u0131n sosial rifah hal\u0131n\u0131n y\u00fcks\u0259ldilm\u0259si prioritet olaraq saxlan\u0131lacaq\u201d.<\/p>\n","protected":false},"excerpt":{"rendered":"<p>\u201c\u00dcmummilli lider Heyd\u0259r \u018fliyev zaman\u0131nda Birinci Qaraba\u011f m\u00fcharib\u0259sind\u0259 \u015f\u0259hid olmu\u015f \u0259sg\u0259rl\u0259rimizin ail\u0259l\u0259rin\u0259 v\u0259 qazil\u0259rimiz\u0259 d\u00f6vl\u0259t qay\u011f\u0131s\u0131 daim diqq\u0259td\u0259 saxlan\u0131l\u0131b. \u00d6lk\u0259 ba\u015f\u00e7\u0131s\u0131 \u0130lham \u018fliyevin 17<\/p>\n","protected":false},"author":2,"featured_media":24703,"comment_status":"closed","ping_status":"closed","sticky":false,"template":"","format":"standard","meta":{"footnotes":""},"categories":[3],"tags":[],"class_list":["post-24701","post","type-post","status-publish","format-standard","has-post-thumbnail","hentry","category-gundm"],"aioseo_notices":[],"_links":{"self":[{"href":"https:\/\/fedai.az\/index.php?rest_route=\/wp\/v2\/posts\/24701","targetHints":{"allow":["GET"]}}],"collection":[{"href":"https:\/\/fedai.az\/index.php?rest_route=\/wp\/v2\/posts"}],"about":[{"href":"https:\/\/fedai.az\/index.php?rest_route=\/wp\/v2\/types\/post"}],"author":[{"embeddable":true,"href":"https:\/\/fedai.az\/index.php?rest_route=\/wp\/v2\/users\/2"}],"replies":[{"embeddable":true,"href":"https:\/\/fedai.az\/index.php?rest_route=%2Fwp%2Fv2%2Fcomments&post=24701"}],"version-history":[{"count":2,"href":"https:\/\/fedai.az\/index.php?rest_route=\/wp\/v2\/posts\/24701\/revisions"}],"predecessor-version":[{"id":24723,"href":"https:\/\/fedai.az\/index.php?rest_route=\/wp\/v2\/posts\/24701\/revisions\/24723"}],"wp:featuredmedia":[{"embeddable":true,"href":"https:\/\/fedai.az\/index.php?rest_route=\/wp\/v2\/media\/24703"}],"wp:attachment":[{"href":"https:\/\/fedai.az\/index.php?rest_route=%2Fwp%2Fv2%2Fmedia&parent=24701"}],"wp:term":[{"taxonomy":"category","embeddable":true,"href":"https:\/\/fedai.az\/index.php?rest_route=%2Fwp%2Fv2%2Fcategories&post=24701"},{"taxonomy":"post_tag","embeddable":true,"href":"https:\/\/fedai.az\/index.php?rest_route=%2Fwp%2Fv2%2Ftags&post=24701"}],"curies":[{"name":"wp","href":"https:\/\/api.w.org\/{rel}","templated":true}]}}