{"id":24706,"date":"2020-12-28T11:14:27","date_gmt":"2020-12-28T07:14:27","guid":{"rendered":"https:\/\/fedai.az\/?p=24706"},"modified":"2020-12-28T11:14:28","modified_gmt":"2020-12-28T07:14:28","slug":"xocav%c9%99ndd%c9%99-az%c9%99rbaycan-ordusuna-hucum-edilib-s%c9%99hid-v%c9%99-yaralimiz-var-r%c9%99smi","status":"publish","type":"post","link":"https:\/\/fedai.az\/?p=24706","title":{"rendered":"Xocav\u0259ndd\u0259 Az\u0259rbaycan Ordusuna h\u00fccum edilib: \u015e\u0259hid v\u0259 yaral\u0131m\u0131z var &#8212; R\u018fSM\u0130"},"content":{"rendered":"\n<p><strong>Dekabr\u0131n 27-d\u0259 saat 15.30 rad\u0259l\u0259rind\u0259 Az\u0259rbaycan\u0131n Xocav\u0259nd rayonunun A\u011fdam (Akaku) k\u0259ndi istiqam\u0259tind\u0259 qanunsuz erm\u0259ni silahl\u0131 qrupu v\u0259 ya \u0259razid\u0259 qalm\u0131\u015f Erm\u0259nistan silahl\u0131 q\u00fcvv\u0259l\u0259rinin qal\u0131qlar\u0131ndan ibar\u0259t 6 n\u0259f\u0259rlik d\u0259st\u0259 Az\u0259rbaycan Ordusunun b\u00f6lm\u0259l\u0259rin\u0259 h\u00fccum edib.<\/strong><\/p>\n\n\n\n<p><br>Bu bar\u0259d\u0259 Az\u0259rbaycan M\u00fcdafi\u0259 Nazirliyind\u0259n m\u0259lumat verilib.<\/p>\n\n\n\n<p><br>&#171;N\u0259tic\u0259d\u0259 bir n\u0259f\u0259r h\u0259rbi qulluq\u00e7umuz, \u0259sg\u0259r Q\u0259nb\u0259rov Elmir Rayil o\u011flu \u015f\u0259hid olub, \u0259sg\u0259r \u018fliyev Emin S\u00fcleyman o\u011flu is\u0259 yaralan\u0131b. \u0130lkin tibbi yard\u0131m g\u00f6st\u0259rildikd\u0259n sonra yaral\u0131 h\u0259rbi qulluq\u00e7umuz tibb m\u00fc\u0259ssis\u0259sin\u0259 t\u0259xliy\u0259 edilib, h\u0259yat\u0131 \u00fc\u00e7\u00fcn he\u00e7 bir t\u0259hl\u00fck\u0259 yoxdur.<\/p>\n\n\n\n<p><br>G\u00f6r\u00fcl\u0259n t\u0259dbirl\u0259r n\u0259tic\u0259sind\u0259 qanunsuz erm\u0259ni h\u0259rbi d\u0259st\u0259sinin alt\u0131 \u00fczv\u00fc m\u0259hv edilib.\u00a0Bu kimi hal t\u0259krarlanarsa, Az\u0259rbaycan Ordusu t\u0259r\u0259find\u0259n q\u0259ti t\u0259dbirl\u0259r g\u00f6r\u00fcl\u0259c\u0259kdir&#187;, &#8212; nazirlikd\u0259n bildirilib.<br><\/p>\n\n\n\n<p>M\u00fcdafi\u0259 Nazirliyinin r\u0259hb\u0259rliyi \u015f\u0259hidin ail\u0259sin\u0259 d\u0259rin h\u00fcznl\u0259 ba\u015fsa\u011fl\u0131\u011f\u0131 verir v\u0259 s\u0259br dil\u0259yir.<\/p>\n\n\n\n<p><br><strong>Allah \u015f\u0259hidl\u0259rimiz\u0259 r\u0259hm\u0259t el\u0259sin!<\/strong><\/p>\n","protected":false},"excerpt":{"rendered":"<p>Dekabr\u0131n 27-d\u0259 saat 15.30 rad\u0259l\u0259rind\u0259 Az\u0259rbaycan\u0131n Xocav\u0259nd rayonunun A\u011fdam (Akaku) k\u0259ndi istiqam\u0259tind\u0259 qanunsuz erm\u0259ni silahl\u0131 qrupu v\u0259 ya \u0259razid\u0259 qalm\u0131\u015f Erm\u0259nistan silahl\u0131 q\u00fcvv\u0259l\u0259rinin qal\u0131qlar\u0131ndan<\/p>\n","protected":false},"author":2,"featured_media":24707,"comment_status":"closed","ping_status":"closed","sticky":false,"template":"","format":"standard","meta":{"footnotes":""},"categories":[4],"tags":[],"class_list":["post-24706","post","type-post","status-publish","format-standard","has-post-thumbnail","hentry","category-qarabag"],"aioseo_notices":[],"_links":{"self":[{"href":"https:\/\/fedai.az\/index.php?rest_route=\/wp\/v2\/posts\/24706","targetHints":{"allow":["GET"]}}],"collection":[{"href":"https:\/\/fedai.az\/index.php?rest_route=\/wp\/v2\/posts"}],"about":[{"href":"https:\/\/fedai.az\/index.php?rest_route=\/wp\/v2\/types\/post"}],"author":[{"embeddable":true,"href":"https:\/\/fedai.az\/index.php?rest_route=\/wp\/v2\/users\/2"}],"replies":[{"embeddable":true,"href":"https:\/\/fedai.az\/index.php?rest_route=%2Fwp%2Fv2%2Fcomments&post=24706"}],"version-history":[{"count":1,"href":"https:\/\/fedai.az\/index.php?rest_route=\/wp\/v2\/posts\/24706\/revisions"}],"predecessor-version":[{"id":24708,"href":"https:\/\/fedai.az\/index.php?rest_route=\/wp\/v2\/posts\/24706\/revisions\/24708"}],"wp:featuredmedia":[{"embeddable":true,"href":"https:\/\/fedai.az\/index.php?rest_route=\/wp\/v2\/media\/24707"}],"wp:attachment":[{"href":"https:\/\/fedai.az\/index.php?rest_route=%2Fwp%2Fv2%2Fmedia&parent=24706"}],"wp:term":[{"taxonomy":"category","embeddable":true,"href":"https:\/\/fedai.az\/index.php?rest_route=%2Fwp%2Fv2%2Fcategories&post=24706"},{"taxonomy":"post_tag","embeddable":true,"href":"https:\/\/fedai.az\/index.php?rest_route=%2Fwp%2Fv2%2Ftags&post=24706"}],"curies":[{"name":"wp","href":"https:\/\/api.w.org\/{rel}","templated":true}]}}