{"id":24712,"date":"2020-12-28T12:10:11","date_gmt":"2020-12-28T08:10:11","guid":{"rendered":"https:\/\/fedai.az\/?p=24712"},"modified":"2020-12-28T12:10:13","modified_gmt":"2020-12-28T08:10:13","slug":"g%c9%99l%c9%99n-il-ix-sinifl%c9%99r-uzr%c9%99-buraxilis-imtahanlari-yeni-qaydada-keciril%c9%99c%c9%99k","status":"publish","type":"post","link":"https:\/\/fedai.az\/?p=24712","title":{"rendered":"G\u0259l\u0259n il IX sinifl\u0259r \u00fczr\u0259 burax\u0131l\u0131\u015f imtahanlar\u0131 yeni qaydada ke\u00e7iril\u0259c\u0259k"},"content":{"rendered":"\n<p><strong>\u201cG\u0259l\u0259n il 9-cu sinifl\u0259r \u00fczr\u0259 burax\u0131l\u0131\u015f imtahanlar\u0131 yeni imtahan modeli \u0259sas\u0131nda bir m\u0259rh\u0259l\u0259d\u0259 h\u0259yata ke\u00e7iril\u0259c\u0259k\u201d.<\/strong><\/p>\n\n\n\n<p>Fedai.az\u00a0x\u0259b\u0259r verir ki, bunu D\u00f6vl\u0259t \u0130mtahan M\u0259rk\u0259zinin (D\u0130M) Direktorlar \u015euras\u0131n\u0131n s\u0259dri\u00a0M\u0259leyk\u0259 Abbaszad\u0259\u00a0deyib.<\/p>\n\n\n\n<p>D\u0130M s\u0259dri bildirib ki, yeni imtahan modelin\u0259 uy\u011fun olaraq imtahanda \u015fagirdl\u0259r\u0259 h\u0259m a\u00e7\u0131q, h\u0259m d\u0259 qapal\u0131 tipli tap\u015f\u0131r\u0131qlar t\u0259qdim olunacaq.<\/p>\n\n\n\n<p>M.Abbaszad\u0259 \u0259lav\u0259 edib ki, \u00fcmumi (9 illik) orta t\u0259hsil s\u0259viyy\u0259si \u00fczr\u0259 burax\u0131l\u0131\u015f imtahan\u0131 \u00fc\u00e7\u00fcn \u201cAbituriyent\u201d jurnal\u0131n\u0131n x\u00fcsusi burax\u0131l\u0131\u015f\u0131nda \u0421\u041eVID-19 pandemiyas\u0131 il\u0259 \u0259laq\u0259dar x\u00fcsusi karantin qaydalar\u0131n\u0131n t\u0259dris prosesin\u0259 bilavasit\u0259 t\u0259siri n\u0259z\u0259r\u0259 al\u0131naraq t\u0259rtib edilmi\u015f proqramlar\u0131 v\u0259 yeni tap\u015f\u0131r\u0131q modell\u0259rinin variantlar\u0131 t\u0259qdim olunub.<\/p>\n","protected":false},"excerpt":{"rendered":"<p>\u201cG\u0259l\u0259n il 9-cu sinifl\u0259r \u00fczr\u0259 burax\u0131l\u0131\u015f imtahanlar\u0131 yeni imtahan modeli \u0259sas\u0131nda bir m\u0259rh\u0259l\u0259d\u0259 h\u0259yata ke\u00e7iril\u0259c\u0259k\u201d. Fedai.az\u00a0x\u0259b\u0259r verir ki, bunu D\u00f6vl\u0259t \u0130mtahan M\u0259rk\u0259zinin (D\u0130M) Direktorlar<\/p>\n","protected":false},"author":2,"featured_media":24713,"comment_status":"closed","ping_status":"closed","sticky":false,"template":"","format":"standard","meta":{"footnotes":""},"categories":[8],"tags":[],"class_list":["post-24712","post","type-post","status-publish","format-standard","has-post-thumbnail","hentry","category-thsil"],"aioseo_notices":[],"_links":{"self":[{"href":"https:\/\/fedai.az\/index.php?rest_route=\/wp\/v2\/posts\/24712","targetHints":{"allow":["GET"]}}],"collection":[{"href":"https:\/\/fedai.az\/index.php?rest_route=\/wp\/v2\/posts"}],"about":[{"href":"https:\/\/fedai.az\/index.php?rest_route=\/wp\/v2\/types\/post"}],"author":[{"embeddable":true,"href":"https:\/\/fedai.az\/index.php?rest_route=\/wp\/v2\/users\/2"}],"replies":[{"embeddable":true,"href":"https:\/\/fedai.az\/index.php?rest_route=%2Fwp%2Fv2%2Fcomments&post=24712"}],"version-history":[{"count":1,"href":"https:\/\/fedai.az\/index.php?rest_route=\/wp\/v2\/posts\/24712\/revisions"}],"predecessor-version":[{"id":24714,"href":"https:\/\/fedai.az\/index.php?rest_route=\/wp\/v2\/posts\/24712\/revisions\/24714"}],"wp:featuredmedia":[{"embeddable":true,"href":"https:\/\/fedai.az\/index.php?rest_route=\/wp\/v2\/media\/24713"}],"wp:attachment":[{"href":"https:\/\/fedai.az\/index.php?rest_route=%2Fwp%2Fv2%2Fmedia&parent=24712"}],"wp:term":[{"taxonomy":"category","embeddable":true,"href":"https:\/\/fedai.az\/index.php?rest_route=%2Fwp%2Fv2%2Fcategories&post=24712"},{"taxonomy":"post_tag","embeddable":true,"href":"https:\/\/fedai.az\/index.php?rest_route=%2Fwp%2Fv2%2Ftags&post=24712"}],"curies":[{"name":"wp","href":"https:\/\/api.w.org\/{rel}","templated":true}]}}