{"id":24719,"date":"2020-12-28T14:39:11","date_gmt":"2020-12-28T10:39:11","guid":{"rendered":"https:\/\/fedai.az\/?p=24719"},"modified":"2020-12-28T14:39:14","modified_gmt":"2020-12-28T10:39:14","slug":"ramiz-mehdiyevl%c9%99-%c9%99li-h%c9%99s%c9%99nov-dedi-ki-erm%c9%99nil%c9%99r-s%c9%99nd%c9%99n-sikay%c9%99t-edir-xalq-artisti","status":"publish","type":"post","link":"https:\/\/fedai.az\/?p=24719","title":{"rendered":"\u201cRamiz Mehdiyevl\u0259 \u018fli H\u0259s\u0259nov dedi ki, erm\u0259nil\u0259r s\u0259nd\u0259n \u015fikay\u0259t edir&#8230;\u201c \u2014 Xalq artisti"},"content":{"rendered":"\n<p><strong>\u201cPrezident Az\u0259rbaycan xalq\u0131 \u00fc\u00e7\u00fcn el\u0259 bir tarix yaz\u0131b ki, bu mill\u0259t \u00f6m\u00fcr boyu ona minn\u0259tdar olacaq. M\u0259n v\u0259 m\u0259nim n\u0259slim d\u0259 o c\u00fcml\u0259d\u0259n. Allah raz\u0131 olsun \u0259sg\u0259rl\u0259rimizd\u0259n. \u0130nan\u0131n, m\u00fcharib\u0259 vaxt\u0131 qap\u0131 d\u00f6yd\u00fcm ki, qoyun m\u0259n d\u0259 gedim. Dedil\u0259r \u201cqoca ki\u015fis\u0259n, biab\u0131r el\u0259m\u0259 bizi\u201d. M\u0259n d\u0259 ill\u0259rdir ideoloji c\u0259bh\u0259d\u0259 vuru\u015furam\u201d.<\/strong><\/p>\n\n\n\n<p><strong>Fedai.az<\/strong>\u00a0&#171;Yenisabah&#187;a istinadla x\u0259b\u0259r verir ki, bu s\u00f6zl\u0259ri tan\u0131nm\u0131\u015f rejissor, Xalq artisti \u015eeyx \u018fbd\u00fcl Mahmudb\u0259yov deyib.<\/p>\n\n\n\n<p>S\u0259n\u0259t\u00e7i az\u0259rbaycanl\u0131 aliml\u0259rin, siyas\u0259t\u00e7il\u0259rin erm\u0259nil\u0259rin xisl\u0259tini a\u00e7mal\u0131 odu\u011funu bildirib:<\/p>\n\n\n\n<p>\u201c\u0130ll\u0259rdir yaz\u0131lar\u0131mda erm\u0259ni yalanlar\u0131 il\u0259 m\u00fcbariz\u0259 aparm\u0131\u015fam, televiziya verili\u015fl\u0259rim, filml\u0259rim buna s\u00fcbutdur. M\u0259nim 10-15 il \u0259vv\u0259l dedikl\u0259rimi indi deyirl\u0259r, he\u00e7 ad\u0131m\u0131 da \u00e7\u0259kmirl\u0259r. Yazd\u0131\u011f\u0131m materiallar\u0131 g\u00f6t\u00fcr\u00fcb, istinad da etmirl\u0259r. \u0130ndi niy\u0259 erm\u0259nil\u0259rin yalanlar\u0131n\u0131 g\u00f6st\u0259r\u0259n materiallar ortaya qoymurlar? D\u00fcnya dahil\u0259rinin erm\u0259nil\u0259r haqda dedikl\u0259rini niy\u0259 ictimail\u0259\u015fdirmirl\u0259r? Niy\u0259 bu hay tayfas\u0131n\u0131n xisl\u0259tini a\u00e7m\u0131rlar? \u201cHay\u201d s\u00f6z\u00fc bicl\u0259rd\u0259n t\u00f6r\u0259y\u0259n, zinadan t\u00f6r\u0259y\u0259n dem\u0259kdir. Onlar i\u015f\u011fal\u00e7\u0131, bandit \u00fcns\u00fcrl\u0259rdirl\u0259r, onun-bunun k\u00f6lg\u0259sind\u0259 ya\u015fay\u0131blar. Z\u0259ng\u0259zur, Qafan bizim \u0259razil\u0259rdir, tarixi faktlar var. Niy\u0259 bunlar deyilmir? Onlar \u00f6zl\u0259rin\u0259 yalan\u00e7\u0131 tarix d\u00fcz\u0259ldibl\u0259r v\u0259 b\u00fct\u00fcn d\u00fcnyan\u0131 aldada-aldada gedirl\u0259r. Sa\u011f olsun prezident ki, 44 g\u00fcnd\u0259 31 m\u00fcsahib\u0259si il\u0259 b\u00fct\u00fcn d\u00fcnyadak\u0131 yalan\u00e7\u0131 erm\u0259ni t\u0259bli\u011fat\u0131n\u0131 zibil\u0259 d\u00f6nd\u0259rdi, atd\u0131 zibil ye\u015fiyin\u0259, art\u0131q yoxdur. B\u0259s indi akademiya niy\u0259 bu i\u015fl\u0259 m\u0259\u015f\u011ful olmur? M\u0259n h\u0259mi\u015f\u0259 demi\u015f\u0259m ki, ideologiya, siyas\u0259tl\u0259 m\u0259\u015f\u011ful olan insanlar g\u0259r\u0259k 3-4 dil bilsin. Bunu bacarmayanlar\u0131n n\u0259 parlamentd\u0259, n\u0259 d\u0259 siyas\u0259td\u0259 i\u015fi yoxdur. Bizimkil\u0259r politologiya m\u0259\u015f\u011fuldurlar, amma dil bilmirl\u0259r. Bu erm\u0259niy\u0259 cavab verilm\u0259lidir, niy\u0259 bunu prezident t\u0259kba\u015f\u0131na etm\u0259lidir?\u201d.<\/p>\n","protected":false},"excerpt":{"rendered":"<p>\u201cPrezident Az\u0259rbaycan xalq\u0131 \u00fc\u00e7\u00fcn el\u0259 bir tarix yaz\u0131b ki, bu mill\u0259t \u00f6m\u00fcr boyu ona minn\u0259tdar olacaq. M\u0259n v\u0259 m\u0259nim n\u0259slim d\u0259 o c\u00fcml\u0259d\u0259n. Allah<\/p>\n","protected":false},"author":2,"featured_media":24720,"comment_status":"closed","ping_status":"closed","sticky":false,"template":"","format":"standard","meta":{"footnotes":""},"categories":[15],"tags":[],"class_list":["post-24719","post","type-post","status-publish","format-standard","has-post-thumbnail","hentry","category-atmaca"],"aioseo_notices":[],"_links":{"self":[{"href":"https:\/\/fedai.az\/index.php?rest_route=\/wp\/v2\/posts\/24719","targetHints":{"allow":["GET"]}}],"collection":[{"href":"https:\/\/fedai.az\/index.php?rest_route=\/wp\/v2\/posts"}],"about":[{"href":"https:\/\/fedai.az\/index.php?rest_route=\/wp\/v2\/types\/post"}],"author":[{"embeddable":true,"href":"https:\/\/fedai.az\/index.php?rest_route=\/wp\/v2\/users\/2"}],"replies":[{"embeddable":true,"href":"https:\/\/fedai.az\/index.php?rest_route=%2Fwp%2Fv2%2Fcomments&post=24719"}],"version-history":[{"count":1,"href":"https:\/\/fedai.az\/index.php?rest_route=\/wp\/v2\/posts\/24719\/revisions"}],"predecessor-version":[{"id":24721,"href":"https:\/\/fedai.az\/index.php?rest_route=\/wp\/v2\/posts\/24719\/revisions\/24721"}],"wp:featuredmedia":[{"embeddable":true,"href":"https:\/\/fedai.az\/index.php?rest_route=\/wp\/v2\/media\/24720"}],"wp:attachment":[{"href":"https:\/\/fedai.az\/index.php?rest_route=%2Fwp%2Fv2%2Fmedia&parent=24719"}],"wp:term":[{"taxonomy":"category","embeddable":true,"href":"https:\/\/fedai.az\/index.php?rest_route=%2Fwp%2Fv2%2Fcategories&post=24719"},{"taxonomy":"post_tag","embeddable":true,"href":"https:\/\/fedai.az\/index.php?rest_route=%2Fwp%2Fv2%2Ftags&post=24719"}],"curies":[{"name":"wp","href":"https:\/\/api.w.org\/{rel}","templated":true}]}}