{"id":24727,"date":"2020-12-28T18:13:55","date_gmt":"2020-12-28T14:13:55","guid":{"rendered":"https:\/\/fedai.az\/?p=24727"},"modified":"2020-12-28T18:13:56","modified_gmt":"2020-12-28T14:13:56","slug":"yanvarin-1-d%c9%99n-bu-h%c9%99rbcil%c9%99rin-ail%c9%99l%c9%99rin%c9%99-sosial-muavin%c9%99t-veril%c9%99c%c9%99k","status":"publish","type":"post","link":"https:\/\/fedai.az\/?p=24727","title":{"rendered":"Yanvar\u0131n 1-d\u0259n bu h\u0259rb\u00e7il\u0259rin ail\u0259l\u0259rin\u0259 sosial m\u00fcavin\u0259t veril\u0259c\u0259k"},"content":{"rendered":"\n<p><strong>Milli M\u0259clisin bu g\u00fcn ke\u00e7iril\u0259n plenar iclas\u0131nda &#171;Sosial m\u00fcavin\u0259tl\u0259r haqq\u0131nda\u201d qanuna d\u0259yi\u015fiklik layih\u0259si ikinci oxunu\u015fda m\u00fczakir\u0259y\u0259 \u00e7\u0131xar\u0131l\u0131b.<\/strong><\/p>\n\n\n\n<p><br>Qanuna t\u0259klif edil\u0259n d\u0259yi\u015fikliy\u0259 \u0259sas\u0259n, m\u00fcdd\u0259tli h\u0259qiqi h\u0259rbi xidm\u0259td\u0259 olan h\u0259rbi qulluq\u00e7ular\u0131n u\u015faqlar\u0131na da sosial m\u00fcavin\u0259t veril\u0259c\u0259k. H\u0259rbi qulluq\u00e7ular\u0131n u\u015faqlar\u0131na sosial m\u00fcavin\u0259t \u015f\u0259xs m\u00fcdd\u0259tli h\u0259qiqi h\u0259rbi xidm\u0259td\u0259 olduqda t\u0259yin olunacaq.<\/p>\n\n\n\n<p>Qanuna daha bir d\u0259yi\u015fiklikl\u0259 is\u0259 m\u00fcdd\u0259tli h\u0259qiqi h\u0259rbi xidm\u0259t h\u0259rbi qulluq\u00e7ular\u0131 h\u0259qiqi h\u0259rbi xidm\u0259td\u0259n ehtiyata burax\u0131ld\u0131qda v\u0259 ya v\u0259fat etdikd\u0259 m\u00fcavin\u0259tl\u0259rin \u00f6d\u0259ni\u015fi dayanacaq. Qanuna d\u0259yi\u015fiklik layih\u0259si 2021-ci ilin yanvar\u0131n 1-d\u0259n q\u00fcvv\u0259y\u0259 min\u0259c\u0259k.<\/p>\n\n\n\n<p><br>M\u00fczakir\u0259l\u0259rd\u0259n sonra qanun layih\u0259si s\u0259sverm\u0259y\u0259 \u00e7\u0131xar\u0131laraq II oxunu\u015fda q\u0259bul edilib.<\/p>\n\n\n\n<p><strong><strong><a href=\"http:\/\/www.anews.az\/\" target=\"_blank\" rel=\"noreferrer noopener\">www.anews.az<\/a><\/strong><\/strong><\/p>\n","protected":false},"excerpt":{"rendered":"<p>Milli M\u0259clisin bu g\u00fcn ke\u00e7iril\u0259n plenar iclas\u0131nda &#171;Sosial m\u00fcavin\u0259tl\u0259r haqq\u0131nda\u201d qanuna d\u0259yi\u015fiklik layih\u0259si ikinci oxunu\u015fda m\u00fczakir\u0259y\u0259 \u00e7\u0131xar\u0131l\u0131b. Qanuna t\u0259klif edil\u0259n d\u0259yi\u015fikliy\u0259 \u0259sas\u0259n, m\u00fcdd\u0259tli h\u0259qiqi<\/p>\n","protected":false},"author":2,"featured_media":24728,"comment_status":"closed","ping_status":"closed","sticky":false,"template":"","format":"standard","meta":{"footnotes":""},"categories":[12],"tags":[],"class_list":["post-24727","post","type-post","status-publish","format-standard","has-post-thumbnail","hentry","category-sosial"],"aioseo_notices":[],"_links":{"self":[{"href":"https:\/\/fedai.az\/index.php?rest_route=\/wp\/v2\/posts\/24727","targetHints":{"allow":["GET"]}}],"collection":[{"href":"https:\/\/fedai.az\/index.php?rest_route=\/wp\/v2\/posts"}],"about":[{"href":"https:\/\/fedai.az\/index.php?rest_route=\/wp\/v2\/types\/post"}],"author":[{"embeddable":true,"href":"https:\/\/fedai.az\/index.php?rest_route=\/wp\/v2\/users\/2"}],"replies":[{"embeddable":true,"href":"https:\/\/fedai.az\/index.php?rest_route=%2Fwp%2Fv2%2Fcomments&post=24727"}],"version-history":[{"count":1,"href":"https:\/\/fedai.az\/index.php?rest_route=\/wp\/v2\/posts\/24727\/revisions"}],"predecessor-version":[{"id":24729,"href":"https:\/\/fedai.az\/index.php?rest_route=\/wp\/v2\/posts\/24727\/revisions\/24729"}],"wp:featuredmedia":[{"embeddable":true,"href":"https:\/\/fedai.az\/index.php?rest_route=\/wp\/v2\/media\/24728"}],"wp:attachment":[{"href":"https:\/\/fedai.az\/index.php?rest_route=%2Fwp%2Fv2%2Fmedia&parent=24727"}],"wp:term":[{"taxonomy":"category","embeddable":true,"href":"https:\/\/fedai.az\/index.php?rest_route=%2Fwp%2Fv2%2Fcategories&post=24727"},{"taxonomy":"post_tag","embeddable":true,"href":"https:\/\/fedai.az\/index.php?rest_route=%2Fwp%2Fv2%2Ftags&post=24727"}],"curies":[{"name":"wp","href":"https:\/\/api.w.org\/{rel}","templated":true}]}}